{"id":132588,"date":"2026-03-06T19:13:39","date_gmt":"2026-03-06T19:13:39","guid":{"rendered":"https:\/\/www.mujerhoy.com\/moda\/no-te-pierdas\/reina-letizia-look-negro-pendientes-originales-concierto-victimas-terrorismo-20260306194809-nt.html"},"modified":"2026-03-06T19:13:39","modified_gmt":"2026-03-06T19:13:39","slug":"la-reina-letizia-guapisima-de-negro-y-con-unos-originales-pendientes-en-el-concierto-homenaje-a-las-victimas-del-terrorismo","status":"publish","type":"post","link":"http:\/\/hoycordobaweb.com\/index.php\/2026\/03\/06\/la-reina-letizia-guapisima-de-negro-y-con-unos-originales-pendientes-en-el-concierto-homenaje-a-las-victimas-del-terrorismo\/","title":{"rendered":"La reina Letizia, guap\u00edsima de negro y con unos originales pendientes en el concierto homenaje a las v\u00edctimas del terrorismo"},"content":{"rendered":"<p><!-- AUTHOR --><\/p>\n<div class=\"voc-author-timesocial \">\n<!-- AUTHOR --><\/p>\n<div class=\"voc-author-timesocial__signature \">\n<!-- IMAGE AUTHOR -->\n<picture class=\"voc-image-signature\">\n<img class=\"voc-image-signature__img\" src=\"http:\/\/hoycordobaweb.com\/wp-content\/uploads\/2026\/03\/la-reina-letizia-guapisima-de-negro-y-con-unos-originales-pendientes-en-el-concierto-homenaje-a-las-victimas-del-terrorismo.jpg\" alt=\"Raquel Rodr\u00edguez\">\n<\/picture>\n<!-- INFO AUTHOR --> <\/div><\/div>\n<p><!-- COMPONENTS --><\/p>\n<p class=\"voc-paragraph\">Los reyes Felipe y Letizia han cerrado la semana de trabajo asistiendo, un a\u00f1o m\u00e1s al concierto \u00abIn Memoriam\u00bb, organizado un por la Fundaci\u00f3n V\u00edctimas del Terrorismo. Con motivo del <strong>aniversario del atentado terrorista<\/strong> que tuvo lugar aquel fat\u00eddico 11 de marzo de 2004, ha tenido lugar este evento que recuerda a todos los afectados por el ataque que dej\u00f3 93 muertos y m\u00e1s de 2.000 heridos.<\/p>\n<p class=\"voc-paragraph\">Don Felipe y <a href=\"https:\/\/www.mujerhoy.com\/temas\/personajes\/reina-dona-letizia.html\" title=\"www.mujerhoy.com\" data-voc-vtm-id=\"in-text-traffic\" data-mrf-link=\"www.mujerhoy.com\">do\u00f1a Letizia <\/a>no han querido perderse este encuentro que se ha celebrado en el Auditorio Nacional de M\u00fasica y al que, como viene siendo habitual, la reina consorte ha elegido<strong> el negro como el color protagonista de su look<\/strong>. A modo de luto y en se\u00f1al de respeto, se ha decantado por un mono sencillo y elegante.<\/p>\n<div class=\"v-c-cmp v-c-cmp--t1 \">\n<div class=\"v-cmp-rld v-cmp-rld--2 \">\n<div class=\"v-cnt-m v-cnt-m--m\">\n<div class=\"v-cnt-m__c\">\n<div class=\"v-cnt-m__w v-cnt-m__w--1\">\n<p class=\"v-cnt-m__t\">\nTAMBI\u00c9N TE INTERESA\n<\/p>\n<\/div>\n<\/div>\n<\/div>\n<div class=\"v-g v-g--2-c v-g--bdr-min-xs\">\n<div class=\"v-g__c \">\n<article class=\"v-a v-a--cmp-rld v-a--cmp-rld-2 v-a--p-l\">\n<div class=\"v-a-img-c\">\n<figure class=\"v-a-fig\">\n<a href=\"https:\/\/www.mujerhoy.com\/celebrities\/realeza\/reina-letizia-relacion-estefania-luxemburgo-escaleras-palacio-real-20260306202223-nt.html#vtm_modulosEngag=mod-rel:moda:noticia:1:cmp:2-not\" class=\"v-a-link\" title=\"La reina Letizia y Estefan\u00eda de Luxemburgo en el Palacio Real: sinton\u00eda, regalos y unas escaleras interminables\"><br \/>\n<img loading=\"lazy\" class=\"v-a-img\" src=\"http:\/\/hoycordobaweb.com\/wp-content\/uploads\/2026\/03\/la-reina-letizia-guapisima-de-negro-y-con-unos-originales-pendientes-en-el-concierto-homenaje-a-las-victimas-del-terrorismo-1.jpg\" alt=\"La reina Letizia y Estefan\u00eda de Luxemburgo en el Palacio Real: sinton\u00eda, regalos y unas escaleras interminables\"><br \/>\n<\/a><br \/>\n<\/figure>\n<\/div>\n<\/article>\n<\/div>\n<div class=\"v-g__c \">\n<article class=\"v-a v-a--cmp-rld v-a--cmp-rld-2 v-a--p-l\">\n<div class=\"v-a-img-c\">\n<figure class=\"v-a-fig\">\n<a href=\"https:\/\/www.mujerhoy.com\/moda\/no-te-pierdas\/reina-letizia-look-arco-2026-vestido-verde-pendientes-esmeraldas-20260305114159-nt.html#vtm_modulosEngag=mod-rel:moda:noticia:2:cmp:2-not\" class=\"v-a-link\" title=\"El look m\u00e1s cl\u00e1sico de la reina Letizia para inaugurar ARCO: vestido verde de tweed y unos espectaculares pendientes de esmeraldas\"><br \/>\n<img loading=\"lazy\" class=\"v-a-img\" src=\"http:\/\/hoycordobaweb.com\/wp-content\/uploads\/2026\/03\/la-reina-letizia-guapisima-de-negro-y-con-unos-originales-pendientes-en-el-concierto-homenaje-a-las-victimas-del-terrorismo-2.jpg\" alt=\"El look m\u00e1s cl\u00e1sico de la reina Letizia para inaugurar ARCO: vestido verde de tweed y unos espectaculares pendientes de esmeraldas\"><br \/>\n<\/a><br \/>\n<\/figure>\n<\/div>\n<\/article>\n<\/div>\n<\/div>\n<\/div>\n<\/div>\n<p class=\"voc-paragraph\">Esta es una de las citas en las que la reina Letizia sabe acertar de lleno. El negro es el \u00fanico color elegido en todas las ediciones de este evento a las que ha asistido y ha demostrado que conoce a la perfecci\u00f3n c\u00f3mo encontrar el equilibrio en se\u00f1al de respeto y manteniendo siempre su <strong>habitual elegancia<\/strong>.<\/p>\n<p class=\"voc-paragraph\">Con<strong> sencillez y minmalismo<\/strong>, pero con detalles especiales que elevan un estilismo que requiere un punto m\u00e1s formal y de noche, la reina consorte ha hecho de esta ocasi\u00f3n una de las citas en las que mejor lo hace -estil\u00edsticamente hablando-. Y la 24\u00aa edici\u00f3n no pod\u00eda ser menos.<\/p>\n<p><h3 class=\"v-cmp-suh\">\nUn total look negro con prendas repetidas<br \/>\n<\/h3>\n<\/p>\n<div class=\"v-c-cmp \">\n<div class=\"v-cmp-m v-cmp-m--t1\">\n<article class=\"v-a v-a--cmp-m v-c-cmp--m-p\">\n<div class=\"v-a-img-c v-a-img-c--fw-xs\">\n<div class=\"v-a-fig\">\n<div class=\"v-a-link\">\n<img loading=\"lazy\" src=\"http:\/\/hoycordobaweb.com\/wp-content\/uploads\/2026\/03\/la-reina-letizia-guapisima-de-negro-y-con-unos-originales-pendientes-en-el-concierto-homenaje-a-las-victimas-del-terrorismo-3.jpg\" class=\"v-a-img\" width=\"650\" height=\"975\" alt data-voc-vtm-id=\"in-text-traffic\">\n<\/div><figcaption class=\"v-fc\">\n<span class=\"v-fc__p\"><br \/>\nlimited pictures<br \/>\n<\/span><br \/>\n<\/figcaption><\/div>\n<\/div>\n<\/article>\n<\/div>\n<\/div>\n<p class=\"voc-paragraph\">Como base del look, ha elegido unos <strong>pantalones de color negro de pernera ancha<\/strong>. Se trata de un modelo de talle alto que potencia de manera especial su silueta de reloj de arena y que define al completo su cintura. sin lugar a dudas, uno de los modelos m\u00e1s favorecedores de su armario.<\/p>\n<p class=\"voc-paragraph\">Para combinarlos, ha optado por rescatar una elegante blusa que ya le hemos visto en otras ocasiones. Se trata de una <strong>camisa cruzada, con detalles satinados <\/strong>y de escote en forma de pico que es de <strong>Sandro<\/strong>, una de las firmas francesa que m\u00e1s le gusta a do\u00f1a Letizia.<\/p>\n<div class=\"v-c-cmp v-c-cmp--s\">\n<div class=\"v-cmp-m \">\n<article class=\"v-a v-a--cmp-m v-c-cmp--m-z\">\n<div class=\"v-a-img-c \">\n<div class=\"v-a-fig\">\n<button class=\"v-a-link\" popovertarget=\"photo-549\"><br \/>\n<img loading=\"lazy\" src=\"http:\/\/hoycordobaweb.com\/wp-content\/uploads\/2026\/03\/la-reina-letizia-guapisima-de-negro-y-con-unos-originales-pendientes-en-el-concierto-homenaje-a-las-victimas-del-terrorismo-4.jpg\" class=\"v-a-img\" width=\"650\" height=\"650\" alt data-voc-vtm-id=\"in-text-traffic\"> <\/button><figcaption class=\"v-fc\">\n<span class=\"v-fc__p\"><br \/>\nlimitd pictures<br \/>\n<\/span><br \/>\n<\/figcaption><\/div>\n<\/div>\n<div id=\"photo-549\" popover class=\"v-mdl v-mdl--fw\">\n<button class=\"v-x\" popovertarget=\"photo-549\" popovertargetaction=\"hide\"><br \/>\n<span class=\"v-i\"><br \/>\n<svg width=\"24\" height=\"23.996\" viewBox=\"0 0 24 23.996\">\n<path data-name=\"Uni\u00f3n 29\" d=\"M12,14.03,2.031,24,0,21.963,9.968,12,0,2.033,2.031,0,12,9.966,21.969,0,24,2.033,14.032,12,24,21.963,21.969,24Z\" \/>\n<\/svg><br \/>\n<\/span><br \/>\n<\/button><\/p>\n<div class=\"v-mdl__c\">\n<div class=\"v-mdl__w\">\n<img loading=\"lazy\" src=\"http:\/\/hoycordobaweb.com\/wp-content\/uploads\/2026\/03\/la-reina-letizia-guapisima-de-negro-y-con-unos-originales-pendientes-en-el-concierto-homenaje-a-las-victimas-del-terrorismo-4.jpg\" class=\"v-mdl__img-z\" width=\"650\" height=\"650\" alt>\n<\/div>\n<\/div>\n<\/div>\n<p><span class=\"v-bdp\"><\/span><br \/>\n<\/article>\n<\/div>\n<\/div>\n<p class=\"voc-paragraph\">La estren\u00f3 en 2019 junto a una falda midi de cuadros y por aquel entonces se pod\u00eda comprar por 195 euros. En la actualidad, es un b\u00e1sico en su armario que ha reinterpretado ahora en versi\u00f3n mimimalista con un<strong> total look negro<\/strong>. S\u00ed, incluidos los accesorios.<\/p>\n<p class=\"voc-paragraph\">En los pies ha llevado los que son sus <strong>zapatos preferidos<\/strong>. Se trata de las merceditas de tac\u00f3n c\u00f3modo y efecto acharolado de <strong>S\u00e9zane<\/strong>, que tiene en varios colores y que se pone con absolutamente todo. Un calzado elegante que es acierto seguro para ella.<\/p>\n<p class=\"voc-paragraph\">Un bolso de mano tipo cartera pon\u00edan el punto final. Pero si hablamos de accesorios especiales, menci\u00f3n aparte se merecen los <strong>pendientes de Pdpaola <\/strong>que ha vuelto a lucir. Los estren\u00f3 en junio del a\u00f1o pasado, cuestan 350 euros y son unos aros asim\u00e9tricos elegantes con colgante de nudo fluido engastado con pav\u00e9 de circonitas que son perfectos para cualquier ocasi\u00f3n. \u00a1Preciosos!<\/p>\n<div class=\"v-c-cmp v-c-cmp--t1 \">\n<div class=\"v-cmp-rld v-cmp-rld--2 \">\n<div class=\"v-cnt-m v-cnt-m--m\">\n<div class=\"v-cnt-m__c\">\n<div class=\"v-cnt-m__w v-cnt-m__w--1\">\n<p class=\"v-cnt-m__t\">\nTAMBI\u00c9N TE INTERESA\n<\/p>\n<\/div>\n<\/div>\n<\/div>\n<div class=\"v-g v-g--2-c v-g--bdr-min-xs\">\n<div class=\"v-g__c \">\n<article class=\"v-a v-a--cmp-rld v-a--cmp-rld-2 v-a--p-l\">\n<div class=\"v-a-img-c\">\n<figure class=\"v-a-fig\">\n<a href=\"https:\/\/www.mujerhoy.com\/actualidad\/como-tener-brazos-torneados-reina-letizia-simbolo-poder-mejores-ejercicios-20260304113835-nt.html#vtm_modulosEngag=mod-rel:moda:noticia:1:cmp:2-not\" class=\"v-a-link\" title=\"Los brazos torneados como los de la reina Letizia, el nuevo s\u00edmbolo de estatus\"><br \/>\n<img loading=\"lazy\" class=\"v-a-img\" src=\"http:\/\/hoycordobaweb.com\/wp-content\/uploads\/2026\/03\/la-reina-letizia-guapisima-de-negro-y-con-unos-originales-pendientes-en-el-concierto-homenaje-a-las-victimas-del-terrorismo-5.jpg\" alt=\"Los brazos torneados como los de la reina Letizia, el nuevo s\u00edmbolo de estatus\"><br \/>\n<\/a><br \/>\n<\/figure>\n<\/div>\n<\/article>\n<\/div>\n<div class=\"v-g__c \">\n<article class=\"v-a v-a--cmp-rld v-a--cmp-rld-2 v-a--p-l\">\n<div class=\"v-a-img-c\">\n<figure class=\"v-a-fig\">\n<a href=\"https:\/\/www.mujerhoy.com\/celebrities\/realeza\/reina-letizia-muerte-fernando-onega-abrazo-sonsoles-20260304103557-nt.html#vtm_modulosEngag=mod-rel:moda:noticia:2:cmp:2-not\" class=\"v-a-link\" title=\"La reina Letizia no deja sola a Sonsoles \u00d3nega, tras la muerte de su padre: \u00abVengo a abrazar a mi amiga\u00bb\"><br \/>\n<img loading=\"lazy\" class=\"v-a-img\" src=\"http:\/\/hoycordobaweb.com\/wp-content\/uploads\/2026\/03\/la-reina-letizia-guapisima-de-negro-y-con-unos-originales-pendientes-en-el-concierto-homenaje-a-las-victimas-del-terrorismo-6.jpg\" alt=\"La reina Letizia no deja sola a Sonsoles \u00d3nega, tras la muerte de su padre: \u00abVengo a abrazar a mi amiga\u00bb\"><br \/>\n<\/a><br \/>\n<\/figure>\n<\/div>\n<\/article>\n<\/div>\n<\/div>\n<\/div>\n<\/div>\n<div class=\"media_block\"><\/div>\n","protected":false},"excerpt":{"rendered":"<p>Los reyes Felipe y Letizia han cerrado la semana de trabajo asistiendo, un a\u00f1o m\u00e1s al concierto \u00abIn Memoriam\u00bb, organizado un por la Fundaci\u00f3n V\u00edctimas del Terrorismo. Con motivo del aniversario del atentado terrorista que tuvo lugar aquel fat\u00eddico 11 de marzo de 2004, ha tenido lugar este evento que recuerda a todos los afectados [&hellip;]<\/p>\n","protected":false},"author":1,"featured_media":132589,"comment_status":"closed","ping_status":"closed","sticky":false,"template":"","format":"standard","meta":[],"categories":[],"tags":[],"_links":{"self":[{"href":"http:\/\/hoycordobaweb.com\/index.php\/wp-json\/wp\/v2\/posts\/132588"}],"collection":[{"href":"http:\/\/hoycordobaweb.com\/index.php\/wp-json\/wp\/v2\/posts"}],"about":[{"href":"http:\/\/hoycordobaweb.com\/index.php\/wp-json\/wp\/v2\/types\/post"}],"author":[{"embeddable":true,"href":"http:\/\/hoycordobaweb.com\/index.php\/wp-json\/wp\/v2\/users\/1"}],"replies":[{"embeddable":true,"href":"http:\/\/hoycordobaweb.com\/index.php\/wp-json\/wp\/v2\/comments?post=132588"}],"version-history":[{"count":0,"href":"http:\/\/hoycordobaweb.com\/index.php\/wp-json\/wp\/v2\/posts\/132588\/revisions"}],"wp:featuredmedia":[{"embeddable":true,"href":"http:\/\/hoycordobaweb.com\/index.php\/wp-json\/wp\/v2\/media\/132589"}],"wp:attachment":[{"href":"http:\/\/hoycordobaweb.com\/index.php\/wp-json\/wp\/v2\/media?parent=132588"}],"wp:term":[{"taxonomy":"category","embeddable":true,"href":"http:\/\/hoycordobaweb.com\/index.php\/wp-json\/wp\/v2\/categories?post=132588"},{"taxonomy":"post_tag","embeddable":true,"href":"http:\/\/hoycordobaweb.com\/index.php\/wp-json\/wp\/v2\/tags?post=132588"}],"curies":[{"name":"wp","href":"https:\/\/api.w.org\/{rel}","templated":true}]}}