{"id":13255,"date":"2021-02-20T17:25:02","date_gmt":"2021-02-20T17:25:02","guid":{"rendered":"http:\/\/ladecimaweb.com\/?p=8395"},"modified":"2021-02-20T17:25:02","modified_gmt":"2021-02-20T17:25:02","slug":"llaryora-brindo-con-agua-potable-en-la-ex-cooperativa-camoati","status":"publish","type":"post","link":"http:\/\/hoycordobaweb.com\/index.php\/2021\/02\/20\/llaryora-brindo-con-agua-potable-en-la-ex-cooperativa-camoati\/","title":{"rendered":"Llaryora brind\u00f3 con agua potable en la ex cooperativa Camoati"},"content":{"rendered":"<p><em>\u2022 A trav\u00e9s del programa \u201cM\u00e1s Agua, M\u00e1s Salud\u201d, la gesti\u00f3n del intendente Llaryora promueve la llegada de este vital servicio a los sectores m\u00e1s vulnerables de la ciudad. <\/em><em>\u2022 Los trabajos incluyeron la conexi\u00f3n domiciliaria.<\/em><\/p>\n<p><em>(Prensa municipal)<\/em> <strong>El intendente Mart\u00edn Llaryora inaugur\u00f3 el servicio de agua potable en la ex Cooperativa Camoat\u00ed, de Villa El Libertador,<\/strong> asentamiento donde viven <strong>86 familias.<\/strong><\/p>\n<p>Los trabajos consistieron en la <strong>colocaci\u00f3n de 805 metros de ca\u00f1er\u00eda de 75 mil\u00edmetros de di\u00e1metro,<\/strong> para lo cual se previeron dos empalmes a la red existente de agua. La obra completa demand\u00f3 una <strong>inversi\u00f3n superior a los $3 millones.<\/strong><\/p>\n<p>\u201cEstamos muy <strong>emocionados y contentos por haber cumplido con el compromiso<\/strong> que asumimos de traer el agua potable a los vecinos de Camoat\u00ed. En este hecho tan simb\u00f3lico, como es la apertura de una canilla, se expresa una mejora sustancial y definitiva de la calidad de vida de 86 familias de nuestra ciudad\u201d, manifest\u00f3 el intendente Mart\u00edn Llaryora.<\/p>\n<div class=\"ubm_banner\"><a href=\"https:\/\/www.cba.gov.ar\/programa-provincial-de-entrega-de-computadoras\/\" target=\"_blank\" rel=\"dofollow noopener noreferrer\"><img src=\"http:\/\/hoycordobaweb.com\/wp-content\/uploads\/2021\/02\/llaryora-brindo-con-agua-potable-en-la-ex-cooperativa-camoati.gif\" alt=\"\"><\/a><\/div>\n<p>La entrada <a rel=\"nofollow\" href=\"https:\/\/ladecimaweb.com\/llaryora-brindo-con-agua-potable-en-la-ex-cooperativa-camoati\/\">Llaryora brind\u00f3 con agua potable en la ex cooperativa Camoati<\/a> se public\u00f3 primero en <a rel=\"nofollow\" href=\"https:\/\/ladecimaweb.com\">LaDecima<\/a>.<\/p>\n","protected":false},"excerpt":{"rendered":"<p>\u2022 A trav\u00e9s del programa \u201cM\u00e1s Agua, M\u00e1s Salud\u201d, la gesti\u00f3n del intendente Llaryora promueve la llegada de este vital servicio a los sectores m\u00e1s vulnerables de la ciudad. \u2022 Los trabajos incluyeron la conexi\u00f3n domiciliaria. (Prensa municipal) El intendente Mart\u00edn Llaryora inaugur\u00f3 el servicio de agua potable en la ex Cooperativa Camoat\u00ed, de Villa [&hellip;]<\/p>\n","protected":false},"author":1,"featured_media":13256,"comment_status":"closed","ping_status":"closed","sticky":false,"template":"","format":"standard","meta":[],"categories":[19],"tags":[],"_links":{"self":[{"href":"http:\/\/hoycordobaweb.com\/index.php\/wp-json\/wp\/v2\/posts\/13255"}],"collection":[{"href":"http:\/\/hoycordobaweb.com\/index.php\/wp-json\/wp\/v2\/posts"}],"about":[{"href":"http:\/\/hoycordobaweb.com\/index.php\/wp-json\/wp\/v2\/types\/post"}],"author":[{"embeddable":true,"href":"http:\/\/hoycordobaweb.com\/index.php\/wp-json\/wp\/v2\/users\/1"}],"replies":[{"embeddable":true,"href":"http:\/\/hoycordobaweb.com\/index.php\/wp-json\/wp\/v2\/comments?post=13255"}],"version-history":[{"count":0,"href":"http:\/\/hoycordobaweb.com\/index.php\/wp-json\/wp\/v2\/posts\/13255\/revisions"}],"wp:featuredmedia":[{"embeddable":true,"href":"http:\/\/hoycordobaweb.com\/index.php\/wp-json\/wp\/v2\/media\/13256"}],"wp:attachment":[{"href":"http:\/\/hoycordobaweb.com\/index.php\/wp-json\/wp\/v2\/media?parent=13255"}],"wp:term":[{"taxonomy":"category","embeddable":true,"href":"http:\/\/hoycordobaweb.com\/index.php\/wp-json\/wp\/v2\/categories?post=13255"},{"taxonomy":"post_tag","embeddable":true,"href":"http:\/\/hoycordobaweb.com\/index.php\/wp-json\/wp\/v2\/tags?post=13255"}],"curies":[{"name":"wp","href":"https:\/\/api.w.org\/{rel}","templated":true}]}}