{"id":13168,"date":"2021-02-20T16:04:00","date_gmt":"2021-02-20T16:04:00","guid":{"rendered":"http:\/\/hoycordobaweb.com\/index.php\/2021\/02\/20\/marchas-y-contramarchas-en-el-inicio-de-clases-presenciales-en-america\/"},"modified":"2021-02-20T16:04:00","modified_gmt":"2021-02-20T16:04:00","slug":"marchas-y-contramarchas-en-el-inicio-de-clases-presenciales-en-america","status":"publish","type":"post","link":"http:\/\/hoycordobaweb.com\/index.php\/2021\/02\/20\/marchas-y-contramarchas-en-el-inicio-de-clases-presenciales-en-america\/","title":{"rendered":"Marchas y contramarchas en el inicio de clases presenciales en Am\u00e9rica"},"content":{"rendered":"<p><img src=\"http:\/\/hoycordobaweb.com\/wp-content\/uploads\/2021\/02\/marchas-y-contramarchas-en-el-inicio-de-clases-presenciales-en-america.jpg\"><\/p>\n<div class=\"image\" id=\"image\" readability=\"8\"> <img src=\"http:\/\/hoycordobaweb.com\/wp-content\/uploads\/2021\/02\/marchas-y-contramarchas-en-el-inicio-de-clases-presenciales-en-america-2.jpg\" alt=\"El inicio del ciclo lectivo en plena pandemia en algunos pa\u00edses de Am\u00e9rica revivi\u00f3 el debate sobre la modalidad de las clases.\" title=\"El inicio del ciclo lectivo en plena pandemia en algunos pa\u00edses de Am\u00e9rica revivi\u00f3 el debate sobre la modalidad de las clases.\"><\/p>\n<p>El inicio del ciclo lectivo en plena pandemia en algunos pa\u00edses de Am\u00e9rica revivi\u00f3 el debate sobre la modalidad de las clases.<\/p>\n<\/div>\n<p>El inicio del ciclo lectivo en plena pandemia en algunos pa\u00edses de Am\u00e9rica revivi\u00f3 el debate sobre la modalidad de las clases y suscit\u00f3 huelgas docentes contra la apertura de colegios, mientras que los casos de coronavirus siguen siendo altos y los gobiernos ensayan estrategias para continuar con la campa\u00f1a de vacunaci\u00f3n a pesar de la escasez de aplicaciones.<\/p>\n<p>Los docentes \u00bfesenciales?<\/p>\n<p>La discusi\u00f3n que gira en torno a la presencialidad, virtualidad o formato mixto de las clases suma ahora un nuevo punto que se vincula a las prioridades establecidas en los planes de vacunaci\u00f3n: los docentes piden ser reconocidos como trabajadores de primera l\u00ednea, pero, <strong>hasta ahora, la respuesta de los Gobiernos no fue inclusiva<\/strong>.<\/p>\n<p>Por ejemplo, en <strong>Estados Unidos<\/strong>, el pa\u00eds m\u00e1s afectado por la pandemia con casi 28 millones de casos y medio mill\u00f3n de muertes, el Gobierno de Joe Biden anunci\u00f3 que no ser\u00e1 un requisito vacunar a los docentes para que las instituciones educativas vuelvan a abrir.<\/p>\n<p>El mi\u00e9rcoles pasado, en medio de una protesta nacional del sindicato docente, el principal experto en enfermedades infecciosas de EEUU, Anthony Fauci, consider\u00f3 que las escuelas pueden abrirse de manera segura con el uso de equipos de protecci\u00f3n y otras medidas de mitigaci\u00f3n, como la integraci\u00f3n de grupos de alumnos m\u00e1s peque\u00f1os.<\/p>\n<blockquote readability=\"6\">\n<p>El principal experto en enfermedades infecciosas de EEUU consider\u00f3 que las escuelas pueden abrirse de manera segura con el uso de equipos de protecci\u00f3n<span class=\"comilla\">\u201d<\/span><\/p>\n<\/blockquote>\n<p>El argumento fue compartido por los republicanos, que abogan por la reapertura de las escuelas, citando el \u00e9xito de los colegios cat\u00f3licos y otros privados al reanudar la ense\u00f1anza presencial hace meses, sin embargo, el coordinador de respuesta de Covid, Jeff Zients, expres\u00f3 que \u00ablos maestros deben ser vacunados, como otros trabajadores de primera l\u00ednea\u00bb.<\/p>\n<p>Pero, en \u00faltima instancia, la decisi\u00f3n depende de los estados: 28 de ellos m\u00e1s el Distrito de Columbia actualmente permiten que algunos o todos sus maestros y el resto del personal escolar reciban las vacunas contra el coronavirus.<\/p>\n<p>El escenario de rechazo de los docentes al inicio de clases presenciales se repiti\u00f3 el mismo mi\u00e9rcoles en <strong>Chile<\/strong>, donde el Colegio de Profesores ratific\u00f3 su postura luego de la pol\u00e9mica declaraci\u00f3n del ministro de Econom\u00eda, Lucas Palacios, que los acusaba de no querer trabajar.<\/p>\n<div class=\"js-code\" readability=\"8.5016286644951\">\n<blockquote class=\"twitter-tweet\" readability=\"10.390879478827\">\n<p lang=\"es\" dir=\"ltr\">Jam\u00e1s pretend\u00ed hablar de todos los docentes, sino que responder al presidente del colegio de profesores, para que en vez de poner m\u00e1s trabas, pase a las soluciones y propuestas, pensando en los estudiantes y en disminuir las desigualdades educativas.<\/p>\n<p>\u2014 Lucas Palacios (@LucasPalaciosC) <a href=\"https:\/\/twitter.com\/LucasPalaciosC\/status\/1361686221492224004?ref_src=twsrc%5Etfw\">February 16, 2021<\/a><\/p><\/blockquote><\/div>\n<p>En el caso de Chile, que supera los 784.000 contagios y los 19.600 decesos, el anuncio oficial establece el comienzo escolar el 1 de marzo en formato mixto, con modalidad presencial y mecanismos de educaci\u00f3n a distancia.<\/p>\n<p>La vacunaci\u00f3n a los docentes comenz\u00f3 esta semana, pero los Municipios mantienen una mirada cr\u00edtica con respecto a las clases, porque si bien los maestros a\u00fan no est\u00e1n inmunizados, consideran que usan la negativa de volver como bandera pol\u00edtica.<\/p>\n<p>En cambio, los docentes argumentan que este retorno presencial pone en riesgo \u00abla vida y la salud de los estudiantes\u00bb.<\/p>\n<p>Los llamados a huelgas docentes y los acalorados debates sobre qu\u00e9 hacer con la educaci\u00f3n y la pandemia tambi\u00e9n se multiplicaron en <strong>Brasil<\/strong>, luego de que nueve escuelas de San Pablo, el estado m\u00e1s afectado por el coronavirus, debieran suspender sus clases por contagios a menos de diez d\u00edas de iniciado el ciclo lectivo.<\/p>\n<p>A principios de febrero, el Sindicato de Profesores de Educaci\u00f3n P\u00fablica contabiliz\u00f3 m\u00e1s de 300 casos entre maestros y trabajadores no docentes, por lo que declararon huelga contra las clases presenciales y defendieron un pedido de vacunaci\u00f3n prioritario.<\/p>\n<p>No obstante, para el secretario de Educaci\u00f3n de San Pablo, Rossielli Soares, los docentes deber\u00edan ser vacunados pero \u00abdebe haber prioridades porque no hay vacunas a\u00fan para todos\u00bb.<\/p>\n<p>Formalmente, 13 Estados iniciaron las clases presenciales con sistema online, luego del fracaso que signific\u00f3 el 2020 para los alumnos del sistema p\u00fablico, en el que casi el 40% no pudo acceder a los contenidos y las clases por falta de medios.<\/p>\n<blockquote readability=\"9\">\n<p>A principios de febrero, el Sindicato de Profesores de Educaci\u00f3n P\u00fablica de Brasil contabiliz\u00f3 m\u00e1s de 300 casos entre maestros y trabajadores no docentes, por lo que declararon huelga contra las clases presenciales<span class=\"comilla\">\u201d<\/span><\/p>\n<\/blockquote>\n<p>Esto tambi\u00e9n fue un llamado de atenci\u00f3n para los distintos Gobiernos, que decidieron este a\u00f1o invertir en nuevas tecnolog\u00edas y facilidades para la conectividad de los alumnos.<\/p>\n<p>En el estado nordestino Cear\u00e1, por ejemplo, solo alumnos del \u00faltimo a\u00f1o de escuelas secundarias tendr\u00e1n clases presenciales; en Bahia, las autoridades no quieren empezar hasta el 1 de marzo por \u00absentido com\u00fan\u00bb; mientras que en Amazonas todas las clases se iniciaron de manera virtual.<\/p>\n<p>En Brasilia, por ejemplo, un grupo de diputados nacionales cre\u00f3 un frente que prioriza a los docentes en la campa\u00f1a de inmunizaci\u00f3n y en R\u00edo de Janeiro los docentes iniciaron un paro que acordaron levantar si se implementa un formato virtual en vez del mixto que comenzar\u00eda el jueves 25.<\/p>\n<div class=\"image\" id=\"image\" readability=\"9\"> <img src=\"http:\/\/hoycordobaweb.com\/wp-content\/uploads\/2021\/02\/marchas-y-contramarchas-en-el-inicio-de-clases-presenciales-en-america-3.jpg\" alt=\"En Brasilia, un grupo de diputados nacionales cre\u00f3 un frente que prioriza a los docentes en la campa\u00f1a de inmunizaci\u00f3n.\" title=\"En Brasilia, un grupo de diputados nacionales cre\u00f3 un frente que prioriza a los docentes en la campa\u00f1a de inmunizaci\u00f3n.\"><\/p>\n<p>En Brasilia, un grupo de diputados nacionales cre\u00f3 un frente que prioriza a los docentes en la campa\u00f1a de inmunizaci\u00f3n.<\/p>\n<\/div>\n<p>La vuelta al aula en Europa y Asia<\/p>\n<p>Al igual que en Am\u00e9rica, el regreso a las clases tuvo distintos matices en Europa y Asia, con varias estrategias y modalidades que a\u00fan se condicionan por las variaciones en las tasas de contagios y muertes por Covid-19, incluso tras el inicio de las campa\u00f1as de vacunaci\u00f3n.<\/p>\n<p>En <strong>Italia<\/strong>, en tanto, el gobierno aplic\u00f3 un confinamiento a la par del retorno por etapas a clases presenciales; en <strong>Pa\u00edses Bajos<\/strong> el inicio fue virtual; en el <strong>Reino Unido<\/strong> el regreso, que ser\u00e1 el 8 de marzo, depender\u00e1 de los avances de la vacunaci\u00f3n, y en <strong>Alemania<\/strong> las clases presenciales est\u00e1n suspendidas desde el 16 de diciembre y los docentes se oponen a su regreso por temor a las nuevas variantes del virus.<\/p>\n<p>A su vez, <strong>Israel<\/strong>, que ya inmuniz\u00f3 a m\u00e1s del 45% de su poblaci\u00f3n con al menos una dosis, inici\u00f3 el jueves pasado el regreso a clases presenciales de manera escalonada, con guarder\u00edas y educaci\u00f3n primaria. <\/p>\n","protected":false},"excerpt":{"rendered":"<p>El inicio del ciclo lectivo en plena pandemia en algunos pa\u00edses de Am\u00e9rica revivi\u00f3 el debate sobre la modalidad de las clases. El inicio del ciclo lectivo en plena pandemia en algunos pa\u00edses de Am\u00e9rica revivi\u00f3 el debate sobre la modalidad de las clases y suscit\u00f3 huelgas docentes contra la apertura de colegios, mientras que [&hellip;]<\/p>\n","protected":false},"author":1,"featured_media":13169,"comment_status":"open","ping_status":"closed","sticky":false,"template":"","format":"standard","meta":[],"categories":[24],"tags":[],"_links":{"self":[{"href":"http:\/\/hoycordobaweb.com\/index.php\/wp-json\/wp\/v2\/posts\/13168"}],"collection":[{"href":"http:\/\/hoycordobaweb.com\/index.php\/wp-json\/wp\/v2\/posts"}],"about":[{"href":"http:\/\/hoycordobaweb.com\/index.php\/wp-json\/wp\/v2\/types\/post"}],"author":[{"embeddable":true,"href":"http:\/\/hoycordobaweb.com\/index.php\/wp-json\/wp\/v2\/users\/1"}],"replies":[{"embeddable":true,"href":"http:\/\/hoycordobaweb.com\/index.php\/wp-json\/wp\/v2\/comments?post=13168"}],"version-history":[{"count":0,"href":"http:\/\/hoycordobaweb.com\/index.php\/wp-json\/wp\/v2\/posts\/13168\/revisions"}],"wp:featuredmedia":[{"embeddable":true,"href":"http:\/\/hoycordobaweb.com\/index.php\/wp-json\/wp\/v2\/media\/13169"}],"wp:attachment":[{"href":"http:\/\/hoycordobaweb.com\/index.php\/wp-json\/wp\/v2\/media?parent=13168"}],"wp:term":[{"taxonomy":"category","embeddable":true,"href":"http:\/\/hoycordobaweb.com\/index.php\/wp-json\/wp\/v2\/categories?post=13168"},{"taxonomy":"post_tag","embeddable":true,"href":"http:\/\/hoycordobaweb.com\/index.php\/wp-json\/wp\/v2\/tags?post=13168"}],"curies":[{"name":"wp","href":"https:\/\/api.w.org\/{rel}","templated":true}]}}