{"id":1303,"date":"2020-09-08T20:05:00","date_gmt":"2020-09-08T20:05:00","guid":{"rendered":"https:\/\/www.perfil.com\/noticias\/politica\/lazaro-baez-defensa-ayres-de-pilar.phtml"},"modified":"2020-09-08T20:05:00","modified_gmt":"2020-09-08T20:05:00","slug":"la-defensa-de-lazaro-baez-insiste-en-llevarlo-a-ayres-de-pilar","status":"publish","type":"post","link":"http:\/\/hoycordobaweb.com\/index.php\/2020\/09\/08\/la-defensa-de-lazaro-baez-insiste-en-llevarlo-a-ayres-de-pilar\/","title":{"rendered":"La defensa de L\u00e1zaro B\u00e1ez insiste en llevarlo a Ayres de Pilar"},"content":{"rendered":"<p><img src=\"http:\/\/hoycordobaweb.com\/wp-content\/uploads\/2020\/09\/la-defensa-de-lazaro-baez-insiste-en-llevarlo-a-ayres-de-pilar.jpg\"><\/p>\n<div><img src=\"http:\/\/hoycordobaweb.com\/wp-content\/uploads\/2020\/09\/la-defensa-de-lazaro-baez-insiste-en-llevarlo-a-ayres-de-pilar-2.jpg\" class=\"ff-og-image-inserted\"><\/div>\n<aside class=\"relatedPost\">\n<h3>Noticias Relacionadas<\/h3>\n<\/aside>\n<p><strong>El futuro de <a target=\"_blank\" href=\"https:\/\/www.perfil.com\/noticias\/politica\/lazaro-baez-instala-pilar-vecinos-protestan.phtml\" rel=\"noopener noreferrer\">L\u00e1zaro B\u00e1ez <\/a>es por estas horas, a\u00fan incierto. <\/strong>Tras ser <strong>beneficiado con la prisi\u00f3n domiciliaria <\/strong>ayer y volver a la c\u00e1rcel a las pocas horas, luego de no poder ingresar a <strong><a target=\"_blank\" href=\"https:\/\/www.perfil.com\/noticias\/politica\/lazaro-baez-instala-pilar-vecinos-protestan.phtml\" rel=\"noopener noreferrer\">Ayres de Pilar<\/a>, <\/strong>el barrio cerrado en el que fij\u00f3 domicilio, el empresario espera nuevas definiciones.<\/p>\n<p><strong>Esta ma\u00f1ana su defensa, encabezada por Juan Mart\u00edn Villanueva y Elizabeth Gasaro,<\/strong> estuvo&nbsp;reunida&nbsp;durante media hora, v\u00eda zoom, con los jueces del Tribunal Oral Federal (TOF) 4, que lleva adelante el juicio por la denominada <strong>\u00abRuta del dinero K\u00bb<\/strong> y con el fiscal del debate, Abel C\u00f3rdoba. All\u00ed la dupla de abogados los pusieron al tanto de los hechos ocurridos en la noche de ayer, en la entrada del barrio privado, en el que los vecinos rechazaron el ingreso del empresario acusado, entre otros delitos de lavado de dinero.<\/p>\n<p>La situaci\u00f3n de <em>B\u00e1ez<\/em> es completamente excepcional. Distintas fuentes del mundo judicial y penitenciario consultados&nbsp;por<strong> PERFIL<\/strong>, no recordaban casos en los que un preso debiera volver a su celda tras haberla dejado, por una protesta vecinal. En tanto que cerca de B\u00e1ez miraban con desconfianza lo sucedido ayer.<\/p>\n<p class=\"destacadoNota\"><a target=\"_blank\" href=\"https:\/\/www.perfil.com\/noticias\/politica\/claudia-insaurralde-novia-lazaro-baez-dijo-operativo-fue-mal-organizado-por-cuestiones-politicas-y-mediaticas.phtml\" rel=\"noopener noreferrer\">Novia de L\u00e1zaro B\u00e1ez: \u00abEl operativo fue mal organizado por cuestiones pol\u00edticas y medi\u00e1ticas\u00bb<\/a><\/p>\n<p>Seg\u00fan evalu\u00f3 Villanueva a este diario, la protesta de ayer parec\u00eda \u00abarmada\u00bb. Villanueva y Gasaro iban en un auto detr\u00e1s de las camionetas del Servicio Penitenciario Federal (SPF) encargado del traslado de B\u00e1ez. Uno&nbsp;de esos veh\u00edculos usados&nbsp;en el traslado sufri\u00f3 una rotura, por el golpe de un vecino, y por ese motivo la comitiva <strong>debi\u00f3 hacer una parada en su camino de vuelta a Ezeiza, en la c\u00e1rcel de Devoto, para cambiar el m\u00f3vil.&nbsp;<\/strong><\/p>\n<p>Lo que suceder\u00e1 en las pr\u00f3ximas horas con L\u00e1zaro por ahora est\u00e1 en manos del SPF, dependiente del Ministerio de Justicia, que ser\u00e1 el encargado de volver a sacar al empresario del penal y llevarlo a un domicilio particular para que cumpla all\u00ed su arresto.&nbsp;Por estas horas, desde la defensa de B\u00e1ez insisten en que el \u00fanico domicilio al que el empresario puede ir es al de Ayres de Pilar, en tanto que en la justicia reina un fuerte hermetismo. Nadie parece querer pagar con m\u00e1s costos de los que ya a esta altura se acumularon en el caso.&nbsp;El SPF est\u00e1 en contacto con el TOF y all\u00ed informar\u00e1n los pasos a seguir. Desde la justicia por ahora eligen la f\u00f3rmula: \u00absin novedades\u00bb, para referirse al tema.<\/p>\n<p><strong>Los jueces del TOF -Daniel Obligado, N\u00e9stor Costabel y Jorge Gorini- cuando ayer firmaron la domiciliaria a instancias de la C\u00e1mara Federal de Casaci\u00f3n dejaron en claro que no estaban de acuerdo con lo decidido. <\/strong>\u00abEn base a las interpretaciones efectuadas por esa Sala, es que no existe otra posibilidad m\u00e1s que hacer efectivo el arresto domiciliario dispuesto por el Juzgado instructor, aun cuando hasta el momento no se ha depositado la cauci\u00f3n real fijada\u00bb, sostuvieron.&nbsp;<\/p>\n<p class=\"destacadoNota\"><a target=\"_blank\" href=\"https:\/\/www.perfil.com\/noticias\/reperfilar\/cacerolazos-en-pilar-lazaro-baez-rechazado-por-sus-vecinos.phtml\" rel=\"noopener noreferrer\">Cacerolazos en Pilar: L\u00e1zaro B\u00e1ez fue rechazado por sus vecinos<\/a><\/p>\n<p>Detenido desde el 5 de abril de 2016, B\u00e1ez lleva m\u00e1s de cuatro a\u00f1os y cinco meses de prisi\u00f3n preventiva, sin que la justicia haya llegado a dar un veredicto en la \u00abRuta del dinero K\u00bb, el primero de los casos en su contra en llegar a juicio. El debate comenz\u00f3 en abril de 2013, tres a\u00f1os despu\u00e9s sum\u00f3 la detenci\u00f3n de B\u00e1ez, en diciembre de 2016 fue elevado&nbsp;a juicio oral el primer tramo. El debate empez\u00f3 en&nbsp;octubre de 2018, a raz\u00f3n de una audiencia diaria, lo que llev\u00f3 que a casi dos a\u00f1os de comenzado reci\u00e9n atraviese&nbsp;la etapa de alegatos.<\/p>\n<p>En tanto que en Obra P\u00fablica, en el que comparte banquillo con<strong> Cristina Kirchner<\/strong>, reci\u00e9n comenz\u00f3 a ser juzgado en mayo de 2019. Ese debate est\u00e1 actualmente en etapa de declaraciones testimoniales e incluso la audiencia de hoy se demor\u00f3 porque el abogado de B\u00e1ez y el juez Jorge Gorini, estaban en el zoom por los incidentes de anoche.&nbsp;<\/p>\n<p>&nbsp;B\u00e1ez tiene adem\u00e1s un complejo escenario judicial que adem\u00e1s de estas dos causas suma el caso de<strong>&nbsp;Hotesur <\/strong>tambi\u00e9n elevado a juicio, aunque sin fecha de inicio, as\u00ed como enfrenta investigaciones en el fuero Penal Econ\u00f3mico, por delitos&nbsp;como evasi\u00f3n fiscal y apropiaci\u00f3n indebida de recursos de la seguridad social. &nbsp;<\/p>\n","protected":false},"excerpt":{"rendered":"<p>Noticias Relacionadas El futuro de L\u00e1zaro B\u00e1ez es por estas horas, a\u00fan incierto. Tras ser beneficiado con la prisi\u00f3n domiciliaria ayer y volver a la c\u00e1rcel a las pocas horas, luego de no poder ingresar a Ayres de Pilar, el barrio cerrado en el que fij\u00f3 domicilio, el empresario espera nuevas definiciones. Esta ma\u00f1ana su [&hellip;]<\/p>\n","protected":false},"author":1,"featured_media":1304,"comment_status":"closed","ping_status":"closed","sticky":false,"template":"","format":"standard","meta":[],"categories":[1],"tags":[],"_links":{"self":[{"href":"http:\/\/hoycordobaweb.com\/index.php\/wp-json\/wp\/v2\/posts\/1303"}],"collection":[{"href":"http:\/\/hoycordobaweb.com\/index.php\/wp-json\/wp\/v2\/posts"}],"about":[{"href":"http:\/\/hoycordobaweb.com\/index.php\/wp-json\/wp\/v2\/types\/post"}],"author":[{"embeddable":true,"href":"http:\/\/hoycordobaweb.com\/index.php\/wp-json\/wp\/v2\/users\/1"}],"replies":[{"embeddable":true,"href":"http:\/\/hoycordobaweb.com\/index.php\/wp-json\/wp\/v2\/comments?post=1303"}],"version-history":[{"count":0,"href":"http:\/\/hoycordobaweb.com\/index.php\/wp-json\/wp\/v2\/posts\/1303\/revisions"}],"wp:featuredmedia":[{"embeddable":true,"href":"http:\/\/hoycordobaweb.com\/index.php\/wp-json\/wp\/v2\/media\/1304"}],"wp:attachment":[{"href":"http:\/\/hoycordobaweb.com\/index.php\/wp-json\/wp\/v2\/media?parent=1303"}],"wp:term":[{"taxonomy":"category","embeddable":true,"href":"http:\/\/hoycordobaweb.com\/index.php\/wp-json\/wp\/v2\/categories?post=1303"},{"taxonomy":"post_tag","embeddable":true,"href":"http:\/\/hoycordobaweb.com\/index.php\/wp-json\/wp\/v2\/tags?post=1303"}],"curies":[{"name":"wp","href":"https:\/\/api.w.org\/{rel}","templated":true}]}}