{"id":129995,"date":"2026-01-30T18:49:30","date_gmt":"2026-01-30T18:49:30","guid":{"rendered":"https:\/\/www.ole.com.ar\/futbol-internacional\/batalla-confesiones-depresion-arco_0_uCDkdMpzwr.html"},"modified":"2026-01-30T18:49:30","modified_gmt":"2026-01-30T18:49:30","slug":"batalla-conto-la-batalla-que-debio-dar-me-tenia-que-tomar-dos-vasos-de-vino-para-dormir","status":"publish","type":"post","link":"http:\/\/hoycordobaweb.com\/index.php\/2026\/01\/30\/batalla-conto-la-batalla-que-debio-dar-me-tenia-que-tomar-dos-vasos-de-vino-para-dormir\/","title":{"rendered":"Batalla cont\u00f3 la batalla que debi\u00f3 dar: \u00abMe ten\u00eda que tomar dos vasos de vino para dormir\u00bb"},"content":{"rendered":"<p><img src=\"http:\/\/hoycordobaweb.com\/wp-content\/uploads\/2026\/01\/batalla-conto-la-batalla-que-debio-dar-me-tenia-que-tomar-dos-vasos-de-vino-para-dormir.jpg\"><\/p>\n<p><time class=\"createDate\" datetime=\"2026-01-30T15:49:30-03:00\">30\/01\/2026 15:49hs.<\/time><\/p>\n<div id=\"storyBody\">\n<div id=\"element-body-0\" class=\"sc-136cd478-0 ekTCfV\" readability=\"38.97461928934\">\n<p><a href=\"https:\/\/www.ole.com.ar\/tema\/augusto-batalla.html\" title=\"Augusto Batalla\" alt=\"Augusto Batalla\" class=\"slug\">Augusto Batalla<\/a>, ex arquero de <strong><a href=\"https:\/\/www.ole.com.ar\/tema\/river-plate.html\" title=\"River Plate\" alt=\"River Plate\" class=\"slug\">River<\/a><\/strong> y <strong><a href=\"https:\/\/www.ole.com.ar\/tema\/san-lorenzo.html\" title=\"San Lorenzo\" alt=\"San Lorenzo\" class=\"slug\">San Lorenzo<\/a><\/strong>, expuso las angustias que vivi\u00f3 en su recorrido profesional. El actual jugador de <strong><a href=\"https:\/\/www.ole.com.ar\/tema\/rayo-vallecano.html\" title=\"Rayo Vallecano\" alt=\"Rayo Vallecano\" class=\"slug\">Rayo Vallecano<\/a><\/strong>, de la Primera Divisi\u00f3n de Espa\u00f1a, cont\u00f3 sobre sus inicios profesionales en la Banda: <strong> \u00abEn m\u00ed, en mi persona, estaba totalmente deprimido, no ten\u00eda ganas de salir, no ten\u00eda ganas de ir a entrenar, no ten\u00eda ganas de relacionarme con nadie\u00bb.<\/strong><\/p>\n<\/div>\n<div id=\"element-body-1\" class=\"sc-136cd478-0 ekTCfV\" readability=\"38\">\n<p>\u00abDe peque\u00f1o me vino a buscar el Madrid. Decid\u00ed quedarme en River porque estaba pronto para debutar. Logr\u00e9 debutar, logr\u00e9 salir campe\u00f3n, pero <strong>no logr\u00e9 sostenerme en el primer nivel como es River<\/strong>. Empez\u00e1s a hacerte de un caparaz\u00f3n que de repente te encontr\u00e1s totalmente solo y ten\u00e9s que romperlo\u00bb, agreg\u00f3 en di\u00e1logo con El Chiringuito.<\/p>\n<\/div>\n<div id=\"element-body-2\" class=\"sc-136cd478-0 ekTCfV\" readability=\"41\">\n<p><strong>\u00abTuve que ir al psic\u00f3logo, fue la persona que me pudo sacar de ah\u00ed, no sal\u00ed solo.<\/strong> Entonces, ah\u00ed florece un c\u00edrculo virtuoso en vez de vicioso, que muchas veces pasa que cuando est\u00e1s mal te refugi\u00e1s en cosas malas. Me costaba dormir, empez\u00e1s a recurrir a tomar una pastilla relajante para dormir. Ten\u00eda 20 a\u00f1os y me ten\u00eda que tomar dos vasos de vino para dormir\u00bb, describi\u00f3<\/p>\n<\/div>\n<div id=\"element-body-3\" class=\"sc-136cd478-0 ekTCfV\" readability=\"47\">\n<p>\u201cEs un trabajo muy duro en donde ten\u00e9s que preguntar, preguntarte much\u00edsimas cosas, trabajar con tu cabeza, ir a tus traumas, ir a los momentos que duelen y a partir de ah\u00ed intentar crecer, que eso no te asegura el \u00e9xito, no te asegura levantarte, pero s\u00ed te da una energ\u00eda muy grande de estar en paz contigo mismo, estar en equilibrio y eso hace que tengas ganas de trabajar, tengas ganas de ir a entrenar, tengas ganas de hacer doble turno, tengas ganas de cuidarte\u201d, describi\u00f3 Batalla.<\/p>\n<\/div>\n<div class=\"sc-e7b891c4-0 ifHnQL image-embed\" id=\"element-body-4\"><img alt=\"Augusto Batalla en Rayo Vallecano.\" loading=\"lazy\" width=\"720\" height=\"100\" decoding=\"async\" data-nimg=\"1\" src=\"http:\/\/hoycordobaweb.com\/wp-content\/uploads\/2026\/01\/batalla-conto-la-batalla-que-debio-dar-me-tenia-que-tomar-dos-vasos-de-vino-para-dormir-2.jpg\"><span class=\"epigraphe\">Augusto Batalla en Rayo Vallecano.<\/span><\/div>\n<div id=\"element-body-5\" class=\"sc-136cd478-0 ekTCfV\" readability=\"39\">\n<p>\u00abMuchas veces cuando alguien nos dice que est\u00e1 deprimido, alguien que no lo vivi\u00f3 no lo entiende. &#8216;\u00bfC\u00f3mo no ten\u00e9s ganas? \u00bfC\u00f3mo no quer\u00e9s salir?&#8217;. Todos los que las pasamos la entendemos de manera muy natural. Y tuve que reconvertirme, pasar muchos a\u00f1os de ir sumando en distintos lados. <strong>Y yo creo que por eso digo que fracas\u00e9, porque eran mis propios objetivos y no los pude cumplir\u00bb<\/strong>, cont\u00f3.<\/p>\n<\/div>\n<div id=\"element-body-6\" class=\"sc-136cd478-0 ekTCfV\" readability=\"36\">\n<p><strong>\u201cAl ser joven no ten\u00eda tanta noci\u00f3n de lo que era estar en ese arco.<\/strong> Entonces por ah\u00ed lo viv\u00ed de una manera demasiado pasajera en un principio y me encontr\u00e9 con errores deportivos que me fueron mermando en lo personal. Me pasaba dentro del campo, me pasaba fuera del campo\u00bb, acept\u00f3 Augusto.<\/p>\n<\/div>\n<div id=\"element-body-7\" class=\"sc-136cd478-0 ekTCfV\" readability=\"41\">\n<p>\u00abHay un momento clave de mi vida, que es cuando yo me voy a pr\u00e9stamo a Chile y me encuentro que hac\u00eda un a\u00f1o era el arquero de River, una de las m\u00e1ximas promesas, proyectos del club. Y un a\u00f1o despu\u00e9s estaba en un club en Chile solo, un club que estaba en nacimiento, un club super peque\u00f1o y me encuentro solo ah\u00ed y digo: \u2018\u00bfQu\u00e9 pas\u00f3 desde la cima de la monta\u00f1a hasta donde llegu\u00e9? \u00bfQu\u00e9 fue lo que pas\u00f3?\u2019\u00bb. Augusto jug\u00f3 en Uni\u00f3n La Calera en 2019 y despu\u00e9s fue cedido a O&#8217;Higgins. M\u00e1s adelante, pas\u00f3 de River a San Lorenzo.<\/p>\n<\/div>\n<p><h2><strong>Su entrevista con la TV espa\u00f1ola<\/strong><\/h2>\n<\/p>\n<div id=\"element-body-9\" class=\"sc-3c5a76cc-1 idjLTd\" readability=\"31\">\n<div class=\"JWvideoNota_title\" readability=\"7\">\n<p>El arquero argentino confes\u00f3 sus problemas depresivos de joven en River.<\/p>\n<\/div>\n<\/div>\n<div id=\"element-body-10\" class=\"sc-136cd478-0 ekTCfV\" readability=\"36\">\n<p>Batalla, de 29 a\u00f1os, lleva dos a\u00f1os y medio en Rayo Vallecano. Acumul\u00f3 61 partidos, con 18 vallas invictas. <\/p>\n<\/div>\n<div class=\"sc-e7b891c4-0 ifHnQL image-embed\" id=\"element-body-11\"><img alt=\"Augusto Batalla tiene contrato con Rayo Vallecano hasta 2030.\" loading=\"lazy\" width=\"720\" height=\"100\" decoding=\"async\" data-nimg=\"1\" src=\"http:\/\/hoycordobaweb.com\/wp-content\/uploads\/2026\/01\/batalla-conto-la-batalla-que-debio-dar-me-tenia-que-tomar-dos-vasos-de-vino-para-dormir-3.jpg\"><span class=\"epigraphe\">Augusto Batalla tiene contrato con Rayo Vallecano hasta 2030.<\/span><\/div>\n<div id=\"element-body-12\" class=\"sc-a7166897-0 eoLsBE\" readability=\"31.5\">\n<section readability=\"3\"><picture><img alt=\"Nuevo operativo contra la AFA: allanaron un hangar en San Fernando por los sospechosos vuelos en helic\u00f3ptero\" loading=\"lazy\" width=\"290\" height=\"290\" decoding=\"async\" data-nimg=\"1\" src=\"http:\/\/hoycordobaweb.com\/wp-content\/uploads\/2026\/01\/batalla-conto-la-batalla-que-debio-dar-me-tenia-que-tomar-dos-vasos-de-vino-para-dormir-4.jpg\"><\/picture>\n<p><span>Mir\u00e1 tambi\u00e9n<\/span><\/p>\n<hr>\n<h3>Nuevo operativo contra la AFA: allanaron un hangar en San Fernando por los sospechosos vuelos en helic\u00f3ptero<\/h3>\n<\/p>\n<\/section>\n<\/div>\n<div id=\"element-body-13\" class=\"sc-a7166897-0 eoLsBE\" readability=\"31\">\n<section readability=\"2\"><picture><img alt=\"Luto en River: falleci\u00f3 Alfredo Davicce\" loading=\"lazy\" width=\"290\" height=\"290\" decoding=\"async\" data-nimg=\"1\" src=\"http:\/\/hoycordobaweb.com\/wp-content\/uploads\/2026\/01\/batalla-conto-la-batalla-que-debio-dar-me-tenia-que-tomar-dos-vasos-de-vino-para-dormir-5.jpg\"><\/picture>\n<p><span>Mir\u00e1 tambi\u00e9n<\/span><\/p>\n<hr>\n<h3>Luto en River: falleci\u00f3 Alfredo Davicce<\/h3>\n<\/p>\n<\/section>\n<\/div>\n<\/div>\n","protected":false},"excerpt":{"rendered":"<p>30\/01\/2026 15:49hs. Augusto Batalla, ex arquero de River y San Lorenzo, expuso las angustias que vivi\u00f3 en su recorrido profesional. El actual jugador de Rayo Vallecano, de la Primera Divisi\u00f3n de Espa\u00f1a, cont\u00f3 sobre sus inicios profesionales en la Banda: \u00abEn m\u00ed, en mi persona, estaba totalmente deprimido, no ten\u00eda ganas de salir, no ten\u00eda [&hellip;]<\/p>\n","protected":false},"author":1,"featured_media":129996,"comment_status":"open","ping_status":"closed","sticky":false,"template":"","format":"standard","meta":[],"categories":[16],"tags":[],"_links":{"self":[{"href":"http:\/\/hoycordobaweb.com\/index.php\/wp-json\/wp\/v2\/posts\/129995"}],"collection":[{"href":"http:\/\/hoycordobaweb.com\/index.php\/wp-json\/wp\/v2\/posts"}],"about":[{"href":"http:\/\/hoycordobaweb.com\/index.php\/wp-json\/wp\/v2\/types\/post"}],"author":[{"embeddable":true,"href":"http:\/\/hoycordobaweb.com\/index.php\/wp-json\/wp\/v2\/users\/1"}],"replies":[{"embeddable":true,"href":"http:\/\/hoycordobaweb.com\/index.php\/wp-json\/wp\/v2\/comments?post=129995"}],"version-history":[{"count":0,"href":"http:\/\/hoycordobaweb.com\/index.php\/wp-json\/wp\/v2\/posts\/129995\/revisions"}],"wp:featuredmedia":[{"embeddable":true,"href":"http:\/\/hoycordobaweb.com\/index.php\/wp-json\/wp\/v2\/media\/129996"}],"wp:attachment":[{"href":"http:\/\/hoycordobaweb.com\/index.php\/wp-json\/wp\/v2\/media?parent=129995"}],"wp:term":[{"taxonomy":"category","embeddable":true,"href":"http:\/\/hoycordobaweb.com\/index.php\/wp-json\/wp\/v2\/categories?post=129995"},{"taxonomy":"post_tag","embeddable":true,"href":"http:\/\/hoycordobaweb.com\/index.php\/wp-json\/wp\/v2\/tags?post=129995"}],"curies":[{"name":"wp","href":"https:\/\/api.w.org\/{rel}","templated":true}]}}