{"id":129981,"date":"2026-01-30T14:27:59","date_gmt":"2026-01-30T14:27:59","guid":{"rendered":"https:\/\/manoamanocba.com.ar\/?p=7469"},"modified":"2026-01-30T14:27:59","modified_gmt":"2026-01-30T14:27:59","slug":"inauguro-oficialmente-la-temporada-2026-del-teatro-real","status":"publish","type":"post","link":"http:\/\/hoycordobaweb.com\/index.php\/2026\/01\/30\/inauguro-oficialmente-la-temporada-2026-del-teatro-real\/","title":{"rendered":"Inaugur\u00f3 oficialmente la temporada 2026 del Teatro Real"},"content":{"rendered":"<p class=\" eplus-wrapper\">La Temporada Real 2026 fue inaugurada oficialmente en el Teatro Real con la funci\u00f3n de \u201cEs por ah\u00ed\u201d, espect\u00e1culo encabezado por el actor y humorista Camilo Nicol\u00e1s, en una gala que dio inicio a la programaci\u00f3n de verano del teatro provincial.<\/p>\n<p class=\" eplus-wrapper\">La industria cultural constituye un sector estrat\u00e9gico para el desarrollo de la provincia, no solo por su valor simb\u00f3lico y creativo, sino tambi\u00e9n por su impacto econ\u00f3mico y social. Las distintas expresiones art\u00edsticas generan empleo directo e indirecto para actores, actrices, m\u00fasicos, t\u00e9cnicos, productores, gestores culturales y numerosos trabajadores que integran una cadena de valor fundamental para la econom\u00eda local.<\/p>\n<p class=\" eplus-wrapper\">Asimismo, la cultura es un componente central de la identidad cordobesa. A trav\u00e9s de sus creadoras y creadores, la provincia proyecta una voz propia y reconocible en todo el pa\u00eds, que refleja modos de ser, de decir y de contar historias desde la cercan\u00eda y el humor.<\/p>\n<p class=\" eplus-wrapper\">El presidente de la Agencia C\u00f3rdoba Cultura, <strong>Marcelo Rodio<\/strong>, destac\u00f3 la importancia de la Temporada Real 2026 como una pol\u00edtica p\u00fablica orientada a fortalecer la industria cultural en la ciudad de C\u00f3rdoba durante el verano, promoviendo el trabajo art\u00edstico, la articulaci\u00f3n con el sector privado y la generaci\u00f3n de oportunidades para distintos actores del entramado cultural y productivo de la capital provincial.<\/p>\n<p class=\" eplus-wrapper\">\u201c<em>Desde la Agencia C\u00f3rdoba Cultura trabajamos para generar herramientas y condiciones que permitan a los artistas venir, desarrollarse y sostener su trabajo, impulsando una verdadera sinergia entre lo p\u00fablico y lo privado, que es clave para el crecimiento del sector<\/em>\u201d, se\u00f1al\u00f3 Rodio.<\/p>\n<p class=\" eplus-wrapper\">\u201c<em>La articulaci\u00f3n entre lo p\u00fablico y privado tambi\u00e9n tiene un impacto directo en el centro de la ciudad, donde empresarios y emprendedores forman parte de una experiencia cultural que dinamiza la actividad econ\u00f3mica y potencia el movimiento durante la temporada de verano<\/em>\u201d, sostuvo el funcionario.<\/p>\n<p><a href=\"http:\/\/hoycordobaweb.com\/wp-content\/uploads\/2026\/01\/inauguro-oficialmente-la-temporada-2026-del-teatro-real.jpg\"><img loading=\"lazy\" fetchpriority=\"high\" decoding=\"async\" class=\"aligncenter wp-image-7470 size-full\" src=\"http:\/\/hoycordobaweb.com\/wp-content\/uploads\/2026\/01\/inauguro-oficialmente-la-temporada-2026-del-teatro-real.jpg\" alt width=\"1484\" height=\"991\" srcset=\"http:\/\/hoycordobaweb.com\/wp-content\/uploads\/2026\/01\/inauguro-oficialmente-la-temporada-2026-del-teatro-real.jpg 1484w, http:\/\/hoycordobaweb.com\/wp-content\/uploads\/2026\/01\/inauguro-oficialmente-la-temporada-2026-del-teatro-real-1.jpg 300w, http:\/\/hoycordobaweb.com\/wp-content\/uploads\/2026\/01\/inauguro-oficialmente-la-temporada-2026-del-teatro-real-2.jpg 1024w, http:\/\/hoycordobaweb.com\/wp-content\/uploads\/2026\/01\/inauguro-oficialmente-la-temporada-2026-del-teatro-real-3.jpg 768w, http:\/\/hoycordobaweb.com\/wp-content\/uploads\/2026\/01\/inauguro-oficialmente-la-temporada-2026-del-teatro-real-4.jpg 272w\" sizes=\"(max-width: 1484px) 100vw, 1484px\"><\/a><\/p>\n<p class=\" eplus-wrapper\">Por su parte, el ministro de Vinculaci\u00f3n y Gesti\u00f3n Institucional, <strong>Miguel Siciliano<\/strong>, resalt\u00f3 la decisi\u00f3n de la Provincia de fortalecer a la ciudad de C\u00f3rdoba como un eje central de la actividad cultural y tur\u00edstica, a partir de pol\u00edticas p\u00fablicas que acompa\u00f1an y potencian la producci\u00f3n art\u00edstica durante la temporada de verano.<\/p>\n<p class=\" eplus-wrapper\">\u201c<em>Es muy importante saber que la provincia de C\u00f3rdoba apuesta a la ciudad capital como un espacio central para la cultura, entendiendo que hist\u00f3ricamente el teatro y los espect\u00e1culos se concentraron en los valles tur\u00edsticos<\/em>\u201d, se\u00f1al\u00f3 Siciliano.<\/p>\n<p class=\" eplus-wrapper\">En ese sentido, el funcionario valor\u00f3 que \u201c<em>hoy, con el acompa\u00f1amiento del Estado y la articulaci\u00f3n con el sector privado, se piense a la cultura como parte del movimiento tur\u00edstico de C\u00f3rdoba capital, marca un cambio de mirada y una oportunidad para fortalecer la identidad cultural y la actividad econ\u00f3mica de la ciudad<\/em>\u201d.<\/p>\n<p class=\" eplus-wrapper\">En el marco del evento, Camilo Nicol\u00e1s recibi\u00f3 un reconocimiento por su aporte a la industria cultural cordobesa y su destacada trayectoria en los escenarios de la provincia y el pa\u00eds. La distinci\u00f3n consisti\u00f3 en una estatuilla realizada por el artesano Marcelo Guti\u00e9rrez y fue entregada junto a autoridades de la Agencia C\u00f3rdoba Cultura.<\/p>\n<p class=\" eplus-wrapper\">De la noche de inauguraci\u00f3n de la Temporada Real 2026 tambi\u00e9n participaron la secretaria general de Educaci\u00f3n y Ambiente, Victoria Flores; la directora del Teatro Real, Susana Dutto, entre otras autoridades provinciales, municipales y comunidad art\u00edstica.<\/p>\n<h3 class=\" wp-block-heading eplus-wrapper\">Temporada de verano en el Teatro Real<\/h3>\n<p class=\" eplus-wrapper\">La Temporada Real 2026 se desarrollar\u00e1 durante febrero y principios de marzo, con funciones en las salas Carlos Gim\u00e9nez y Azucena Carmona, y forma parte de una nueva etapa de gesti\u00f3n cultural impulsada de manera conjunta por la Agencia C\u00f3rdoba Cultura y la direcci\u00f3n del Teatro Real.<\/p>\n<p class=\" eplus-wrapper\">Con una grilla diversa y de fuerte impronta local, la programaci\u00f3n incluye 23 funciones que abarcan humor, teatro, magia y danza, con entradas a precios accesibles y la participaci\u00f3n de destacados artistas cordobeses.<\/p>\n<p class=\" eplus-wrapper\">Adem\u00e1s de Camilo Nicol\u00e1s, el escenario del Teatro Real recibir\u00e1 a figuras reconocidas y queridas por el p\u00fablico como El Flaco Pailos, Carla Dogliani, Alejandro Orlando, Facundo Gamband\u00e9, Do\u00f1a Jovita, Mago Willy y el bailar\u00edn Hern\u00e1n Piqu\u00edn, acompa\u00f1ado por un elenco de danza cordob\u00e9s.<\/p>\n<p class=\" eplus-wrapper\">La Temporada Real 2026 se inscribe en una pol\u00edtica cultural que busca ampliar y diversificar los p\u00fablicos, generando condiciones para que m\u00e1s personas puedan volver al teatro o asistir por primera vez. Para ello, se establecieron entradas con valores populares, disponibles tanto de manera online a trav\u00e9s de&nbsp;<a href=\"https:\/\/ventas.autoentrada.com\/\" target=\"_blank\" rel=\"noreferrer noopener\">https:\/\/ventas.autoentrada.com\/<\/a>&nbsp;como en la boleter\u00eda del Teatro Real, ubicada en San Jer\u00f3nimo 66.<\/p>\n","protected":false},"excerpt":{"rendered":"<p>La Temporada Real 2026 fue inaugurada oficialmente en el Teatro Real con la funci\u00f3n de \u201cEs por ah\u00ed\u201d, espect\u00e1culo encabezado por el actor y humorista Camilo Nicol\u00e1s, en una gala que dio inicio a la programaci\u00f3n de verano del teatro provincial. La industria cultural constituye un sector estrat\u00e9gico para el desarrollo de la provincia, no [&hellip;]<\/p>\n","protected":false},"author":1,"featured_media":129982,"comment_status":"closed","ping_status":"closed","sticky":false,"template":"","format":"standard","meta":[],"categories":[19],"tags":[],"_links":{"self":[{"href":"http:\/\/hoycordobaweb.com\/index.php\/wp-json\/wp\/v2\/posts\/129981"}],"collection":[{"href":"http:\/\/hoycordobaweb.com\/index.php\/wp-json\/wp\/v2\/posts"}],"about":[{"href":"http:\/\/hoycordobaweb.com\/index.php\/wp-json\/wp\/v2\/types\/post"}],"author":[{"embeddable":true,"href":"http:\/\/hoycordobaweb.com\/index.php\/wp-json\/wp\/v2\/users\/1"}],"replies":[{"embeddable":true,"href":"http:\/\/hoycordobaweb.com\/index.php\/wp-json\/wp\/v2\/comments?post=129981"}],"version-history":[{"count":0,"href":"http:\/\/hoycordobaweb.com\/index.php\/wp-json\/wp\/v2\/posts\/129981\/revisions"}],"wp:featuredmedia":[{"embeddable":true,"href":"http:\/\/hoycordobaweb.com\/index.php\/wp-json\/wp\/v2\/media\/129982"}],"wp:attachment":[{"href":"http:\/\/hoycordobaweb.com\/index.php\/wp-json\/wp\/v2\/media?parent=129981"}],"wp:term":[{"taxonomy":"category","embeddable":true,"href":"http:\/\/hoycordobaweb.com\/index.php\/wp-json\/wp\/v2\/categories?post=129981"},{"taxonomy":"post_tag","embeddable":true,"href":"http:\/\/hoycordobaweb.com\/index.php\/wp-json\/wp\/v2\/tags?post=129981"}],"curies":[{"name":"wp","href":"https:\/\/api.w.org\/{rel}","templated":true}]}}