{"id":129978,"date":"2026-01-30T12:59:12","date_gmt":"2026-01-30T12:59:12","guid":{"rendered":"https:\/\/ladecimaweb.com\/?p=33835"},"modified":"2026-01-30T12:59:12","modified_gmt":"2026-01-30T12:59:12","slug":"calor-extremo-cordoba-entre-las-siete-provincias-afectadas","status":"publish","type":"post","link":"http:\/\/hoycordobaweb.com\/index.php\/2026\/01\/30\/calor-extremo-cordoba-entre-las-siete-provincias-afectadas\/","title":{"rendered":"Calor extremo: C\u00f3rdoba entre las siete provincias afectadas"},"content":{"rendered":"<div class=\"boldgrid-section\">\n<div class=\"container\">\n<div class=\"row\">\n<div class=\"col-md-12 col-xs-12 col-sm-12\">\n<p><a href=\"https:\/\/noticiasargentinas.com\/interes-general\/www.noticiasargentinas.com\"><strong>Buenos Aires, 30 enero (NA) \u2014<\/strong><\/a><i><strong><span>&nbsp;<\/span><\/strong><\/i><strong>E<\/strong><span>l&nbsp;<\/span><strong>calor agobiante<\/strong><span>&nbsp;no da tregua y se mantiene en algunas zonas en el marco de fines de enero,&nbsp;y por eso el&nbsp;<\/span><strong>Servicio Meteorol\u00f3gico Nacional (SMN)<\/strong><span>&nbsp;<\/span>lanz\u00f3 para este&nbsp;viernes nuevos&nbsp;<strong>alertas<\/strong>&nbsp;por&nbsp;<strong>altas temperaturas<\/strong>&nbsp;para diferentes distritos.<\/p>\n<p>Seg\u00fan supo la<span>&nbsp;<\/span><a href=\"https:\/\/es.wikipedia.org\/wiki\/Noticias_Argentinas\" target=\"_blank\" rel=\"noopener nofollow noreferrer\"><strong>Agencia Noticias Argentinas<\/strong><\/a>, se mantiene el<span>&nbsp;<\/span><strong>alerta en zonas de Buenos Aires, Corrientes, C\u00f3rdoba, La Pampa, Neuqu\u00e9n, R\u00edo Negro y Chubut. En algunas regiones sube a alerta naranja y en otras a roja.<\/strong><\/p>\n<p><strong>Qu\u00e9 implica cada nivel de alerta por temperaturas extremas<\/strong><\/p>\n<p class=\"\"><strong>Alerta amarilla:<\/strong><\/p>\n<p class=\"\">El alerta de&nbsp;<strong>nivel amarillo establece un efecto leve a moderado en la salud, de acuerdo al sistema del SMN.<\/strong><\/p>\n<p>Implica, en este caso, que&nbsp;<strong>las temperaturas pueden ser peligrosas<\/strong>,&nbsp;sobre todo para los grupos de riesgo, como ni\u00f1os y ni\u00f1as, personas mayores de 65 a\u00f1os, con enfermedades cr\u00f3nicas.<\/p>\n<p><strong>Alerta naranja:<\/strong><\/p>\n<p>Este aviso implica<span>&nbsp;<\/span><strong>un efecto moderado a alto en la salud<\/strong>, por lo que<span>&nbsp;<\/span><strong>las temperaturas pueden ser muy peligrosas<\/strong>, especialmente para los grupos de riesgo.<\/p>\n<p><strong>Alerta roja:<\/strong><\/p>\n<p class=\"\" title=\"__IP__\" data-ipspy=\"__IP__\">La advertencia de<span>&nbsp;<\/span><strong>nivel rojo significa que el calor puede tener un efecto alto a extremo en la salud.<\/strong><span><strong>&nbsp;<\/strong><\/span>En este caso,<span>&nbsp;<\/span><strong>las temperaturas son muy peligrosas,<\/strong><span><strong>&nbsp;<\/strong>y p<\/span>ueden afectar a todas las personas, incluso a las saludables.<span data-nosnippet=\"\">__IP__<\/span><\/p>\n<p><strong>Recomendaciones del SMN ante temperaturas extremas<\/strong><\/p>\n<p>Las recomendaciones para este tipo de eventos son indicadas por el Ministerio de Salud.<\/p>\n<ul class=\"\">\n<li>Aumentar el consumo de agua sin esperar a tener sed para mantener una hidrataci\u00f3n adecuada.<\/li>\n<li>No exponerse al sol en exceso, ni en horas centrales del d\u00eda (entre las 10 y las 16 horas).<\/li>\n<li>Prestar atenci\u00f3n a los beb\u00e9s, ni\u00f1os y ni\u00f1as y a las personas mayores.<\/li>\n<li>Evitar las bebidas con cafe\u00edna, con alcohol o muy azucaradas.<\/li>\n<li>Evitar comidas muy abundantes.<\/li>\n<li>Ingerir verduras y frutas.<\/li>\n<li>Reducir la actividad f\u00edsica.<\/li>\n<li>Usar ropa ligera, holgada y de colores claros; sombrero, anteojos oscuros.<\/li>\n<li>Permanecer en espacios ventilados o acondicionados.<\/li>\n<li>Recordar que no existe un tratamiento farmacol\u00f3gico contra el golpe de calor y s\u00f3lo los m\u00e9todos cl\u00e1sicos, citados arriba, pueden prevenirlo y contrarrestarlo.<\/li>\n<\/ul>\n<p><strong>Qu\u00e9 es un evento de temperaturas extremas<\/strong><\/p>\n<p>Un evento de temperaturas extremas es un per\u00edodo en el que se espera que se registren&nbsp;<strong>valores de temperatura m\u00e1xima y m\u00ednima que pueden poner en peligro la salud de las personas.<\/strong>&nbsp;Luego de realizar una serie de estudios interdisciplinarios en Argentina, se encontr\u00f3 que hab\u00eda ciertos valores umbrales de temperaturas a partir de los cuales aumentaba la morbilidad y la mortalidad de las personas.<\/p>\n<p>&nbsp;<\/p>\n<div class=\"ubm_banner\"><a href=\"https:\/\/www.facebook.com\/share\/12F68yg5H3H\/\" target=\"_self\" rel=\"dofollow noopener noreferrer\"><img src=\"http:\/\/hoycordobaweb.com\/wp-content\/uploads\/2026\/01\/calor-extremo-cordoba-entre-las-siete-provincias-afectadas.gif\" alt=\"\"><\/a><\/div>\n<\/div>\n<\/div>\n<\/div>\n<\/div>\n<p>La entrada <a rel=\"nofollow\" href=\"https:\/\/ladecimaweb.com\/calor-extremo-cordoba-entre-las-siete-provincias-afectadas\/\">Calor extremo: C\u00f3rdoba entre las siete provincias afectadas<\/a> se public\u00f3 primero en <a rel=\"nofollow\" href=\"https:\/\/ladecimaweb.com\">LaDecima<\/a>.<\/p>\n","protected":false},"excerpt":{"rendered":"<p>Buenos Aires, 30 enero (NA) \u2014&nbsp;El&nbsp;calor agobiante&nbsp;no da tregua y se mantiene en algunas zonas en el marco de fines de enero,&nbsp;y por eso el&nbsp;Servicio Meteorol\u00f3gico Nacional (SMN)&nbsp;lanz\u00f3 para este&nbsp;viernes nuevos&nbsp;alertas&nbsp;por&nbsp;altas temperaturas&nbsp;para diferentes distritos. Seg\u00fan supo la&nbsp;Agencia Noticias Argentinas, se mantiene el&nbsp;alerta en zonas de Buenos Aires, Corrientes, C\u00f3rdoba, La Pampa, Neuqu\u00e9n, R\u00edo Negro y [&hellip;]<\/p>\n","protected":false},"author":1,"featured_media":0,"comment_status":"closed","ping_status":"closed","sticky":false,"template":"","format":"standard","meta":[],"categories":[32],"tags":[],"_links":{"self":[{"href":"http:\/\/hoycordobaweb.com\/index.php\/wp-json\/wp\/v2\/posts\/129978"}],"collection":[{"href":"http:\/\/hoycordobaweb.com\/index.php\/wp-json\/wp\/v2\/posts"}],"about":[{"href":"http:\/\/hoycordobaweb.com\/index.php\/wp-json\/wp\/v2\/types\/post"}],"author":[{"embeddable":true,"href":"http:\/\/hoycordobaweb.com\/index.php\/wp-json\/wp\/v2\/users\/1"}],"replies":[{"embeddable":true,"href":"http:\/\/hoycordobaweb.com\/index.php\/wp-json\/wp\/v2\/comments?post=129978"}],"version-history":[{"count":0,"href":"http:\/\/hoycordobaweb.com\/index.php\/wp-json\/wp\/v2\/posts\/129978\/revisions"}],"wp:attachment":[{"href":"http:\/\/hoycordobaweb.com\/index.php\/wp-json\/wp\/v2\/media?parent=129978"}],"wp:term":[{"taxonomy":"category","embeddable":true,"href":"http:\/\/hoycordobaweb.com\/index.php\/wp-json\/wp\/v2\/categories?post=129978"},{"taxonomy":"post_tag","embeddable":true,"href":"http:\/\/hoycordobaweb.com\/index.php\/wp-json\/wp\/v2\/tags?post=129978"}],"curies":[{"name":"wp","href":"https:\/\/api.w.org\/{rel}","templated":true}]}}