{"id":12991,"date":"2021-02-18T15:44:23","date_gmt":"2021-02-18T15:44:23","guid":{"rendered":"http:\/\/ladecimaweb.com\/?p=8312"},"modified":"2021-02-18T15:44:23","modified_gmt":"2021-02-18T15:44:23","slug":"ayer-lo-hicieron-los-maestros-y-este-viernes-retornan-los-primeros-alumnos-a-las-aulas-de-cordoba","status":"publish","type":"post","link":"http:\/\/hoycordobaweb.com\/index.php\/2021\/02\/18\/ayer-lo-hicieron-los-maestros-y-este-viernes-retornan-los-primeros-alumnos-a-las-aulas-de-cordoba\/","title":{"rendered":"Ayer lo hicieron los maestros y este viernes retornan los primeros alumnos a las aulas de C\u00f3rdoba"},"content":{"rendered":"<ul>\n<li><strong>Ayer, los equipos directivos y sus docentes comenzaron a trabajar sobre la adaptaci\u00f3n del protocolo de regreso a las aulas.<\/strong><\/li>\n<li><strong>El 60% de las escuelas del sistemas educativo general obligatorio lo hizo de manera presencial. El resto trabaj\u00f3 de manera virtual.<\/strong><\/li>\n<\/ul>\n<p><a href=\"https:\/\/www.cba.gov.ar\/los-docentes-de-cordoba-retornaron-a-la-actividad-escolar\/\"><em>(Prensa Provincial)<\/em> <\/a>El equipo directivo y docente de 4754 escuelas de gesti\u00f3n estatal y privada, de los niveles inicial, primario y secundario del sistema educativo general obligatorio, se reintegr\u00f3 ayer mi\u00e9rcoles 17 de febrero a sus funciones. El 60% de esas instituciones, lo hizo de manera presencial.<\/p>\n<p>La jornada sirvi\u00f3 para trabajar sobre Protocolo Covid-19 aprobado por el Ministerio de Educaci\u00f3n provincial a trav\u00e9s de la resoluci\u00f3n 26\/2021.<\/p>\n<p>Mientras que\u00a0<strong>hoy jueves 18, est\u00e1 prevista la realizaci\u00f3n de un taller de planificaci\u00f3n de la organizaci\u00f3n pedag\u00f3gica institucional para el ciclo lectivo 2021.<\/strong><\/p>\n<p>Cabe mencionar que en algunas escuelas estatales se trabaj\u00f3 de manera virtual debido a grupos de docentes muy numerosos, o con factores de riesgo, a la falta de transporte interurbano en algunas localidades del interior o por la ausencia de insumos de bioseguridad, que ser\u00e1n provistos en los pr\u00f3ximos d\u00edas. Ante las diversas situaciones que no permitieron la presencialidad docente, la cartera educativa recomend\u00f3 el trabajo virtual.<\/p>\n<p>En tanto que,\u00a0<strong>desde este viernes, retornan los estudiantes de 6\u00b0 grado de primaria, de 6to y 7mo a\u00f1o de secundaria que se encuentren en el \u00abper\u00edodo de intensificaci\u00f3n de aprendizajes\u00bb para poder finalizar su trayectoria escolar.\u00a0<\/strong>Tambi\u00e9n comenzar\u00e1n a sumarse aquellos estudiantes de grados o cursos menores que quedaron con contenidos pendientes.<\/p>\n<p>A su vez,\u00a0<strong>entre el 22 y el 26 de febrero tendr\u00e1n lugar los ex\u00e1menes previos y libres equivalentes.<\/strong><\/p>\n<p>Para los restantes,\u00a0<strong>el inicio de clases oficial en los distintos niveles y modalidades de la Educaci\u00f3n General Obligatoria ser\u00e1 el 1\u00b0 de marzo.\u00a0<\/strong>Asimismo, cada escuela comunicar\u00e1 a sus familias el d\u00eda de inicio de las burbujas de estudiantes atento a que el ingreso ser\u00e1 gradual y progresivo.<\/p>\n<div class=\"ubm_banner\"><a href=\"https:\/\/www.cba.gov.ar\/programa-provincial-de-entrega-de-computadoras\/\" target=\"_blank\" rel=\"dofollow noopener noreferrer\"><img src=\"http:\/\/hoycordobaweb.com\/wp-content\/uploads\/2021\/02\/ayer-lo-hicieron-los-maestros-y-este-viernes-retornan-los-primeros-alumnos-a-las-aulas-de-cordoba.gif\" alt=\"\"><\/a><\/div>\n<p>La entrada <a rel=\"nofollow\" href=\"https:\/\/ladecimaweb.com\/ayer-lo-hicieron-algunos-maestros-y-este-viernes-retornan-los-primeros-alumnos-a-las-aulas-de-cordoba\/\">Ayer lo hicieron los maestros y este viernes retornan los primeros alumnos a las aulas de C\u00f3rdoba<\/a> se public\u00f3 primero en <a rel=\"nofollow\" href=\"https:\/\/ladecimaweb.com\">LaDecima<\/a>.<\/p>\n","protected":false},"excerpt":{"rendered":"<p>Ayer, los equipos directivos y sus docentes comenzaron a trabajar sobre la adaptaci\u00f3n del protocolo de regreso a las aulas. El 60% de las escuelas del sistemas educativo general obligatorio lo hizo de manera presencial. El resto trabaj\u00f3 de manera virtual. (Prensa Provincial) El equipo directivo y docente de 4754 escuelas de gesti\u00f3n estatal y [&hellip;]<\/p>\n","protected":false},"author":1,"featured_media":12992,"comment_status":"closed","ping_status":"closed","sticky":false,"template":"","format":"standard","meta":[],"categories":[19],"tags":[],"_links":{"self":[{"href":"http:\/\/hoycordobaweb.com\/index.php\/wp-json\/wp\/v2\/posts\/12991"}],"collection":[{"href":"http:\/\/hoycordobaweb.com\/index.php\/wp-json\/wp\/v2\/posts"}],"about":[{"href":"http:\/\/hoycordobaweb.com\/index.php\/wp-json\/wp\/v2\/types\/post"}],"author":[{"embeddable":true,"href":"http:\/\/hoycordobaweb.com\/index.php\/wp-json\/wp\/v2\/users\/1"}],"replies":[{"embeddable":true,"href":"http:\/\/hoycordobaweb.com\/index.php\/wp-json\/wp\/v2\/comments?post=12991"}],"version-history":[{"count":0,"href":"http:\/\/hoycordobaweb.com\/index.php\/wp-json\/wp\/v2\/posts\/12991\/revisions"}],"wp:featuredmedia":[{"embeddable":true,"href":"http:\/\/hoycordobaweb.com\/index.php\/wp-json\/wp\/v2\/media\/12992"}],"wp:attachment":[{"href":"http:\/\/hoycordobaweb.com\/index.php\/wp-json\/wp\/v2\/media?parent=12991"}],"wp:term":[{"taxonomy":"category","embeddable":true,"href":"http:\/\/hoycordobaweb.com\/index.php\/wp-json\/wp\/v2\/categories?post=12991"},{"taxonomy":"post_tag","embeddable":true,"href":"http:\/\/hoycordobaweb.com\/index.php\/wp-json\/wp\/v2\/tags?post=12991"}],"curies":[{"name":"wp","href":"https:\/\/api.w.org\/{rel}","templated":true}]}}