{"id":129900,"date":"2026-01-29T20:50:04","date_gmt":"2026-01-29T20:50:04","guid":{"rendered":"http:\/\/hoycordobaweb.com\/index.php\/2026\/01\/29\/la-trampa-de-lo-consciente\/"},"modified":"2026-01-29T20:50:04","modified_gmt":"2026-01-29T20:50:04","slug":"la-trampa-de-lo-consciente","status":"publish","type":"post","link":"http:\/\/hoycordobaweb.com\/index.php\/2026\/01\/29\/la-trampa-de-lo-consciente\/","title":{"rendered":"La trampa de lo \u201cconsciente\u201d"},"content":{"rendered":"<div class=\"media_block\"><\/div>\n<div><img src=\"http:\/\/hoycordobaweb.com\/wp-content\/uploads\/2026\/01\/la-trampa-de-lo-consciente.jpg\" class=\"ff-og-image-inserted\"><\/div>\n<p>\u201c<strong>Consciente<\/strong>\u201d se volvi\u00f3 una palabra de circulaci\u00f3n casi autom\u00e1tica. Empresa consciente, alimentaci\u00f3n consciente, espiritualidad consciente. Ahora todo e \u201cconsciente\u201d. El tema es que su \u00e9xito es directamente proporcional a su indeterminaci\u00f3n: cuanto menos define, m\u00e1s puede circular. Y en ese punto conviene no confundir un problema meramente sem\u00e1ntico con un fen\u00f3meno pol\u00edtico. No estamos ante <a target=\"_blank\" href=\"https:\/\/www.perfil.com\/noticias\/sociedad\/nuevo-bienestar-cuentan-como-entrenar-habitos-para-vivir-mas-pero-tambien-mejor.phtml\" rel=\"noopener noreferrer\">una palabra \u00abde moda\u00bb<\/a> sin m\u00e1s, sino ante un operador discursivo que produce legitimidad, organiza pertenencias y desplaza la exigencia de pruebas hacia el plano moral.<\/p>\n<p>En su uso filos\u00f3fico o psicol\u00f3gico, \u00ab<strong>conciencia<\/strong>\u00bb remite a una operaci\u00f3n reflexiva: advertir el propio acto, tomar distancia, hacerse cargo de criterios. Sin embargo, en los registros contempor\u00e1neos de consumo, gesti\u00f3n y bienestar, \u00abconsciente\u00bb suele funcionar como un atributo meramente honor\u00edfico. Es adorno de una identidad, ni siquiera describe una pr\u00e1ctica. <\/p>\n<blockquote readability=\"4.9882352941176\">\n<p><a target=\"_blank\" href=\"https:\/\/www.perfil.com\/noticias\/cultura\/krishnamurti-la-mente-mas-alla-del-pensamiento.phtml\" rel=\"noopener noreferrer\">La palabra arrastra, como si ahora la empresa y el empresario aparecieran en una t\u00fanica blanca y sandalias de bamb\u00fa\u00bb<\/a><\/p>\n<div class=\"subscription\" readability=\"6.683257918552\">\n<p> Esto no les gusta a los autoritarios <\/p>\n<div class=\"subscription__container\" readability=\"6.1467391304348\">\n<div class=\"subscription__text-wrapper\" readability=\"31.20652173913\">\n<p> El ejercicio del periodismo profesional y cr\u00edtico es un pilar fundamental de la democracia. Por eso molesta a quienes creen ser los due\u00f1os de la verdad. <\/p>\n<\/p><\/div><\/div><\/div>\n<\/blockquote>\n<p>Una empresa no se presenta como alguien que implement\u00f3 X mecanismo verificable: se presenta como \u00abconsciente\u00bb, con todo ese aire grandilocuente que la palabra arrastra, como si ahora la empresa y el empresario aparecieran en una t\u00fanica blanca y sandalias de bamb\u00fa, como si la palabra aportara un plus identitario. <\/p>\n<p>Es un desplazamiento claro: de acciones a esencias y de procedimientos a reputaci\u00f3n. Y con ese desplazamiento cambia el tipo de discusi\u00f3n posible. Ya no se pregunta qu\u00e9 se hace y con qu\u00e9 resultados: se acepta lo que se dice ser.<\/p>\n<p>Pero pens\u00e9moslo un poco m\u00e1s. El primer mecanismo es la vaguedad estrat\u00e9gica. \u00abConsciente\u00bb es un significante el\u00e1stico que permite recontextualizaciones m\u00faltiples. Cada audiencia <strong>puede rellenar el t\u00e9rmino con sus propios valores:<\/strong> sustentabilidad, empat\u00eda, autocuidado, prop\u00f3sito, presencia. Esta elasticidad produce consenso r\u00e1pido, pero un consenso sin ning\u00fan tipo de argumentaci\u00f3n. <\/p>\n<blockquote readability=\"0\">\n<p><a target=\"_blank\" href=\"https:\/\/www.perfil.com\/noticias\/opinion\/batalla-de-inteligencias-llego-la-hora-de-la-reivindicacion-de-la-inteligencia-humana.phtml\" rel=\"noopener noreferrer\">&#8216;Consciente&#8217; no opera como descripci\u00f3n: opera como <strong>juicio<\/strong>. Ubica al hablante del lado de lo virtuoso y empuja al cr\u00edtico al lado de lo &#8216;inconsciente&#8217; \u201d<\/a><\/p>\n<\/blockquote>\n<p>El t\u00e9rmino se vuelve pr\u00e1cticamente irrefutable porque no fija criterios; adem\u00e1s, en rigor, no dice nada. Si alguien lo cuestiona, se lo puede acusar de c\u00ednico o de \u201cno entender\u201d: \u201cay, no lo entender\u00edas porque hay que ser un despierto, un distinto\u201d. No hace falta agregar que esa es una funci\u00f3n cl\u00e1sica de ciertas palabras prestigiosas: inmunizar el discurso contra la demanda de precisi\u00f3n, o mejor dicho, contra toda cr\u00edtica.<\/p>\n<p>El segundo mecanismo es axiol\u00f3gico. \u201cConsciente\u201d no opera como descripci\u00f3n: <strong>opera como juicio<\/strong>. Ubica al hablante del lado de lo virtuoso y empuja al cr\u00edtico al lado de lo \u201cinconsciente\u201d, lo atrasado, lo irresponsable. La diferencia deja de ser una disputa de razones y pasa a ser una frontera moral. Esto clausura la deliberaci\u00f3n porque convierte el desacuerdo en un d\u00e9ficit \u00e9tico.<\/p>\n<blockquote readability=\"0\">\n<p><a target=\"_blank\" href=\"https:\/\/www.perfil.com\/noticias\/opinion\/de-las-no-cosas-a-la-cruz-la-filosofia-de-byung-chul-han.phtml\" rel=\"noopener noreferrer\">Nunca es la estructura, el sistema, los intereses de fondo, ni mucho menos la matriz econ\u00f3mica y pol\u00edtica. Siempre sos vos y tu falta de conciencia\u00bb<\/a><\/p>\n<\/blockquote>\n<p>El tercer mecanismo es la producci\u00f3n de subjetividad. \u201cConsciente\u201d no solo etiqueta productos o culturas, tambi\u00e9n<strong> <\/strong>fabrica un tipo de sujeto. En sociedades donde la gobernanza se vuelve difusa, y donde la gesti\u00f3n de riesgos y costos se desplaza hacia abajo, <strong>se espera que el individuo se autorregule<\/strong>. La ret\u00f3rica de la conciencia encaja perfecto porque convierte el control en ideal. No hace falta disciplinar desde afuera cuando el sujeto interioriza la norma como aspiraci\u00f3n. <\/p>\n<p>Ser consciente se vuelve un deber, casi una identidad. Y lo clave es el efecto pol\u00edtico: cuando algo falla, la explicaci\u00f3n tiende a individualizarse. Obvio, mi no es el sistema, es tu falta de conciencia, tu h\u00e1bito, tu nivel de presencia. Es decir, nunca es la estructura, el sistema, los intereses de fondo, ni mucho menos la matriz econ\u00f3mica y pol\u00edtica. Siempre sos vos y<strong> tu falta de conciencia.<\/strong><\/p>\n<p>Esa individualizaci\u00f3n tiene un costo epistemol\u00f3gico visible porque desplaza saberes. \u201cAlimentaci\u00f3n consciente\u201dpuede transformar un problema socioecon\u00f3mico y biopol\u00edtico en una cuesti\u00f3n de elecci\u00f3n privada, como si el acceso desigual a alimentos, la industria del ultraprocesado, la violencia publicitaria, la precariedad del tiempo y el estr\u00e9s laboral fueran meros detalles. <\/p>\n<p>\u201cEmpresa consciente\u201d puede funcionar como pantalla que vuelve secundarias preguntas por salarios, tercerizaciones, condiciones de trabajo, mecanismos de queja, rendici\u00f3n de cuentas, impactos ambientales auditables. La palabra, en vez de abrir an\u00e1lisis, lo reemplaza por un perfume \u00e9tico. Se compra legitimidad sin pagar el precio de la prueba.<\/p>\n<p>Pero ojo: \u201cconsciente\u201d puede leerse tambi\u00e9n como un operador de verificaci\u00f3n liviana. Lo que quiero decir es que produce efectos de verdad sin someterse a un r\u00e9gimen de validaci\u00f3n. No se apoya en protocolos, indicadores o auditor\u00edas, sino en reputaci\u00f3n y pertenencia. <\/p>\n<p>Es una palabra-carnet: habilita acceso simb\u00f3lico al circuito de los \u201cbuenos\u201d y <strong>desplaza al campo de la sospecha <\/strong>a quienes piden explicaciones y criterio, a quienes tienen pensamiento cr\u00edtico. Lo m\u00e1s interesante es que su poder no radica en su capacidad de explicar, sino, por el contrario, en su capacidad para no explicar absolutamente nada.<\/p>\n<p>Por eso, la importancia de desmontarla. La cr\u00edtica exige operacionalizar: \u00bfqu\u00e9 significa \u00abconsciente\u00bb en pr\u00e1cticas observables? \u00bfQu\u00e9 criterios lo determinan? \u00bfQui\u00e9n mide y qui\u00e9n audita? \u00bfQu\u00e9 se hace distinto, con qu\u00e9 recursos, con qu\u00e9 consecuencias? \u00bfQu\u00e9 estructura se transforma y qu\u00e9 asimetr\u00eda se corrige? Cuando se obliga a responder estas preguntas, muchas veces la palabra se desinfla. Es ah\u00ed cuando se nota que \u201cconsciente\u201d era nada m\u00e1s y nada menos que una estrategia de legitimaci\u00f3n.<\/p>\n<p>El punto final es, quiz\u00e1, el m\u00e1s molesto: estas palabras prosperan porque prometen sentido en un mundo saturado. Funcionan como atajos afectivos. Pero precisamente por eso su cr\u00edtica es una tarea epistemol\u00f3gica y pol\u00edtica. <\/p>\n<p>No intento negar el deseo de vivir mejor, pero s\u00ed impedir que ese deseo sea capturado por etiquetas que moralizan, despolitizan y clausuran el an\u00e1lisis, la cr\u00edtica y el pensamiento. Recuperar rigor aqu\u00ed es recuperar una forma de libertad: la libertad de sospechar y de pensar aquello que se vuelve tan transparente, empalagoso, repetitivo.<\/p>\n<h4><em>*Licenciado en Filosof\u00eda<\/em><\/h4>\n","protected":false},"excerpt":{"rendered":"<p>\u201cConsciente\u201d se volvi\u00f3 una palabra de circulaci\u00f3n casi autom\u00e1tica. Empresa consciente, alimentaci\u00f3n consciente, espiritualidad consciente. Ahora todo e \u201cconsciente\u201d. El tema es que su \u00e9xito es directamente proporcional a su indeterminaci\u00f3n: cuanto menos define, m\u00e1s puede circular. Y en ese punto conviene no confundir un problema meramente sem\u00e1ntico con un fen\u00f3meno pol\u00edtico. No estamos ante [&hellip;]<\/p>\n","protected":false},"author":1,"featured_media":129901,"comment_status":"closed","ping_status":"closed","sticky":false,"template":"","format":"standard","meta":[],"categories":[19],"tags":[2628,826,2627,2630,2629,1437],"_links":{"self":[{"href":"http:\/\/hoycordobaweb.com\/index.php\/wp-json\/wp\/v2\/posts\/129900"}],"collection":[{"href":"http:\/\/hoycordobaweb.com\/index.php\/wp-json\/wp\/v2\/posts"}],"about":[{"href":"http:\/\/hoycordobaweb.com\/index.php\/wp-json\/wp\/v2\/types\/post"}],"author":[{"embeddable":true,"href":"http:\/\/hoycordobaweb.com\/index.php\/wp-json\/wp\/v2\/users\/1"}],"replies":[{"embeddable":true,"href":"http:\/\/hoycordobaweb.com\/index.php\/wp-json\/wp\/v2\/comments?post=129900"}],"version-history":[{"count":0,"href":"http:\/\/hoycordobaweb.com\/index.php\/wp-json\/wp\/v2\/posts\/129900\/revisions"}],"wp:featuredmedia":[{"embeddable":true,"href":"http:\/\/hoycordobaweb.com\/index.php\/wp-json\/wp\/v2\/media\/129901"}],"wp:attachment":[{"href":"http:\/\/hoycordobaweb.com\/index.php\/wp-json\/wp\/v2\/media?parent=129900"}],"wp:term":[{"taxonomy":"category","embeddable":true,"href":"http:\/\/hoycordobaweb.com\/index.php\/wp-json\/wp\/v2\/categories?post=129900"},{"taxonomy":"post_tag","embeddable":true,"href":"http:\/\/hoycordobaweb.com\/index.php\/wp-json\/wp\/v2\/tags?post=129900"}],"curies":[{"name":"wp","href":"https:\/\/api.w.org\/{rel}","templated":true}]}}