{"id":129898,"date":"2026-01-29T18:59:00","date_gmt":"2026-01-29T18:59:00","guid":{"rendered":"https:\/\/www.ole.com.ar\/futbol-internacional\/italia\/prestamo-franco-carboni-parma-serie-valentin-carboni-river-racing-inter-milan_0_o3ydhBVpnr.html"},"modified":"2026-01-29T18:59:00","modified_gmt":"2026-01-29T18:59:00","slug":"franco-carboni-fue-presentado-como-refuerzo-del-parma","status":"publish","type":"post","link":"http:\/\/hoycordobaweb.com\/index.php\/2026\/01\/29\/franco-carboni-fue-presentado-como-refuerzo-del-parma\/","title":{"rendered":"Franco Carboni fue presentado como refuerzo del Parma"},"content":{"rendered":"<p><img src=\"http:\/\/hoycordobaweb.com\/wp-content\/uploads\/2026\/01\/franco-carboni-fue-presentado-como-refuerzo-del-parma.jpg\"><\/p>\n<p><time class=\"createDate\" datetime=\"2026-01-29T15:59:00-03:00\">29\/01\/2026 15:59hs.<\/time><\/p>\n<div id=\"storyBody\">\n<div id=\"element-body-0\" class=\"sc-136cd478-0 ekTCfV\" readability=\"34.786069651741\">\n<p>A sus 22 a\u00f1os, <strong><a href=\"https:\/\/www.ole.com.ar\/tema\/franco-carboni.html\" title=\"Franco Carboni\" alt=\"Franco Carboni\" class=\"slug\">Franco Carboni<\/a> fue presentado oficialmente como nuevo refuerzo del <a href=\"https:\/\/www.ole.com.ar\/tema\/parma.html\" title=\"Parma\" alt=\"Parma\" class=\"slug\">Parma<\/a>, que lo suma a pr\u00e9stamo desde el <a href=\"https:\/\/www.ole.com.ar\/tema\/inter-de-milan.html\" title=\"Inter de Milan\" alt=\"Inter de Milan\" class=\"slug\">Inter de Mil\u00e1n<\/a><\/strong> con la idea de potenciarlo y darle la continuidad que hace mucho no consigue en una temporada. Para el jugador es una chance clave para volver a mostrarse y afirmarse en una liga que ya conoce, y que suele ser una vidriera importante para los j\u00f3venes argentinos.<\/p>\n<\/div>\n<div id=\"element-body-1\" class=\"sc-136cd478-0 ekTCfV\" readability=\"38.420792079208\">\n<p><strong>Carboni dio sus primeros pasos en <a href=\"https:\/\/www.ole.com.ar\/tema\/lanus.html\" title=\"Lan\u00fas\" alt=\"Lan\u00fas\" class=\"slug\">Lan\u00fas<\/a><\/strong> antes de llegar a Catania. En 2020 lo fich\u00f3 el Inter, donde pas\u00f3 por las Inferiores y fue campe\u00f3n del torneo Primavera 2021\/22, adem\u00e1s de disputar la Youth League. Luego debut\u00f3 en Serie B con el Cagliari, y m\u00e1s tarde en Serie A con Monza ante Milan. <strong>En la temporada pasada pas\u00f3 por Venezia y disput\u00f3 19 partidos con Empoli, incluidos dos por Coppa Italia<\/strong>.<\/p>\n<\/div>\n<p><h2>El paso fugaz por River y una salida inesperada<\/h2>\n<\/p>\n<div id=\"element-body-3\" class=\"sc-136cd478-0 ekTCfV\" readability=\"38.447592067989\">\n<p>El nombre de Carboni tambi\u00e9n fue importante en uno de los <strong>\u00faltimos mercados de pases de <a href=\"https:\/\/www.ole.com.ar\/tema\/river-plate.html\" title=\"River Plate\" alt=\"River Plate\" class=\"slug\">River<\/a>, en una de las historias m\u00e1s llamativas del 2024<\/strong>. Lleg\u00f3 desde Inter con un pr\u00e9stamo por 18 meses y un cargo de 500 mil euros, <strong>fue presentado en julio y, apenas semanas despu\u00e9s, rescindi\u00f3 sin debutar oficialmente<\/strong>. Una situaci\u00f3n tan breve como ins\u00f3lita.<\/p>\n<\/div>\n<div class=\"sc-e7b891c4-0 ifHnQL image-embed\" id=\"element-body-4\"><img alt=\"Franco Carboni y la firma de su contrato junto a Jorge Brito. Prensa River.\" loading=\"lazy\" width=\"720\" height=\"100\" decoding=\"async\" data-nimg=\"1\" src=\"http:\/\/hoycordobaweb.com\/wp-content\/uploads\/2026\/01\/franco-carboni-fue-presentado-como-refuerzo-del-parma-2.jpg\"><span class=\"epigraphe\">Franco Carboni y la firma de su contrato junto a Jorge Brito. Prensa River.<\/span><\/div>\n<div id=\"element-body-5\" class=\"sc-136cd478-0 ekTCfV\" readability=\"37\">\n<p>Con Mart\u00edn Demichelis hab\u00eda participado en un amistoso en el Monumental ante Millonarios, pero el regreso de Marcelo Gallardo y el fichaje de Marcos Acu\u00f1a cambiaron el escenario. <strong>Franco decidi\u00f3 volver a Europa donde iba a tener m\u00e1s oportunidades de jugar y River cort\u00f3 el v\u00ednculo<\/strong>. Luego fue cedido otra vez a Venezia, donde tuvo pocos minutos y qued\u00f3 relegado en la rotaci\u00f3n.<\/p>\n<\/div>\n<p><h2>El Carboni que hace ruido en Argentina<\/h2>\n<\/p>\n<div id=\"element-body-7\" class=\"sc-136cd478-0 ekTCfV\" readability=\"38.6425\">\n<p>Mientras Franco busca afianzarse en Italia, <strong> su apellido tambi\u00e9n suena fuerte en Avellaneda. <a href=\"https:\/\/www.ole.com.ar\/tema\/valentin-carboni.html\" title=\"Valent\u00edn Carboni\" alt=\"Valent\u00edn Carboni\" class=\"slug\">Valent\u00edn Carboni<\/a>, su hermano menor, est\u00e1 en <a href=\"https:\/\/www.ole.com.ar\/tema\/racing.html\" title=\"Racing\" alt=\"Racing\" class=\"slug\">Racing<\/a> como pr\u00e9stamo desde el Inter. <\/strong>Costas lo reclut\u00f3 este mercado de pases, lo que hizo ilusionar a muchos hinchas de la Academia. A pesar de esto, quien fuera parte de la lista de Lionel Scaloni para la Copa Am\u00e9rica, todav\u00eda no mostr\u00f3 su mejor versi\u00f3n.<\/p>\n<\/div>\n<div class=\"sc-e7b891c4-0 ifHnQL image-embed\" id=\"element-body-8\"><img alt=\"Valent\u00edn Carboni en el partido contra Gimnasia. (Juano Tesone)\" loading=\"lazy\" width=\"720\" height=\"100\" decoding=\"async\" data-nimg=\"1\" src=\"http:\/\/hoycordobaweb.com\/wp-content\/uploads\/2026\/01\/franco-carboni-fue-presentado-como-refuerzo-del-parma-3.jpg\"><span class=\"epigraphe\">Valent\u00edn Carboni en el partido contra Gimnasia. (Juano Tesone)<\/span><\/div>\n<div id=\"element-body-9\" class=\"sc-136cd478-0 ekTCfV\" readability=\"36\">\n<p>Fue titular en los dos partidos del Torneo Apertura, formando un tridente delantero con Maravilla Mart\u00ednez y Vergara, pero en ambos partidos la Academia se fue derrotada. El cedido por el Inter no lleg\u00f3 a completar los 90 minutos en ninguno de los encuentros y sali\u00f3 antes de la hora de juego.<\/p>\n<\/div>\n<div id=\"element-body-10\" class=\"sc-a7166897-0 eoLsBE\" readability=\"32.5\">\n<section readability=\"5\"><picture><img alt=\"Cristiano Carboni, el m\u00e1s chico de la familia, firm\u00f3 su primer contrato con el Inter\" loading=\"lazy\" width=\"290\" height=\"290\" decoding=\"async\" data-nimg=\"1\" src=\"http:\/\/hoycordobaweb.com\/wp-content\/uploads\/2026\/01\/franco-carboni-fue-presentado-como-refuerzo-del-parma-4.jpg\"><\/picture>\n<p><span>Mir\u00e1 tambi\u00e9n<\/span><\/p>\n<hr>\n<h3>Cristiano Carboni, el m\u00e1s chico de la familia, firm\u00f3 su primer contrato con el Inter<\/h3>\n<\/p>\n<\/section>\n<\/div>\n<div id=\"element-body-11\" class=\"sc-a7166897-0 eoLsBE\" readability=\"31.5\">\n<section readability=\"3\"><picture><img alt=\"Valent\u00edn Carboni ya se entrena en Racing y avisa: \u201cPuedo aportar desequilibrio ofensivo\u201d\" loading=\"lazy\" width=\"290\" height=\"290\" decoding=\"async\" data-nimg=\"1\" src=\"http:\/\/hoycordobaweb.com\/wp-content\/uploads\/2026\/01\/franco-carboni-fue-presentado-como-refuerzo-del-parma-5.jpg\"><\/picture>\n<p><span>Mir\u00e1 tambi\u00e9n<\/span><\/p>\n<hr>\n<h3>Valent\u00edn Carboni ya se entrena en Racing y avisa: \u201cPuedo aportar desequilibrio ofensivo\u201d<\/h3>\n<\/p>\n<\/section>\n<\/div>\n<div id=\"element-body-12\" class=\"sc-a7166897-0 eoLsBE\" readability=\"31\">\n<section readability=\"2\"><picture><img alt=\"Carboni en Racing: &quot;Lautaro me dijo que llego a un gran club&quot;\" loading=\"lazy\" width=\"290\" height=\"290\" decoding=\"async\" data-nimg=\"1\" src=\"http:\/\/hoycordobaweb.com\/wp-content\/uploads\/2026\/01\/franco-carboni-fue-presentado-como-refuerzo-del-parma-6.jpg\"><\/picture>\n<p><span>Mir\u00e1 tambi\u00e9n<\/span><\/p>\n<hr>\n<h3>Carboni en Racing: \u00abLautaro me dijo que llego a un gran club\u00bb<\/h3>\n<\/p>\n<\/section>\n<\/div>\n<\/div>\n","protected":false},"excerpt":{"rendered":"<p>29\/01\/2026 15:59hs. A sus 22 a\u00f1os, Franco Carboni fue presentado oficialmente como nuevo refuerzo del Parma, que lo suma a pr\u00e9stamo desde el Inter de Mil\u00e1n con la idea de potenciarlo y darle la continuidad que hace mucho no consigue en una temporada. Para el jugador es una chance clave para volver a mostrarse y [&hellip;]<\/p>\n","protected":false},"author":1,"featured_media":129899,"comment_status":"open","ping_status":"closed","sticky":false,"template":"","format":"standard","meta":[],"categories":[16],"tags":[],"_links":{"self":[{"href":"http:\/\/hoycordobaweb.com\/index.php\/wp-json\/wp\/v2\/posts\/129898"}],"collection":[{"href":"http:\/\/hoycordobaweb.com\/index.php\/wp-json\/wp\/v2\/posts"}],"about":[{"href":"http:\/\/hoycordobaweb.com\/index.php\/wp-json\/wp\/v2\/types\/post"}],"author":[{"embeddable":true,"href":"http:\/\/hoycordobaweb.com\/index.php\/wp-json\/wp\/v2\/users\/1"}],"replies":[{"embeddable":true,"href":"http:\/\/hoycordobaweb.com\/index.php\/wp-json\/wp\/v2\/comments?post=129898"}],"version-history":[{"count":0,"href":"http:\/\/hoycordobaweb.com\/index.php\/wp-json\/wp\/v2\/posts\/129898\/revisions"}],"wp:featuredmedia":[{"embeddable":true,"href":"http:\/\/hoycordobaweb.com\/index.php\/wp-json\/wp\/v2\/media\/129899"}],"wp:attachment":[{"href":"http:\/\/hoycordobaweb.com\/index.php\/wp-json\/wp\/v2\/media?parent=129898"}],"wp:term":[{"taxonomy":"category","embeddable":true,"href":"http:\/\/hoycordobaweb.com\/index.php\/wp-json\/wp\/v2\/categories?post=129898"},{"taxonomy":"post_tag","embeddable":true,"href":"http:\/\/hoycordobaweb.com\/index.php\/wp-json\/wp\/v2\/tags?post=129898"}],"curies":[{"name":"wp","href":"https:\/\/api.w.org\/{rel}","templated":true}]}}