{"id":129896,"date":"2026-01-29T19:29:22","date_gmt":"2026-01-29T19:29:22","guid":{"rendered":"https:\/\/www.ole.com.ar\/futbol-internacional\/europa-league\/dibu-martinez-emiliano-buendia-aston-villa-recibe-salzburgo-europa-league_0_x0xsQs4Aov.html"},"modified":"2026-01-29T19:29:22","modified_gmt":"2026-01-29T19:29:22","slug":"con-un-insolito-gol-en-contra-aston-villa-cae-1-0-frente-a-salzburgo-por-la-europa-league","status":"publish","type":"post","link":"http:\/\/hoycordobaweb.com\/index.php\/2026\/01\/29\/con-un-insolito-gol-en-contra-aston-villa-cae-1-0-frente-a-salzburgo-por-la-europa-league\/","title":{"rendered":"Con un ins\u00f3lito gol en contra, Aston Villa cae 1-0 frente a Salzburgo por la Europa League"},"content":{"rendered":"<p><img src=\"http:\/\/hoycordobaweb.com\/wp-content\/uploads\/2026\/01\/con-un-insolito-gol-en-contra-aston-villa-cae-1-0-frente-a-salzburgo-por-la-europa-league.jpg\"><\/p>\n<p><span class=\"createDate\">29\/01\/2026 16:29hs.<\/span><time class=\"modificatedDate\" datetime=\"2026-01-29T18:15:42-03:00\"> Actualizado al 29\/01\/2026 18:15hs.<\/time><\/p>\n<div id=\"storyBody\">\n<div id=\"element-body-0\" class=\"sc-136cd478-0 ekTCfV\" readability=\"31.509316770186\">\n<p>Este jueves se cierra la clasificaci\u00f3n de la primera fase de la <strong><a href=\"https:\/\/www.ole.com.ar\/tema\/uefa-europa-league.html\" title=\"UEFA Europa League\" alt=\"UEFA Europa League\" class=\"slug\">Europa League<\/a><\/strong> y, con <strong><a href=\"https:\/\/www.ole.com.ar\/tema\/aston-villa.html\" title=\"Aston Villa\" alt=\"Aston Villa\" class=\"slug\">Aston Villa<\/a><\/strong> segundo en la tabla y ya clasificado a los octavos de final, <strong> <a href=\"https:\/\/www.ole.com.ar\/tema\/damian-emiliano-martinez.html\" title=\"Dami\u00e1n Emiliano Mart\u00ednez\" alt=\"Dami\u00e1n Emiliano Mart\u00ednez\" class=\"slug\">Dibu Mart\u00ednez<\/a><\/strong> y <strong><a href=\"https:\/\/www.ole.com.ar\/tema\/emiliano-buendia.html\" title=\"Emiliano Buend\u00eda\" alt=\"Emiliano Buend\u00eda\" class=\"slug\">Emiliano Buend\u00eda<\/a><\/strong> son los dos argentinos presentes en el campo de juego para el equipo de Unai Emery, que se mide ante Salzburgo. Seguilo en <strong>Ol\u00e9<\/strong>.<\/p>\n<\/div>\n<p><h2><strong>Resumen del partido<\/strong><\/h2>\n<\/p>\n<div id=\"element-body-2\" class=\"sc-136cd478-0 ekTCfV\" readability=\"38\">\n<p>Ni para un lado ni para el otro: con media hora de juego y sin muchas ocasiones, m\u00e1s all\u00e1 de una doble atajada de Dibu Mart\u00ednez a los 20 minutos, pas\u00f3 lo peor para los locales. <strong>Una pelota hacia atr\u00e1s perdida por Mings dentro del \u00e1rea deriv\u00f3 en un gol en contra de Lindelof,<\/strong> un error defensivo que le cost\u00f3 caro al equipo de Emery y el 1-0 en contra en el marcador.<\/p>\n<\/div>\n<div id=\"element-body-3\" class=\"sc-136cd478-0 ekTCfV\" readability=\"36\">\n<p>Ya en el segundo tiempo las cosas no mejoraron para el equipo de Birmingham. Con un juego todav\u00eda apagado y un Salzburgo muy intenso, lleg\u00f3 el segundo del partido: <strong>golazo de taco de Moussa Kounfolo, con asistencia de Kerim Alajbegovic.<\/strong><\/p>\n<\/div>\n<p><h2><strong>Video: el ins\u00f3lito gol en contra de Aston Villa<\/strong><\/h2>\n<\/p>\n<div id=\"element-body-5\" class=\"sc-3c5a76cc-1 idjLTd\">\n<div class=\"JWvideoNota_title\">\n<p>Video: ESPN.<\/p>\n<\/div>\n<\/div>\n<p><h2><strong>Video: la tremenda doble atajada de Dibu<\/strong><\/h2>\n<\/p>\n<div id=\"element-body-7\" class=\"sc-3c5a76cc-1 idjLTd\">\n<div class=\"JWvideoNota_title\">\n<p>Video: ESPN.<\/p>\n<\/div>\n<\/div>\n<p><h2><strong>El once de Aston Villa para enfrentar a Salzburgo<\/strong><\/h2>\n<\/p>\n<div class=\"custom-embedhtml\" id=\"element-body-9\" readability=\"18.380530973451\">\n<blockquote class=\"twitter-tweet\" readability=\"2.9646017699115\">\n<p lang=\"en\" dir=\"ltr\">Your Villa XI in the <a href=\"https:\/\/twitter.com\/hashtag\/UEL?src=hash&amp;ref_src=twsrc%5Etfw\">#UEL<\/a> tonight \ud83e\udee1 <a href=\"https:\/\/t.co\/ENEwKFaqYU\">pic.twitter.com\/ENEwKFaqYU<\/a><\/p>\n<p>\u2014 Aston Villa (@AVFCOfficial) <a href=\"https:\/\/twitter.com\/AVFCOfficial\/status\/2016945723674145169?ref_src=twsrc%5Etfw\">January 29, 2026<\/a><\/p><\/blockquote><\/div>\n<p><h2><strong>Las estad\u00edsticas del partido<\/strong><\/h2>\n<\/p>\n<div id=\"element-body-11\"><link rel=\"stylesheet\" href=\"\/\/secure.widget.cloud.opta.net\/v3\/css\/v3.football.opta-widgets.css\" type=\"text\/css\" as=\"style\" importance=\"high\">\n<div class=\"sc-3edc393a-0 kdxMsg\">\n<p><span>ESTAD\u00cdSTICAS<\/span><\/p>\n<p><opta-widget widget=\"matchstats\" competition=\"6\" season=\"2025\" match=\"2602076\" template=\"custom\" live=\"true\" navigation=\"tabs_more\" default_nav=\"1\" show_match_header=\"false\" show_score=\"true\" show_halftime_score=\"true\" show_crests=\"true\" show_team_formation=\"true\" show_competition_name=\"true\" graph_style=\"full\" show_date=\"false\" date_format=\"dddd D MMMM YYYY\" narrow_date_format=\"DD\/MM\/YY\" rounding=\"1\" competition_naming=\"full\" team_naming=\"full\" stats_categories=\"Category 1|possession,shots,shots_on_target,shots_blocked,passes,passes_accuracy,fouls_conceded,corners_won,offsides\" show_live=\"true\" show_logo=\"true\" show_title=\"true\" breakpoints=\"400, 700\" sport=\"football\"><\/opta-widget><\/div>\n<\/div>\n<div id=\"element-body-12\" class=\"sc-a7166897-0 eoLsBE\" readability=\"32\">\n<section readability=\"4\"><picture><img alt=\"Mapa de la Champions: clasificados a octavos, qui\u00e9nes entraron a playoffs y c\u00f3mo y cu\u00e1ndo se disputar\u00e1n los cruces\" loading=\"lazy\" width=\"290\" height=\"290\" decoding=\"async\" data-nimg=\"1\" src=\"http:\/\/hoycordobaweb.com\/wp-content\/uploads\/2026\/01\/con-un-insolito-gol-en-contra-aston-villa-cae-1-0-frente-a-salzburgo-por-la-europa-league-2.jpg\"><\/picture>\n<p><span>Mir\u00e1 tambi\u00e9n<\/span><\/p>\n<hr>\n<h3>Mapa de la Champions: clasificados a octavos, qui\u00e9nes entraron a playoffs y c\u00f3mo y cu\u00e1ndo se disputar\u00e1n los cruces<\/h3>\n<\/p>\n<\/section>\n<\/div>\n<div id=\"element-body-13\" class=\"sc-a7166897-0 eoLsBE\" readability=\"32.5\">\n<section readability=\"5\"><picture><img alt=\"Se viene el sorteo de los playoffs de la Champions League: formato, d\u00eda, hora y c\u00f3mo verlo en vivo\" loading=\"lazy\" width=\"290\" height=\"290\" decoding=\"async\" data-nimg=\"1\" src=\"http:\/\/hoycordobaweb.com\/wp-content\/uploads\/2026\/01\/con-un-insolito-gol-en-contra-aston-villa-cae-1-0-frente-a-salzburgo-por-la-europa-league-3.jpg\"><\/picture>\n<p><span>Mir\u00e1 tambi\u00e9n<\/span><\/p>\n<hr>\n<h3>Se viene el sorteo de los playoffs de la Champions League: formato, d\u00eda, hora y c\u00f3mo verlo en vivo<\/h3>\n<\/p>\n<\/section>\n<\/div>\n<\/div>\n","protected":false},"excerpt":{"rendered":"<p>29\/01\/2026 16:29hs. Actualizado al 29\/01\/2026 18:15hs. Este jueves se cierra la clasificaci\u00f3n de la primera fase de la Europa League y, con Aston Villa segundo en la tabla y ya clasificado a los octavos de final, Dibu Mart\u00ednez y Emiliano Buend\u00eda son los dos argentinos presentes en el campo de juego para el equipo de [&hellip;]<\/p>\n","protected":false},"author":1,"featured_media":129897,"comment_status":"open","ping_status":"closed","sticky":false,"template":"","format":"standard","meta":[],"categories":[16],"tags":[],"_links":{"self":[{"href":"http:\/\/hoycordobaweb.com\/index.php\/wp-json\/wp\/v2\/posts\/129896"}],"collection":[{"href":"http:\/\/hoycordobaweb.com\/index.php\/wp-json\/wp\/v2\/posts"}],"about":[{"href":"http:\/\/hoycordobaweb.com\/index.php\/wp-json\/wp\/v2\/types\/post"}],"author":[{"embeddable":true,"href":"http:\/\/hoycordobaweb.com\/index.php\/wp-json\/wp\/v2\/users\/1"}],"replies":[{"embeddable":true,"href":"http:\/\/hoycordobaweb.com\/index.php\/wp-json\/wp\/v2\/comments?post=129896"}],"version-history":[{"count":0,"href":"http:\/\/hoycordobaweb.com\/index.php\/wp-json\/wp\/v2\/posts\/129896\/revisions"}],"wp:featuredmedia":[{"embeddable":true,"href":"http:\/\/hoycordobaweb.com\/index.php\/wp-json\/wp\/v2\/media\/129897"}],"wp:attachment":[{"href":"http:\/\/hoycordobaweb.com\/index.php\/wp-json\/wp\/v2\/media?parent=129896"}],"wp:term":[{"taxonomy":"category","embeddable":true,"href":"http:\/\/hoycordobaweb.com\/index.php\/wp-json\/wp\/v2\/categories?post=129896"},{"taxonomy":"post_tag","embeddable":true,"href":"http:\/\/hoycordobaweb.com\/index.php\/wp-json\/wp\/v2\/tags?post=129896"}],"curies":[{"name":"wp","href":"https:\/\/api.w.org\/{rel}","templated":true}]}}