{"id":129892,"date":"2026-01-29T19:37:40","date_gmt":"2026-01-29T19:37:40","guid":{"rendered":"https:\/\/www.ole.com.ar\/river-plate\/river-galvan-quintero-juanfer-sociedad-gallardo_0_uhgz2z0dMh.html"},"modified":"2026-01-29T19:37:40","modified_gmt":"2026-01-29T19:37:40","slug":"tomas-galvan-sobre-su-sociedad-con-juanfer-en-el-river-de-gallardo-me-tengo-que-adaptar-a-el-a-su-calidad","status":"publish","type":"post","link":"http:\/\/hoycordobaweb.com\/index.php\/2026\/01\/29\/tomas-galvan-sobre-su-sociedad-con-juanfer-en-el-river-de-gallardo-me-tengo-que-adaptar-a-el-a-su-calidad\/","title":{"rendered":"Tom\u00e1s Galv\u00e1n, sobre su sociedad con Juanfer en el River de Gallardo: \u00abMe tengo que adaptar a \u00e9l, a su calidad\u00bb"},"content":{"rendered":"<p><img src=\"http:\/\/hoycordobaweb.com\/wp-content\/uploads\/2026\/01\/tomas-galvan-sobre-su-sociedad-con-juanfer-en-el-river-de-gallardo-me-tengo-que-adaptar-a-el-a-su-calidad.jpg\"><\/p>\n<p><time class=\"createDate\" datetime=\"2026-01-29T16:37:40-03:00\">29\/01\/2026 16:37hs.<\/time><\/p>\n<div id=\"storyBody\">\n<div id=\"element-body-0\" class=\"sc-136cd478-0 ekTCfV\" readability=\"42.422110552764\">\n<p>Perfil bajo, calidad t\u00e9cnica, panorama de juego, simpleza y precisi\u00f3n en los pases, inteligencia para asociarse con sus compa\u00f1eros y capacidad natural para pisar el \u00e1rea rival con ambici\u00f3n de gol. Las caracter\u00edsticas de <strong><a href=\"https:\/\/www.ole.com.ar\/tema\/tomas-galvan.html\" title=\"Tom\u00e1s Galv\u00e1n\" alt=\"Tom\u00e1s Galv\u00e1n\" class=\"slug\">Tom\u00e1s Galv\u00e1n<\/a><\/strong>, el volante de 25 a\u00f1os formado en la cantera de N\u00fa\u00f1ez que regres\u00f3 a <strong><a href=\"https:\/\/www.ole.com.ar\/tema\/river-plate.html\" title=\"River Plate\" alt=\"River Plate\" class=\"slug\">River<\/a><\/strong> tras su pr\u00e9stamo en V\u00e9lez (fue su cuarta cesi\u00f3n consecutiva a diferentes clubes), funcionaron como el complemento ideal para <strong><a href=\"https:\/\/www.ole.com.ar\/tema\/juan-fernando-quintero.html\" title=\"Juan Fernando Quintero\" alt=\"Juan Fernando Quintero\" class=\"slug\">Juan Fernando Quintero<\/a><\/strong> en el equipo del <strong><a href=\"https:\/\/www.ole.com.ar\/tema\/marcelo-gallardo.html\" title=\"Marcelo Gallardo\" alt=\"Marcelo Gallardo\" class=\"slug\">Mu\u00f1eco Gallardo<\/a> <\/strong>en las dos primeras fechas del Apertura. <strong>\u00abEs lo que nos pide Marcelo, que nos juntemos, que rompamos l\u00edneas entre los volantes rivales<\/strong>. <strong>Sabemos la clase de jugador que es Juanfer y tambi\u00e9n me tengo que adaptar a \u00e9l, a su calidad\u00bb<\/strong>, dijo el mediocampista que brillaba como enganche cl\u00e1sico en las Inferiores del CARP y se reconvirti\u00f3 en un interno izquierdo que sum\u00f3 claridad y lucidez en un puesto que no ten\u00eda due\u00f1o fijo en el 11 de MG y que Galv\u00e1n se gan\u00f3 durante la pretemporada.<\/p>\n<\/div>\n<div id=\"element-body-1\" class=\"sc-136cd478-0 ekTCfV\" readability=\"37\">\n<p>\u00abRecib\u00ed un llamado de Gallardo y Mariano Barnao (gerente de f\u00fatbol de River y mano derecha del det\u00e9) y <strong>me dijeron que pod\u00eda ir a la pretemporada y mostrarme<\/strong>. <strong>Creo que la aprovech\u00e9 y me fue muy bien. Hoy me toca estar ac\u00e1 y estoy muy contento\u00bb<\/strong>, dijo TG26 tras el 2-0 ante Gimnasia en el Monumental con un doblete del colombiano, capit\u00e1n y l\u00edder futbol\u00edstico del equipo.<\/p>\n<\/div>\n<div id=\"element-body-2\" class=\"sc-136cd478-0 ekTCfV\" readability=\"44\">\n<p>As\u00ed como sucedi\u00f3 en las victorias ante Barracas en el debut oficial de River en el a\u00f1o y se potenci\u00f3 en la victoria ante el Lobo, Juanfer Quintero le devolvi\u00f3 la pared a Galv\u00e1n con un elogio para el volante que utiliza el dorsal #26 que usaba Nacho Fern\u00e1ndez, el hist\u00f3rico compinche del Mago en la eterna Copa Libertadores 2018. <strong>\u00abTomi es un gran jugador, es bueno que se sienta bien, que se sienta c\u00f3modo y ojal\u00e1 que sigan los buenos resultados\u00bb, fueron las palabras del colombiano para mimar a<\/strong> un <strong>Galv\u00e1n<\/strong> que no quiere dejar pasar la gran posibilidad de concretar su sue\u00f1o del pibe de triunfar con la Banda. <strong> \u00abEs una nueva oportunidad para m\u00ed, estoy muy contento por volver al Monumental<\/strong>. La \u00faltima que hab\u00eda jugado ac\u00e1 era con las tribunas con menos gente y ver esta cancha llena, repleta de gente, es muy hermoso\u00bb, cont\u00f3.<\/p>\n<\/div>\n<div class=\"sc-e7b891c4-0 ifHnQL image-embed\" id=\"element-body-3\"><img alt=\"Tom\u00e1s Galv\u00e1n, el volante formado en River que volvi\u00f3 a N\u00fa\u00f1ez en este 2026.\" loading=\"lazy\" width=\"720\" height=\"100\" decoding=\"async\" data-nimg=\"1\" src=\"http:\/\/hoycordobaweb.com\/wp-content\/uploads\/2026\/01\/tomas-galvan-sobre-su-sociedad-con-juanfer-en-el-river-de-gallardo-me-tengo-que-adaptar-a-el-a-su-calidad-2.jpg\"><span class=\"epigraphe\">Tom\u00e1s Galv\u00e1n, el volante formado en River que volvi\u00f3 a N\u00fa\u00f1ez en este 2026.<\/span><\/div>\n<div id=\"element-body-4\" class=\"sc-136cd478-0 ekTCfV\" readability=\"31.448275862069\">\n<p>El rendimiento de Galv\u00e1n contra GELP volvi\u00f3 a dejar m\u00e1s que conforme a Gallardo sobre su decisi\u00f3n de darle una nueva chance a ese pibe que <a href=\"https:\/\/www.ole.com.ar\/river-plate\/39-juveniles-gallardo-debut-river_0_BuV4cWKjW.html\" target=\"_self\" title=\"hab\u00eda debutado en Primera en el supercl\u00e1sico en la Bombonera en plena pandemia\" alt=\"hab\u00eda debutado en Primera en el supercl\u00e1sico en la Bombonera en plena pandemia\" rel=\"noopener noreferrer\">hab\u00eda debutado en Primera en el supercl\u00e1sico en la Bombonera en plena pandemia<\/a>. Porque el mi\u00e9rcoles en N\u00fa\u00f1ez el #26 de River dio 35 pases precisos de 39, de los cuales 23 fueron en campo adversario y 6 en el \u00faltimo tercio de la cancha, sum\u00f3 3\/3 gambetas exitosas, gan\u00f3 7\/10 duelos y hasta logr\u00f3 3 recuperaciones.<\/p>\n<\/div>\n<div class=\"sc-e7b891c4-0 ifHnQL image-embed\" id=\"element-body-5\"><img alt=\"Tom\u00e1s Galv\u00e1n, en su reestreno en River en el amistoso ante Millonarios en Montevideo (Prensa River).\" loading=\"lazy\" width=\"720\" height=\"100\" decoding=\"async\" data-nimg=\"1\" src=\"http:\/\/hoycordobaweb.com\/wp-content\/uploads\/2026\/01\/tomas-galvan-sobre-su-sociedad-con-juanfer-en-el-river-de-gallardo-me-tengo-que-adaptar-a-el-a-su-calidad-3.jpg\"><span class=\"epigraphe\">Tom\u00e1s Galv\u00e1n, en su reestreno en River en el amistoso ante Millonarios en Montevideo (Prensa River).<\/span><\/div>\n<p><h2>Gallardo puso a Galv\u00e1n como ejemplo<\/h2>\n<\/p>\n<div id=\"element-body-7\" class=\"sc-136cd478-0 ekTCfV\" readability=\"50\">\n<p>\u00abEs algo que puede ser de relevancia para esos j\u00f3venes jugadores nuestros que, por ah\u00ed por una u otra forma, no tienen el momento o el lugar en el momento y tienen que salir a foguearse y ver c\u00f3mo responden. Otras culturas, otras disponibilidades de entrenadores. No es la primera vez que pasa. <strong>A Tomi le tom\u00f3 un poquito m\u00e1s de tiempo, pero hoy el proceso es m\u00e1s lento<\/strong>. Antes era m\u00e1s precoz, ahora es m\u00e1s lento cuando toman forma para destacarse a cierto nivel. Hay mucha urgencia entonces las urgencias se queman etapas. Y eso confunde. En muchos casos. Otros hay que asimilar procesos\u00bb, destac\u00f3 el Mu\u00f1eco sobre el m\u00e9rito de Galv\u00e1n. Y el entrenador de River tambi\u00e9n agreg\u00f3: \u00abHay varios casos que no voy a mencionar, pero hay chicos que no tienen lugar, que van a buscar un espacio para evaluarse y ese espacio no te expulsa, es una chance de que vos vuelvas y que todo lo bueno que ten\u00e9s para hacer lo hagas en otro lugar y que nosotros observemos que esas cualidades son beneficiosas para nosotros. <strong>Lo sumamos a la pretemporada, respondi\u00f3, es un chico serio, creci\u00f3 futbol\u00edsticamente y me encantan esas cosas. Cuando veo esas respuestas, no me importan los nombres, sino las actitudes<\/strong>, y en base a eso tomo decisiones\u00bb.<\/p>\n<\/div>\n<\/div>\n","protected":false},"excerpt":{"rendered":"<p>29\/01\/2026 16:37hs. Perfil bajo, calidad t\u00e9cnica, panorama de juego, simpleza y precisi\u00f3n en los pases, inteligencia para asociarse con sus compa\u00f1eros y capacidad natural para pisar el \u00e1rea rival con ambici\u00f3n de gol. Las caracter\u00edsticas de Tom\u00e1s Galv\u00e1n, el volante de 25 a\u00f1os formado en la cantera de N\u00fa\u00f1ez que regres\u00f3 a River tras su [&hellip;]<\/p>\n","protected":false},"author":1,"featured_media":129893,"comment_status":"open","ping_status":"closed","sticky":false,"template":"","format":"standard","meta":[],"categories":[16],"tags":[],"_links":{"self":[{"href":"http:\/\/hoycordobaweb.com\/index.php\/wp-json\/wp\/v2\/posts\/129892"}],"collection":[{"href":"http:\/\/hoycordobaweb.com\/index.php\/wp-json\/wp\/v2\/posts"}],"about":[{"href":"http:\/\/hoycordobaweb.com\/index.php\/wp-json\/wp\/v2\/types\/post"}],"author":[{"embeddable":true,"href":"http:\/\/hoycordobaweb.com\/index.php\/wp-json\/wp\/v2\/users\/1"}],"replies":[{"embeddable":true,"href":"http:\/\/hoycordobaweb.com\/index.php\/wp-json\/wp\/v2\/comments?post=129892"}],"version-history":[{"count":0,"href":"http:\/\/hoycordobaweb.com\/index.php\/wp-json\/wp\/v2\/posts\/129892\/revisions"}],"wp:featuredmedia":[{"embeddable":true,"href":"http:\/\/hoycordobaweb.com\/index.php\/wp-json\/wp\/v2\/media\/129893"}],"wp:attachment":[{"href":"http:\/\/hoycordobaweb.com\/index.php\/wp-json\/wp\/v2\/media?parent=129892"}],"wp:term":[{"taxonomy":"category","embeddable":true,"href":"http:\/\/hoycordobaweb.com\/index.php\/wp-json\/wp\/v2\/categories?post=129892"},{"taxonomy":"post_tag","embeddable":true,"href":"http:\/\/hoycordobaweb.com\/index.php\/wp-json\/wp\/v2\/tags?post=129892"}],"curies":[{"name":"wp","href":"https:\/\/api.w.org\/{rel}","templated":true}]}}