{"id":129886,"date":"2026-01-29T20:20:51","date_gmt":"2026-01-29T20:20:51","guid":{"rendered":"https:\/\/www.ole.com.ar\/futbol-femenino\/annika-paz-17-anos-river-milan-joya-futbol-femenino-argentina_0_v2kYC4s9oP.html"},"modified":"2026-01-29T20:20:51","modified_gmt":"2026-01-29T20:20:51","slug":"annika-paz-de-river-al-inter-el-salto-europeo-de-una-joya-del-futbol-argentino","status":"publish","type":"post","link":"http:\/\/hoycordobaweb.com\/index.php\/2026\/01\/29\/annika-paz-de-river-al-inter-el-salto-europeo-de-una-joya-del-futbol-argentino\/","title":{"rendered":"Annika Paz, de River al Inter: el salto europeo de una joya del f\u00fatbol argentino"},"content":{"rendered":"<p><img src=\"http:\/\/hoycordobaweb.com\/wp-content\/uploads\/2026\/01\/annika-paz-de-river-al-inter-el-salto-europeo-de-una-joya-del-futbol-argentino.jpg\"><\/p>\n<p><time class=\"createDate\" datetime=\"2026-01-29T17:20:51-03:00\">29\/01\/2026 17:20hs.<\/time><\/p>\n<div id=\"storyBody\">\n<div id=\"element-body-0\" class=\"sc-136cd478-0 ekTCfV\" readability=\"33.930875576037\">\n<p>El <a href=\"https:\/\/www.ole.com.ar\/tema\/futbol-femenino.html\" title=\"futbol femenino\" alt=\"futbol femenino\" class=\"slug\">f\u00fatbol femenino<\/a> argentino volvi\u00f3 a ser noticia en el mercado internacional. <strong>Annika Paz<\/strong>, una de las mayores promesas surgidas de las inferiores de <strong><a href=\"https:\/\/www.ole.com.ar\/river-plate\" target=\"_blank\" title=\"River\" alt=\"River\" rel=\"noopener noreferrer\">River<\/a><\/strong>, fue presentada como refuerzo del <strong><a href=\"https:\/\/www.ole.com.ar\/tema\/inter.html\" target=\"_blank\" title=\"Inter de Mil\u00e1n\" alt=\"Inter de Mil\u00e1n\" rel=\"noopener noreferrer\">Inter de Mil\u00e1n<\/a><\/strong> y se convirti\u00f3 en la <strong>primera futbolista argentina en integrar el plantel femenino del club italiano<\/strong>. <strong>El v\u00ednculo se extender\u00e1 hasta junio de 2027<\/strong> y marca un paso decisivo en una carrera que avanza a una velocidad poco com\u00fan.<\/p>\n<\/div>\n<div id=\"element-body-1\" class=\"sc-136cd478-0 ekTCfV\" readability=\"41\">\n<p>Desde su llegada a N\u00fa\u00f1ez a los 13 a\u00f1os, Paz mostr\u00f3 condiciones que r\u00e1pidamente la llevaron a saltear etapas. <strong>Debut\u00f3 en Primera Divisi\u00f3n con apenas 15 a\u00f1os<\/strong> y, desde entonces, se consolid\u00f3 como una atacante determinante por su capacidad goleadora, lectura del juego y madurez dentro del \u00e1rea. Hincha declarada de River, su salida no fue un cierre, sino el inicio de un sue\u00f1o que comenz\u00f3 en los torneos intercountry de Pilar y hoy la ubica en el centro de la escena europea.<\/p>\n<\/div>\n<div id=\"element-body-2\" class=\"sc-136cd478-0 ekTCfV\" readability=\"38\">\n<p>La operaci\u00f3n confirma, adem\u00e1s, el crecimiento del f\u00fatbol formativo local, capaz de proyectar talentos j\u00f3venes hacia ligas de primer nivel. En ese contexto, <strong>el pase de Annika al Inter representa un nuevo hito para el desarrollo del f\u00fatbol femenino argentino<\/strong>.<\/p>\n<\/div>\n<div class=\"sc-e7b891c4-0 ifHnQL image-embed\" id=\"element-body-3\"><img alt=\"Annika Paz con la de River.\" loading=\"lazy\" width=\"720\" height=\"100\" decoding=\"async\" data-nimg=\"1\" src=\"http:\/\/hoycordobaweb.com\/wp-content\/uploads\/2026\/01\/annika-paz-de-river-al-inter-el-salto-europeo-de-una-joya-del-futbol-argentino-2.jpg\"><span class=\"epigraphe\">Annika Paz con la de River.<\/span><\/div>\n<p><h2>Un Inter con acento argentino y un desaf\u00edo deportivo mayor<\/h2>\n<\/p>\n<div id=\"element-body-5\" class=\"sc-136cd478-0 ekTCfV\" readability=\"35.428915662651\">\n<p>El arribo al Nerazzurro supone para Paz la inserci\u00f3n en un club con fuerte v\u00ednculo hist\u00f3rico con Argentina. En sus primeras declaraciones, destac\u00f3 la importancia de figuras como <strong><a href=\"https:\/\/www.ole.com.ar\/tema\/javier-zanetti.html\" target=\"_blank\" title=\"Javier Zanetti\" alt=\"Javier Zanetti\" rel=\"noopener noreferrer\">Javier Zanetti<\/a><\/strong> y <strong><a href=\"https:\/\/www.ole.com.ar\/tema\/lautaro-martinez.html\" target=\"_blank\" title=\"Lautaro Mart\u00ednez\" alt=\"Lautaro Mart\u00ednez\" rel=\"noopener noreferrer\">Lautaro Mart\u00ednez<\/a><\/strong>, s\u00edmbolos de esa conexi\u00f3n entre Mil\u00e1n y el f\u00fatbol albiceleste. Ahora, Annika asume el desaf\u00edo de abrir camino en la rama femenina, en una <strong><a href=\"https:\/\/www.ole.com.ar\/tema\/serie-a.html\" target=\"_blank\" title=\"Serie A\" alt=\"Serie A\" rel=\"noopener noreferrer\">Serie A<\/a><\/strong> que apuesta cada vez m\u00e1s por el talento joven.<\/p>\n<\/div>\n<div class=\"custom-embedhtml\" id=\"element-body-6\" readability=\"17.748091603053\">\n<blockquote class=\"twitter-tweet\" readability=\"2.8625954198473\">\n<p lang=\"it\" dir=\"ltr\">Ora \u00e8 ufficiale: benvenuta Annika \ud83c\udde6\ud83c\uddf7<a href=\"https:\/\/twitter.com\/hashtag\/WelcomeAnnika?src=hash&amp;ref_src=twsrc%5Etfw\">#WelcomeAnnika<\/a> <a href=\"https:\/\/t.co\/UErUQq8I5r\">pic.twitter.com\/UErUQq8I5r<\/a><\/p>\n<p>\u2014 Inter Women (@Inter_Women) <a href=\"https:\/\/twitter.com\/Inter_Women\/status\/2016126545279287318?ref_src=twsrc%5Etfw\">January 27, 2026<\/a><\/p><\/blockquote><\/div>\n<div id=\"element-body-7\" class=\"sc-136cd478-0 ekTCfV\" readability=\"37\">\n<p>El <strong>Inter marcha segundo en el campeonato italiano<\/strong> y pelea palmo a palmo el t\u00edtulo con la Roma. En ese contexto, la llegada de la atacante argentina aparece como una apuesta a futuro inmediato, con la expectativa de sumar frescura, movilidad y gol a un equipo que busca consolidarse en lo m\u00e1s alto.<\/p>\n<\/div>\n<p><h2>R\u00e9cord en la Selecci\u00f3n y proyecci\u00f3n internacional<\/h2>\n<\/p>\n<div id=\"element-body-9\" class=\"sc-136cd478-0 ekTCfV\" readability=\"38\">\n<p>El presente de Annika Paz con la camiseta argentina explica buena parte del inter\u00e9s europeo. <strong>En octubre de 2025 debut\u00f3 en la Selecci\u00f3n Mayor<\/strong> frente a Uruguay por la Liga de Naciones y, <strong>con 16 a\u00f1os y 346 d\u00edas, marc\u00f3 el gol del empate 2-2. As\u00ed, se convirti\u00f3 en la goleadora m\u00e1s joven en la historia del combinado femenino<\/strong>.<\/p>\n<\/div>\n<div id=\"element-body-10\" class=\"sc-136cd478-0 ekTCfV\" readability=\"35\">\n<p>Antes de sumarse definitivamente al Inter, la delantera <strong> disputar\u00e1 el Sudamericano Sub 20 en Paraguay<\/strong>, otro paso clave en su formaci\u00f3n internacional.<\/p>\n<\/div>\n<div class=\"sc-e7b891c4-0 ifHnQL image-embed\" id=\"element-body-11\"><img alt=\" Argentina debutar\u00e1 el 7 de febrero frente a Ecuador.\" loading=\"lazy\" width=\"720\" height=\"100\" decoding=\"async\" data-nimg=\"1\" src=\"http:\/\/hoycordobaweb.com\/wp-content\/uploads\/2026\/01\/annika-paz-de-river-al-inter-el-salto-europeo-de-una-joya-del-futbol-argentino-3.jpg\"><span class=\"epigraphe\"> Argentina debutar\u00e1 el 7 de febrero frente a Ecuador.<\/span><\/div>\n<div id=\"element-body-12\" class=\"sc-136cd478-0 ekTCfV\" readability=\"36\">\n<p>Con contrato firmado hasta 2027, convocatorias permanentes a las selecciones nacionales y un presente que ilusiona, <strong>Annika Paz inicia una etapa que la posiciona como una de las grandes embajadoras del f\u00fatbol femenino argentino en Europa.<\/strong><\/p>\n<\/div>\n<div id=\"element-body-13\" class=\"sc-a7166897-0 eoLsBE\" readability=\"31.5\">\n<section readability=\"3\"><picture><img alt=\"Morena Beltr\u00e1n le respondi\u00f3 a Pagani por sus pol\u00e9micos comentarios machistas: &quot;Me da un poco de penita&quot;\" loading=\"lazy\" width=\"290\" height=\"290\" decoding=\"async\" data-nimg=\"1\" src=\"http:\/\/hoycordobaweb.com\/wp-content\/uploads\/2026\/01\/annika-paz-de-river-al-inter-el-salto-europeo-de-una-joya-del-futbol-argentino-4.jpg\"><\/picture>\n<p><span>Mir\u00e1 tambi\u00e9n<\/span><\/p>\n<hr>\n<h3>Morena Beltr\u00e1n le respondi\u00f3 a Pagani por sus pol\u00e9micos comentarios machistas: \u00abMe da un poco de penita\u00bb<\/h3>\n<\/p>\n<\/section>\n<\/div>\n<div id=\"element-body-14\" class=\"sc-a7166897-0 eoLsBE\" readability=\"31.5\">\n<section readability=\"3\"><picture><img alt=\"El impresionante r\u00e9cord en el f\u00fatbol mundial: \u00a113.110 millones de d\u00f3lares invertidos en traspasos en 2025!\" loading=\"lazy\" width=\"290\" height=\"290\" decoding=\"async\" data-nimg=\"1\" src=\"http:\/\/hoycordobaweb.com\/wp-content\/uploads\/2026\/01\/annika-paz-de-river-al-inter-el-salto-europeo-de-una-joya-del-futbol-argentino-5.jpg\"><\/picture>\n<p><span>Mir\u00e1 tambi\u00e9n<\/span><\/p>\n<hr>\n<h3>El impresionante r\u00e9cord en el f\u00fatbol mundial: \u00a113.110 millones de d\u00f3lares invertidos en traspasos en 2025!<\/h3>\n<\/p>\n<\/section>\n<\/div>\n<\/div>\n","protected":false},"excerpt":{"rendered":"<p>29\/01\/2026 17:20hs. El f\u00fatbol femenino argentino volvi\u00f3 a ser noticia en el mercado internacional. Annika Paz, una de las mayores promesas surgidas de las inferiores de River, fue presentada como refuerzo del Inter de Mil\u00e1n y se convirti\u00f3 en la primera futbolista argentina en integrar el plantel femenino del club italiano. El v\u00ednculo se extender\u00e1 [&hellip;]<\/p>\n","protected":false},"author":1,"featured_media":129887,"comment_status":"open","ping_status":"closed","sticky":false,"template":"","format":"standard","meta":[],"categories":[16],"tags":[],"_links":{"self":[{"href":"http:\/\/hoycordobaweb.com\/index.php\/wp-json\/wp\/v2\/posts\/129886"}],"collection":[{"href":"http:\/\/hoycordobaweb.com\/index.php\/wp-json\/wp\/v2\/posts"}],"about":[{"href":"http:\/\/hoycordobaweb.com\/index.php\/wp-json\/wp\/v2\/types\/post"}],"author":[{"embeddable":true,"href":"http:\/\/hoycordobaweb.com\/index.php\/wp-json\/wp\/v2\/users\/1"}],"replies":[{"embeddable":true,"href":"http:\/\/hoycordobaweb.com\/index.php\/wp-json\/wp\/v2\/comments?post=129886"}],"version-history":[{"count":0,"href":"http:\/\/hoycordobaweb.com\/index.php\/wp-json\/wp\/v2\/posts\/129886\/revisions"}],"wp:featuredmedia":[{"embeddable":true,"href":"http:\/\/hoycordobaweb.com\/index.php\/wp-json\/wp\/v2\/media\/129887"}],"wp:attachment":[{"href":"http:\/\/hoycordobaweb.com\/index.php\/wp-json\/wp\/v2\/media?parent=129886"}],"wp:term":[{"taxonomy":"category","embeddable":true,"href":"http:\/\/hoycordobaweb.com\/index.php\/wp-json\/wp\/v2\/categories?post=129886"},{"taxonomy":"post_tag","embeddable":true,"href":"http:\/\/hoycordobaweb.com\/index.php\/wp-json\/wp\/v2\/tags?post=129886"}],"curies":[{"name":"wp","href":"https:\/\/api.w.org\/{rel}","templated":true}]}}