{"id":129881,"date":"2026-01-29T15:21:49","date_gmt":"2026-01-29T15:21:49","guid":{"rendered":"https:\/\/ladecimaweb.com\/?p=33829"},"modified":"2026-01-29T15:21:49","modified_gmt":"2026-01-29T15:21:49","slug":"hallan-muerta-a-joven-argentina-que-estaba-desaparecida-en-estados-unidos","status":"publish","type":"post","link":"http:\/\/hoycordobaweb.com\/index.php\/2026\/01\/29\/hallan-muerta-a-joven-argentina-que-estaba-desaparecida-en-estados-unidos\/","title":{"rendered":"Hallan muerta a joven argentina que estaba desaparecida en Estados Unidos"},"content":{"rendered":"<div class=\"boldgrid-section\">\n<div class=\"container\">\n<div class=\"row\">\n<div class=\"col-md-12 col-xs-12 col-sm-12\">\n<p><a href=\"https:\/\/noticiasargentinas.com\/\"><strong>Buenos Aires, 29 enero (NA)<\/strong><span>&nbsp;<\/span><\/a>\u2013 La joven argentina que estaba desaparecida en la ciudad de Los \u00c1ngeles en Estados Unidos fue hallada<span>&nbsp;<\/span><strong>muerta<\/strong><span>&nbsp;<\/span>a m\u00e1s de una semana del inicio de su b\u00fasqueda.<\/p>\n<p><strong>Narela Micaela Barreto<\/strong><span>&nbsp;<\/span>hab\u00eda sido vista por \u00faltima vez el mi\u00e9rcoles 21 de enero, d\u00eda en el que<span>&nbsp;<\/span><strong>dej\u00f3 de responder los mensajes y llamados<\/strong>, por lo que se radic\u00f3 la denuncia correspondiente.<\/p>\n<p class=\"\">Al no haber novedades, los familiares comenzaron con la<span>&nbsp;<\/span><strong>circulaci\u00f3n del caso en las redes sociales<span>&nbsp;<\/span><\/strong>y a pocas horas de la viralizaci\u00f3n, los familiares confirmaron al medio<span>&nbsp;<\/span><i>TN<\/i><span>&nbsp;<\/span>que la<strong><span>&nbsp;<\/span><\/strong>joven<strong><span>&nbsp;<\/span>fue hallada muerta.<\/strong><\/p>\n<p class=\"\" title=\"__IP__\" data-ipspy=\"__IP__\">Por el momento<span>&nbsp;<\/span><strong>se desconocen los pormenores de la investigaci\u00f3n<\/strong><span>&nbsp;<\/span>respecto a si se trat\u00f3 de un<span>&nbsp;<\/span><strong>crimen o muerte natural.<\/strong><\/p>\n<p class=\"\" title=\"__IP__\" data-ipspy=\"__IP__\">Seg\u00fan averigu\u00f3 la<span>&nbsp;<\/span><a href=\"https:\/\/es.wikipedia.org\/wiki\/Noticias_Argentinas\" target=\"_blank\" rel=\"noopener nofollow noreferrer\"><strong>Agencia Noticias Argentinas<\/strong><\/a><strong>, las redes sociales de los familiares de la argentina fueron cerradas.<\/strong><\/p>\n<p class=\"\"><strong>Barreto<\/strong><span>&nbsp;<\/span>era oriunda de la localidad bonaerense de Banfield, partido de Lomas de Zamora, y&nbsp;<strong>se hab\u00eda mudado al pa\u00eds norteamericano hace dos a\u00f1os<\/strong><span>&nbsp;<\/span>donde actualmente trabajaba como camarera.<\/p>\n<p class=\"\">&nbsp;<\/p>\n<div class=\"ubm_banner\"><a href=\"https:\/\/youtu.be\/D-ddTxQeBmI\" target=\"_blank\" rel=\"dofollow noopener noreferrer\"><img src=\"http:\/\/hoycordobaweb.com\/wp-content\/uploads\/2026\/01\/hallan-muerta-a-joven-argentina-que-estaba-desaparecida-en-estados-unidos.gif\" alt=\"\"><\/a><\/div>\n<p>&nbsp;<\/p>\n<\/div>\n<\/div>\n<\/div>\n<\/div>\n<p>La entrada <a rel=\"nofollow\" href=\"https:\/\/ladecimaweb.com\/hallan-muerta-a-joven-argentina-que-estaba-desaparecida-en-estados-unidos\/\">Hallan muerta a joven argentina que estaba desaparecida en Estados Unidos<\/a> se public\u00f3 primero en <a rel=\"nofollow\" href=\"https:\/\/ladecimaweb.com\">LaDecima<\/a>.<\/p>\n","protected":false},"excerpt":{"rendered":"<p>Buenos Aires, 29 enero (NA)&nbsp;\u2013 La joven argentina que estaba desaparecida en la ciudad de Los \u00c1ngeles en Estados Unidos fue hallada&nbsp;muerta&nbsp;a m\u00e1s de una semana del inicio de su b\u00fasqueda. Narela Micaela Barreto&nbsp;hab\u00eda sido vista por \u00faltima vez el mi\u00e9rcoles 21 de enero, d\u00eda en el que&nbsp;dej\u00f3 de responder los mensajes y llamados, por [&hellip;]<\/p>\n","protected":false},"author":1,"featured_media":0,"comment_status":"closed","ping_status":"closed","sticky":false,"template":"","format":"standard","meta":[],"categories":[32],"tags":[],"_links":{"self":[{"href":"http:\/\/hoycordobaweb.com\/index.php\/wp-json\/wp\/v2\/posts\/129881"}],"collection":[{"href":"http:\/\/hoycordobaweb.com\/index.php\/wp-json\/wp\/v2\/posts"}],"about":[{"href":"http:\/\/hoycordobaweb.com\/index.php\/wp-json\/wp\/v2\/types\/post"}],"author":[{"embeddable":true,"href":"http:\/\/hoycordobaweb.com\/index.php\/wp-json\/wp\/v2\/users\/1"}],"replies":[{"embeddable":true,"href":"http:\/\/hoycordobaweb.com\/index.php\/wp-json\/wp\/v2\/comments?post=129881"}],"version-history":[{"count":0,"href":"http:\/\/hoycordobaweb.com\/index.php\/wp-json\/wp\/v2\/posts\/129881\/revisions"}],"wp:attachment":[{"href":"http:\/\/hoycordobaweb.com\/index.php\/wp-json\/wp\/v2\/media?parent=129881"}],"wp:term":[{"taxonomy":"category","embeddable":true,"href":"http:\/\/hoycordobaweb.com\/index.php\/wp-json\/wp\/v2\/categories?post=129881"},{"taxonomy":"post_tag","embeddable":true,"href":"http:\/\/hoycordobaweb.com\/index.php\/wp-json\/wp\/v2\/tags?post=129881"}],"curies":[{"name":"wp","href":"https:\/\/api.w.org\/{rel}","templated":true}]}}