{"id":129795,"date":"2026-01-28T19:51:09","date_gmt":"2026-01-28T19:51:09","guid":{"rendered":"https:\/\/www.ole.com.ar\/river-plate\/riverplate-kendrypaez-chelsea-cesion_0_b7STw4Wgqu.html"},"modified":"2026-01-28T19:51:09","modified_gmt":"2026-01-28T19:51:09","slug":"bomba-river-suma-a-kendry-paez-la-joyita-de-la-seleccion-de-ecuador","status":"publish","type":"post","link":"http:\/\/hoycordobaweb.com\/index.php\/2026\/01\/28\/bomba-river-suma-a-kendry-paez-la-joyita-de-la-seleccion-de-ecuador\/","title":{"rendered":"Bomba: River suma a Kendry P\u00e1ez, la joyita de la selecci\u00f3n de Ecuador"},"content":{"rendered":"<p><img src=\"http:\/\/hoycordobaweb.com\/wp-content\/uploads\/2026\/01\/bomba-river-suma-a-kendry-paez-la-joyita-de-la-seleccion-de-ecuador.jpg\"><\/p>\n<p><span class=\"createDate\">28\/01\/2026 16:51hs.<\/span><time class=\"modificatedDate\" datetime=\"2026-01-28T17:35:13-03:00\"> Actualizado al 28\/01\/2026 17:35hs.<\/time><\/p>\n<div id=\"storyBody\">\n<div id=\"element-body-0\" class=\"sc-136cd478-0 ekTCfV\" readability=\"39\">\n<p>Cuando Marcelo Gallardo dijo despu\u00e9s de la victoria ante Barracas Central que \u201cmientras est\u00e9 el mercado abierto, vamos a estar a la expectativa\u201d, el det\u00e9 de <strong>River <\/strong>dej\u00f3 abierta la puerta a que alguna oportunidad se presentara para cubrir el puesto de revulsivo que tanto busc\u00f3. Y esa chance se abri\u00f3 este mi\u00e9rcoles: desde las oficinas del <strong>Monumental <\/strong>llegaron a un acuerdo con el <strong>Chelsea <\/strong>para contratar a la joya ecuatoriana <strong>Kendry P\u00e1ez<\/strong>, de 18 a\u00f1os, quien interrumpi\u00f3 su cesi\u00f3n en el Racing de Estrasburgo y se sumar\u00e1 al plantel de MG en los pr\u00f3ximos d\u00edas.<\/p>\n<\/div>\n<div id=\"element-body-1\" class=\"sc-136cd478-0 ekTCfV\" readability=\"38\">\n<p>Figura emergente de la Tri que dirige <strong>Sebasti\u00e1n Beccacece<\/strong>, con la que aspira a jugar su primer Mundial, y con v\u00ednculo en Inglaterra hasta junio de 2033, P\u00e1ez <strong>llega a River en calidad de cedido por una temporada aunque sin opci\u00f3n de compra.<\/strong> En N\u00fa\u00f1ez s\u00ed se asegurar\u00e1n un ingreso por derecho de vidriera del gambeteador que en su primer semestre en el f\u00fatbol UEFA disput\u00f3 21 partidos y convirti\u00f3 un gol (718\u2019; disput\u00f3 11\u2019 en 2026 contra Niza y Metz).<\/p>\n<\/div>\n<div class=\"sc-e7b891c4-0 ifHnQL image-embed\" id=\"element-body-2\"><img alt=\"Kendry P\u00e1ez debut\u00f3 con el Racing de Estrasburgo.\" loading=\"lazy\" width=\"720\" height=\"100\" decoding=\"async\" data-nimg=\"1\" src=\"http:\/\/hoycordobaweb.com\/wp-content\/uploads\/2026\/01\/bomba-river-suma-a-kendry-paez-la-joyita-de-la-seleccion-de-ecuador-2.jpg\"><span class=\"epigraphe\">Kendry P\u00e1ez debut\u00f3 con el Racing de Estrasburgo.<\/span><\/div>\n<div id=\"element-body-3\" class=\"sc-136cd478-0 ekTCfV\" readability=\"35\">\n<p>Con el plan de sumar mayor cantidad de minutos pensando en el torneo FIFA que se avecina, la mudanza al equipo de Gallardo sedujo a <strong>Kendry<\/strong>. Un Ni\u00f1o Maravilla -como lo apodaron en sus inicios- que todav\u00eda tiene mucho por pulir y que transitoriamente le ofrecer\u00e1 otra soluci\u00f3n al Mu\u00f1eco.<\/p>\n<\/div>\n<div id=\"element-body-4\" class=\"sc-136cd478-0 ekTCfV\" readability=\"41\">\n<p>Surgido de las formativas de Independiente del Valle, P\u00e1ez buscar\u00e1 elevar su nivel y alcanzar los picos que mostr\u00f3 en la g\u00e9nesis de su carrera, que estuvo marcada por sus r\u00e9cords: <strong>debut\u00f3 a los 15 a\u00f1os, poco tiempo despu\u00e9s convirti\u00f3 su primer gol<\/strong>, hizo su estreno en la selecci\u00f3n a los 16 y el 12 de octubre de 2023 se transform\u00f3 en <strong>el jugador m\u00e1s joven en celebrar un grito en Eliminatorias<\/strong> (16 a\u00f1os y 161 d\u00edas). Picos que llevaron a Chelsea a invertir u$s 20 millones en su pase, que reci\u00e9n se pudo formalizar en julio de 2025, tras haber alcanzado la mayor\u00eda de edad.<\/p>\n<\/div>\n<div class=\"sc-e7b891c4-0 ifHnQL image-embed\" id=\"element-body-5\"><img alt=\"AMDEP3104. GUAYAQUIL (ECUADOR), 09\/09\/2025.- Kendry P\u00e1ez (i) de Ecuador discute con Nicol\u00e1s Tagliafico de Argentina este martes, en un partido por las eliminatorias a la Copa Mundial 2026 entre Ecuador y Argentina en el Estadio Monumental Banco Pichincha en Guayaquil (Ecuador). EFE\/ Jos\u00e9 J\u00e1come\" loading=\"lazy\" width=\"720\" height=\"100\" decoding=\"async\" data-nimg=\"1\" src=\"http:\/\/hoycordobaweb.com\/wp-content\/uploads\/2026\/01\/bomba-river-suma-a-kendry-paez-la-joyita-de-la-seleccion-de-ecuador-3.jpg\"><span class=\"epigraphe\">AMDEP3104. GUAYAQUIL (ECUADOR), 09\/09\/2025.- Kendry P\u00e1ez (i) de Ecuador discute con Nicol\u00e1s Tagliafico de Argentina este martes, en un partido por las eliminatorias a la Copa Mundial 2026 entre Ecuador y Argentina en el Estadio Monumental Banco Pichincha en Guayaquil (Ecuador). EFE\/ Jos\u00e9 J\u00e1come<\/span><\/div>\n<div id=\"element-body-6\" class=\"sc-136cd478-0 ekTCfV\" readability=\"38\">\n<p>P\u00e1ez lleg\u00f3 para coronar un per\u00edodo que a River se le extendi\u00f3 por la salida del lateral izquierdo juvenil Lisandro Baj\u00fa a Montevideo Wanderers. Y aun <strong>cuando en el \u00faltimo tiempo su performance se ameset\u00f3<\/strong>, el ecuatoriano comprendi\u00f3 que el CARP pod\u00eda permitir relanzar su carrera con apenas 18 abriles. <strong>Gallardo<\/strong>, al mismo tiempo, entiende que se trata de un diamante en bruto para este sprint inicial. El cuarto estar\u00e1 pronto en N\u00fa\u00f1ez.<\/p>\n<\/div>\n<\/div>\n","protected":false},"excerpt":{"rendered":"<p>28\/01\/2026 16:51hs. Actualizado al 28\/01\/2026 17:35hs. Cuando Marcelo Gallardo dijo despu\u00e9s de la victoria ante Barracas Central que \u201cmientras est\u00e9 el mercado abierto, vamos a estar a la expectativa\u201d, el det\u00e9 de River dej\u00f3 abierta la puerta a que alguna oportunidad se presentara para cubrir el puesto de revulsivo que tanto busc\u00f3. Y esa chance [&hellip;]<\/p>\n","protected":false},"author":1,"featured_media":129796,"comment_status":"open","ping_status":"closed","sticky":false,"template":"","format":"standard","meta":[],"categories":[16],"tags":[],"_links":{"self":[{"href":"http:\/\/hoycordobaweb.com\/index.php\/wp-json\/wp\/v2\/posts\/129795"}],"collection":[{"href":"http:\/\/hoycordobaweb.com\/index.php\/wp-json\/wp\/v2\/posts"}],"about":[{"href":"http:\/\/hoycordobaweb.com\/index.php\/wp-json\/wp\/v2\/types\/post"}],"author":[{"embeddable":true,"href":"http:\/\/hoycordobaweb.com\/index.php\/wp-json\/wp\/v2\/users\/1"}],"replies":[{"embeddable":true,"href":"http:\/\/hoycordobaweb.com\/index.php\/wp-json\/wp\/v2\/comments?post=129795"}],"version-history":[{"count":0,"href":"http:\/\/hoycordobaweb.com\/index.php\/wp-json\/wp\/v2\/posts\/129795\/revisions"}],"wp:featuredmedia":[{"embeddable":true,"href":"http:\/\/hoycordobaweb.com\/index.php\/wp-json\/wp\/v2\/media\/129796"}],"wp:attachment":[{"href":"http:\/\/hoycordobaweb.com\/index.php\/wp-json\/wp\/v2\/media?parent=129795"}],"wp:term":[{"taxonomy":"category","embeddable":true,"href":"http:\/\/hoycordobaweb.com\/index.php\/wp-json\/wp\/v2\/categories?post=129795"},{"taxonomy":"post_tag","embeddable":true,"href":"http:\/\/hoycordobaweb.com\/index.php\/wp-json\/wp\/v2\/tags?post=129795"}],"curies":[{"name":"wp","href":"https:\/\/api.w.org\/{rel}","templated":true}]}}