{"id":129711,"date":"2026-01-27T14:34:32","date_gmt":"2026-01-27T14:34:32","guid":{"rendered":"https:\/\/www.mujerhoy.com\/moda\/pasarelas\/chanel-desfile-alta-costura-matthieu-blazy-inspiracion-aviar-penelope-cruz-20260127150346-nt.html"},"modified":"2026-01-27T14:34:32","modified_gmt":"2026-01-27T14:34:32","slug":"asi-ha-sido-la-coleccion-de-alta-costura-de-chanel-fantasia-al-estilo-de-alicia-en-el-pais-de-las-maravillas-e-inspiracion-aviar-por-la-libertad","status":"publish","type":"post","link":"http:\/\/hoycordobaweb.com\/index.php\/2026\/01\/27\/asi-ha-sido-la-coleccion-de-alta-costura-de-chanel-fantasia-al-estilo-de-alicia-en-el-pais-de-las-maravillas-e-inspiracion-aviar-por-la-libertad\/","title":{"rendered":"As\u00ed ha sido la colecci\u00f3n de Alta Costura de Chanel: fantas\u00eda al estilo de Alicia en el Pa\u00eds de las Maravillas e inspiraci\u00f3n aviar por la libertad"},"content":{"rendered":"<p><!-- AUTHOR --><\/p>\n<div class=\"voc-author-timesocial \">\n<!-- AUTHOR --><\/p>\n<div class=\"voc-author-timesocial__signature \">\n<!-- IMAGE AUTHOR -->\n<picture class=\"voc-image-signature\">\n<img class=\"voc-image-signature__img\" src=\"http:\/\/hoycordobaweb.com\/wp-content\/uploads\/2026\/01\/asi-ha-sido-la-coleccion-de-alta-costura-de-chanel-fantasia-al-estilo-de-alicia-en-el-pais-de-las-maravillas-e-inspiracion-aviar-por-la-libertad.jpg\" alt=\"Diego Rueda\">\n<\/picture>\n<!-- INFO AUTHOR --> <\/div><\/div>\n<p><!-- COMPONENTS --><\/p>\n<p class=\"voc-paragraph\">La Semana de la Alta Costura vive uno de sus mejores momentos y no podemos negar que <a href=\"https:\/\/www.mujerhoy.com\/moda\/pasarelas\/christian-dior-desfile-alta-costura-jonathan-anderson-arquitectura-floral-20260126164917-nt.html\" data-voc-vtm-id=\"in-text-traffic\" title=\"el desfile de Christian Dior\" data-mrf-link=\"www.mujerhoy.com\">el desfile de Christian Dior<\/a>, encargado de inaugurar la temporada, fue una oda divina y et\u00e9rea en su m\u00e1ximo esplendor. Una propuesta que promet\u00eda \u2014y cumpl\u00eda\u2014 grandes expectativas, a la que asisti\u00f3 incluso <strong>John Galliano como invitado<\/strong>, tras el simb\u00f3lico gesto que comparti\u00f3 con Anderson, casi como una aprobaci\u00f3n entre padre e hijo. Hoy, sin embargo, es <a href=\"https:\/\/www.mujerhoy.com\/lujo-slow\/chanel-nombra-matthiew-blazy-director-creativo-bottega-veneta-noticias-disenadores-lujo-20241215174453-nt.html\" data-voc-vtm-id=\"in-text-traffic\" title=\"el turno de Matthieu Blazy\" data-mrf-link=\"www.mujerhoy.com\">el turno de Matthieu Blazy<\/a> de abrir la jornada con su esperado desfile para Chanel.<\/p>\n<p class=\"voc-paragraph\">No podemos olvidar que Blazy logr\u00f3 que la maison francesa se alzara victoriosa en su debut hace unos meses con <a href=\"https:\/\/www.mujerhoy.com\/moda\/pasarelas\/chanel-desfile-debut-matthieu-blazy-iconos-universo-estrellas-tilda-swinton-20251007221849-nt.html\" data-voc-vtm-id=\"in-text-traffic\" title=\"su universo planetario\" data-mrf-link=\"www.mujerhoy.com\">su universo planetario<\/a>, toda una declaraci\u00f3n de intenciones hacia Coco Chanel y su pasi\u00f3n por la astrolog\u00eda. Una l\u00ednea de pr\u00eat-\u00e0-porter que revis\u00f3 y equilibr\u00f3 todos los <strong>c\u00f3digos cl\u00e1sicos de la casa<\/strong> \u2014el tweed, los zapatos bicolor, las camelias, la combinaci\u00f3n de blanco y negro o la ambivalencia entre lo masculino y lo femenino\u2014.<\/p>\n<div class=\"v-c-cmp v-c-cmp--t1 \">\n<div class=\"v-cmp-rld v-cmp-rld--2 \">\n<div class=\"v-cnt-m v-cnt-m--m\">\n<div class=\"v-cnt-m__c\">\n<div class=\"v-cnt-m__w v-cnt-m__w--1\">\n<p class=\"v-cnt-m__t\">\nTAMBI\u00c9N TE INTERESA\n<\/p>\n<\/div>\n<\/div>\n<\/div>\n<div class=\"v-g v-g--2-c v-g--bdr-min-xs\">\n<div class=\"v-g__c \">\n<article class=\"v-a v-a--cmp-rld v-a--cmp-rld-2 v-a--p-l\">\n<div class=\"v-a-img-c\">\n<figure class=\"v-a-fig\">\n<a href=\"https:\/\/www.mujerhoy.com\/moda\/pasarelas\/semana-alta-costura-paris-mejores-desfiles-analisis-elie-saab-valentino-armani-2026-20260126143631-nt.html#vtm_modulosEngag=mod-rel:moda:noticia:1:cmp:2-not\" class=\"v-a-link\" title=\"Los mejores desfiles de la Semana de la Alta Costura de Par\u00eds 2026: Schiaparelli se debate entre la agon\u00eda y el \u00e9xtasis a trav\u00e9s de la fauna ex\u00f3tica\"><br \/>\n<img loading=\"lazy\" class=\"v-a-img\" src=\"http:\/\/hoycordobaweb.com\/wp-content\/uploads\/2026\/01\/asi-ha-sido-la-coleccion-de-alta-costura-de-chanel-fantasia-al-estilo-de-alicia-en-el-pais-de-las-maravillas-e-inspiracion-aviar-por-la-libertad-1.jpg\" alt=\"Los mejores desfiles de la Semana de la Alta Costura de Par\u00eds 2026: Schiaparelli se debate entre la agon\u00eda y el \u00e9xtasis a trav\u00e9s de la fauna ex\u00f3tica\"><br \/>\n<\/a><br \/>\n<\/figure>\n<\/div>\n<\/article>\n<\/div>\n<div class=\"v-g__c \">\n<article class=\"v-a v-a--cmp-rld v-a--cmp-rld-2 v-a--p-l\">\n<div class=\"v-a-img-c\">\n<figure class=\"v-a-fig\">\n<a href=\"https:\/\/www.mujerhoy.com\/moda\/no-te-pierdas\/birkin-hermes-precio-bolso-reinas-letizia-maxima-holanda-20260126092225-nt.html#vtm_modulosEngag=mod-rel:moda:noticia:2:cmp:2-not\" class=\"v-a-link\" title=\"Qu\u00e9 reinas y princesas poseen un Birkin de Herm\u00e8s y cu\u00e1les evitan llevar el bolso m\u00e1s caro del mundo\"><br \/>\n<img loading=\"lazy\" class=\"v-a-img\" src=\"http:\/\/hoycordobaweb.com\/wp-content\/uploads\/2026\/01\/asi-ha-sido-la-coleccion-de-alta-costura-de-chanel-fantasia-al-estilo-de-alicia-en-el-pais-de-las-maravillas-e-inspiracion-aviar-por-la-libertad-2.jpg\" alt=\"Qu\u00e9 reinas y princesas poseen un Birkin de Herm\u00e8s y cu\u00e1les evitan llevar el bolso m\u00e1s caro del mundo\"><br \/>\n<\/a><br \/>\n<\/figure>\n<\/div>\n<\/article>\n<\/div>\n<\/div>\n<\/div>\n<\/div>\n<p class=\"voc-paragraph\">Al igual que ocurriera con la <strong>colecci\u00f3n M\u00e9tiers d&#8217;Art<\/strong> presentada en el metro de Nueva York, volvi\u00f3 a percibirse esa frescura y m\u00faltiples gui\u00f1os a grandes figuras de la industria, como Diana Vreeland. Blazy sabe c\u00f3mo utilizar estos c\u00f3digos y construir un show capaz de generar expectaci\u00f3n, siempre resuelto con una sofisticaci\u00f3n profundamente chic.<\/p>\n<p class=\"voc-paragraph\">A pesar de que el cielo amaneci\u00f3 encapotado y con ligera lluvia en la capital francesa, celebrities e invitados VIP no quisieron perderse este gran debut en la Alta Costura. Entre ellos, <a href=\"https:\/\/www.mujerhoy.com\/temas\/personajes\/penelope-cruz.html\" data-voc-vtm-id=\"in-text-traffic\" title=\"la actriz espa\u00f1ola Pen\u00e9lope Cruz\" data-mrf-link=\"www.mujerhoy.com\">la actriz espa\u00f1ola Pen\u00e9lope Cruz<\/a> y la cantante Dua Lipa, ambas con estilos completamente distintos, pero sentadas muy pr\u00f3ximas en el front row. Tambi\u00e9n estuvieron presentes la reci\u00e9n nombrada embajadora de la firma, Nicole Kidman, y Carlota Casiraghi, hija de Carolina de M\u00f3naco, quien comparti\u00f3 photocall con <a href=\"https:\/\/www.mujerhoy.com\/celebrities\/realeza\/carole-bouquet-habla-ruptura-hijo-dimitri-carlota-casiraghi-sufrir-20240906103332-nt.html\" data-voc-vtm-id=\"in-text-traffic\" title=\"su exsuegra, Carole Bouquet\" data-mrf-link=\"www.mujerhoy.com\">su exsuegra, Carole Bouquet<\/a>.<\/p>\n<p><h3 class=\"v-cmp-suh\">\nChanel y su mundo aviar reintrepretado con un toque chic<br \/>\n<\/h3>\n<\/p>\n<p class=\"voc-paragraph\">El Grand Palais acogi\u00f3 una escenograf\u00eda que evocaba Alicia en el Pa\u00eds de las Maravillas, especialmente por <strong>sus setas gigantes<\/strong> y una paleta crom\u00e1tica dominada por un rosa fantas\u00eda que logr\u00f3 hacer olvidar el mal tiempo por unos instantes, regalando un momento de alegr\u00eda, brillo y una clara evocaci\u00f3n de la primavera m\u00e1s luminosa.<\/p>\n<p class=\"voc-paragraph\">La organza fluida se convirti\u00f3 en el eje central de la colecci\u00f3n, siempre rematada con flecos, plumas y vol\u00famenes sutiles que transforman la propuesta en un ejercicio \u00edntimo y profundamente femenino, imposible de pasar por alto. Otro de los detalles que capt\u00f3 todas las miradas fue la <strong>reinterpretaci\u00f3n del ic\u00f3nico bolso 11.12<\/strong>, que abandona su material habitual para reinventarse en pura organza.<\/p>\n<div class=\"v-c-cmp v-c-cmp--s\">\n<div class=\"v-cmp-m \">\n<article class=\"v-a v-a--cmp-m v-c-cmp--m-z\">\n<div class=\"v-a-img-c \">\n<div class=\"v-a-fig\">\n<button class=\"v-a-link\" popovertarget=\"photo-73\"><br \/>\n<img loading=\"lazy\" src=\"http:\/\/hoycordobaweb.com\/wp-content\/uploads\/2026\/01\/asi-ha-sido-la-coleccion-de-alta-costura-de-chanel-fantasia-al-estilo-de-alicia-en-el-pais-de-las-maravillas-e-inspiracion-aviar-por-la-libertad-3.jpg\" class=\"v-a-img\" width=\"650\" height=\"650\" alt=\"La escenograf\u00eda del Grand Palais para el desfile de Chanel.\" data-voc-vtm-id=\"in-text-traffic\"> <\/button><figcaption class=\"v-fc\">\n<span class=\"v-fc__t\"><br \/>\nLa escenograf\u00eda del Grand Palais para el desfile de Chanel.<br \/>\n<\/span><br \/>\n<span class=\"v-fc__p\"><br \/>\nCortes\u00eda Chanel<br \/>\n<\/span><br \/>\n<\/figcaption><\/div>\n<\/div>\n<div id=\"photo-73\" popover class=\"v-mdl v-mdl--fw\">\n<button class=\"v-x\" popovertarget=\"photo-73\" popovertargetaction=\"hide\"><br \/>\n<span class=\"v-i\"><br \/>\n<svg width=\"24\" height=\"23.996\" viewBox=\"0 0 24 23.996\">\n<path data-name=\"Uni\u00f3n 29\" d=\"M12,14.03,2.031,24,0,21.963,9.968,12,0,2.033,2.031,0,12,9.966,21.969,0,24,2.033,14.032,12,24,21.963,21.969,24Z\" \/>\n<\/svg><br \/>\n<\/span><br \/>\n<\/button><\/p>\n<div class=\"v-mdl__c\">\n<div class=\"v-mdl__w\">\n<img loading=\"lazy\" src=\"http:\/\/hoycordobaweb.com\/wp-content\/uploads\/2026\/01\/asi-ha-sido-la-coleccion-de-alta-costura-de-chanel-fantasia-al-estilo-de-alicia-en-el-pais-de-las-maravillas-e-inspiracion-aviar-por-la-libertad-3.jpg\" class=\"v-mdl__img-z\" width=\"650\" height=\"650\" alt>\n<\/div>\n<\/div>\n<\/div>\n<p><span class=\"v-bdp\"><\/span><br \/>\n<\/article>\n<\/div>\n<\/div>\n<p class=\"voc-paragraph\">Nuestro director de moda y belleza, Gervasio P\u00e9rez, se\u00f1ala: \u00abAunque las transparencias han aparecido en alguna ocasi\u00f3n, resulta especialmente novedoso <strong>el uso de la muselina transparente<\/strong> en la Alta Costura de Chanel. Un ejercicio inteligente por parte de Matthieu Blazy para reforzar la est\u00e9tica de liberaci\u00f3n que Coco Chanel propuso desde sus primeras colecciones. Resulta tambi\u00e9n muy interesante el car\u00e1cter multiuso de las piezas, concebidas en muchos casos para distintos momentos del d\u00eda, de la ma\u00f1ana a la noche\u00bb.<\/p>\n<p class=\"voc-paragraph\">En este nuevo cap\u00edtulo para la maison, la Alta Costura no se presenta como un ejercicio de nostalgia, sino como un lenguaje vivo, capaz de dialogar con el presente sin perder su esencia. Matthieu Blazy entiende la costura como un <strong>espacio \u00edntimo entre creador y mujer<\/strong>, donde la prenda deja de ser un objeto para convertirse en relato. En definitiva, como un lienzo en el que la feminidad es la clara protagonista, pero atravesada por una inspiraci\u00f3n marcada por la fauna aviar, casi como un reclamo de libertad real.<\/p>\n<p class=\"voc-paragraph\">Para Blazy, la colecci\u00f3n ha sido desfilada por <strong>aves dom\u00e9sticas y ex\u00f3ticas<\/strong>: desde la paloma gris hasta la extravagante esp\u00e1tula rosada; de la garza estilizada a la cacat\u00faa crestada. Como una conspiraci\u00f3n de cuervos o una travesura de urracas, estas criaturas se re\u00fanen en torno a enormes setas, en un bosque encantado de sauces, para despu\u00e9s desaparecer, libres para alzar el vuelo.<\/p>\n<p class=\"voc-paragraph\">Los detalles han sido innumerables, especialmente en forma de <strong>peque\u00f1os objetos cargados de emoci\u00f3n<\/strong> que acompa\u00f1aban a las modelos \u2014una carta de amor bordada, un frasco de N\u00b05, un pintalabios rojo\u2014 y que emergen como artefactos sentimentales, realizados en muselina o transformados en joyas. Se esconden en los bolsillos, se cosen en el interior de las prendas, cuelgan de la ic\u00f3nica cadena o se integran en un aut\u00e9ntico palimpsesto del bolso emblem\u00e1tico.<\/p>\n<div class=\"v-c-cmp \">\n<div class=\"v-cmp-m v-cmp-m--t1\">\n<article class=\"v-a v-a--cmp-m v-c-cmp--m-p\">\n<div class=\"v-a-img-c v-a-img-c--fw-xs\">\n<div class=\"v-a-fig\">\n<div class=\"v-a-link\">\n<img loading=\"lazy\" src=\"http:\/\/hoycordobaweb.com\/wp-content\/uploads\/2026\/01\/asi-ha-sido-la-coleccion-de-alta-costura-de-chanel-fantasia-al-estilo-de-alicia-en-el-pais-de-las-maravillas-e-inspiracion-aviar-por-la-libertad-4.jpg\" class=\"v-a-img\" width=\"650\" height=\"975\" alt=\"Look de Chanel durante la Semana de la Alta Costura de Par\u00eds.\" data-voc-vtm-id=\"in-text-traffic\">\n<\/div><figcaption class=\"v-fc\">\n<span class=\"v-fc__t\"><br \/>\nLook de Chanel durante la Semana de la Alta Costura de Par\u00eds.<br \/>\n<\/span><br \/>\n<span class=\"v-fc__p\"><br \/>\nLaunchmetrics Spotlight<br \/>\n<\/span><br \/>\n<\/figcaption><\/div>\n<\/div>\n<\/article>\n<\/div>\n<\/div>\n<div class=\"v-c-cmp \">\n<div class=\"v-cmp-m v-cmp-m--t1\">\n<article class=\"v-a v-a--cmp-m v-c-cmp--m-p\">\n<div class=\"v-a-img-c v-a-img-c--fw-xs\">\n<div class=\"v-a-fig\">\n<div class=\"v-a-link\">\n<img loading=\"lazy\" src=\"http:\/\/hoycordobaweb.com\/wp-content\/uploads\/2026\/01\/asi-ha-sido-la-coleccion-de-alta-costura-de-chanel-fantasia-al-estilo-de-alicia-en-el-pais-de-las-maravillas-e-inspiracion-aviar-por-la-libertad-5.jpg\" class=\"v-a-img\" width=\"650\" height=\"975\" alt=\"Look de Chanel durante la Semana de la Alta Costura de Par\u00eds.\" data-voc-vtm-id=\"in-text-traffic\">\n<\/div><figcaption class=\"v-fc\">\n<span class=\"v-fc__t\"><br \/>\nLook de Chanel durante la Semana de la Alta Costura de Par\u00eds.<br \/>\n<\/span><br \/>\n<span class=\"v-fc__p\"><br \/>\nLaunchmetrics Spotlight<br \/>\n<\/span><br \/>\n<\/figcaption><\/div>\n<\/div>\n<\/article>\n<\/div>\n<\/div>\n<div class=\"v-c-cmp \">\n<div class=\"v-cmp-m v-cmp-m--t1\">\n<article class=\"v-a v-a--cmp-m v-c-cmp--m-p\">\n<div class=\"v-a-img-c v-a-img-c--fw-xs\">\n<div class=\"v-a-fig\">\n<div class=\"v-a-link\">\n<img loading=\"lazy\" src=\"http:\/\/hoycordobaweb.com\/wp-content\/uploads\/2026\/01\/asi-ha-sido-la-coleccion-de-alta-costura-de-chanel-fantasia-al-estilo-de-alicia-en-el-pais-de-las-maravillas-e-inspiracion-aviar-por-la-libertad-6.jpg\" class=\"v-a-img\" width=\"650\" height=\"975\" alt=\"Look de Chanel durante la Semana de la Alta Costura de Par\u00eds.\" data-voc-vtm-id=\"in-text-traffic\">\n<\/div><figcaption class=\"v-fc\">\n<span class=\"v-fc__t\"><br \/>\nLook de Chanel durante la Semana de la Alta Costura de Par\u00eds.<br \/>\n<\/span><br \/>\n<span class=\"v-fc__p\"><br \/>\nLaunchmetrics Spotlight<br \/>\n<\/span><br \/>\n<\/figcaption><\/div>\n<\/div>\n<\/article>\n<\/div>\n<\/div>\n<div class=\"v-c-cmp \">\n<div class=\"v-cmp-m v-cmp-m--t1\">\n<article class=\"v-a v-a--cmp-m v-c-cmp--m-p\">\n<div class=\"v-a-img-c v-a-img-c--fw-xs\">\n<div class=\"v-a-fig\">\n<div class=\"v-a-link\">\n<img loading=\"lazy\" src=\"http:\/\/hoycordobaweb.com\/wp-content\/uploads\/2026\/01\/asi-ha-sido-la-coleccion-de-alta-costura-de-chanel-fantasia-al-estilo-de-alicia-en-el-pais-de-las-maravillas-e-inspiracion-aviar-por-la-libertad-7.jpg\" class=\"v-a-img\" width=\"650\" height=\"975\" alt=\"Look de Chanel durante la Semana de la Alta Costura de Par\u00eds.\" data-voc-vtm-id=\"in-text-traffic\">\n<\/div><figcaption class=\"v-fc\">\n<span class=\"v-fc__t\"><br \/>\nLook de Chanel durante la Semana de la Alta Costura de Par\u00eds.<br \/>\n<\/span><br \/>\n<span class=\"v-fc__p\"><br \/>\nLaunchmetrics Spotlight<br \/>\n<\/span><br \/>\n<\/figcaption><\/div>\n<\/div>\n<\/article>\n<\/div>\n<\/div>\n<div class=\"v-c-cmp \">\n<div class=\"v-cmp-m v-cmp-m--t1\">\n<article class=\"v-a v-a--cmp-m v-c-cmp--m-p\">\n<div class=\"v-a-img-c v-a-img-c--fw-xs\">\n<div class=\"v-a-fig\">\n<div class=\"v-a-link\">\n<img loading=\"lazy\" src=\"http:\/\/hoycordobaweb.com\/wp-content\/uploads\/2026\/01\/asi-ha-sido-la-coleccion-de-alta-costura-de-chanel-fantasia-al-estilo-de-alicia-en-el-pais-de-las-maravillas-e-inspiracion-aviar-por-la-libertad-8.jpg\" class=\"v-a-img\" width=\"650\" height=\"975\" alt=\"Look de Chanel durante la Semana de la Alta Costura de Par\u00eds.\" data-voc-vtm-id=\"in-text-traffic\">\n<\/div><figcaption class=\"v-fc\">\n<span class=\"v-fc__t\"><br \/>\nLook de Chanel durante la Semana de la Alta Costura de Par\u00eds.<br \/>\n<\/span><br \/>\n<span class=\"v-fc__p\"><br \/>\nLaunchmetrics Spotlight<br \/>\n<\/span><br \/>\n<\/figcaption><\/div>\n<\/div>\n<\/article>\n<\/div>\n<\/div>\n<div class=\"v-c-cmp \">\n<div class=\"v-cmp-m v-cmp-m--t1\">\n<article class=\"v-a v-a--cmp-m v-c-cmp--m-p\">\n<div class=\"v-a-img-c v-a-img-c--fw-xs\">\n<div class=\"v-a-fig\">\n<div class=\"v-a-link\">\n<img loading=\"lazy\" src=\"http:\/\/hoycordobaweb.com\/wp-content\/uploads\/2026\/01\/asi-ha-sido-la-coleccion-de-alta-costura-de-chanel-fantasia-al-estilo-de-alicia-en-el-pais-de-las-maravillas-e-inspiracion-aviar-por-la-libertad-9.jpg\" class=\"v-a-img\" width=\"650\" height=\"975\" alt=\"Look de Chanel durante la Semana de la Alta Costura de Par\u00eds.\" data-voc-vtm-id=\"in-text-traffic\">\n<\/div><figcaption class=\"v-fc\">\n<span class=\"v-fc__t\"><br \/>\nLook de Chanel durante la Semana de la Alta Costura de Par\u00eds.<br \/>\n<\/span><br \/>\n<span class=\"v-fc__p\"><br \/>\nLaunchmetrics Spotlight<br \/>\n<\/span><br \/>\n<\/figcaption><\/div>\n<\/div>\n<\/article>\n<\/div>\n<\/div>\n<div class=\"v-c-cmp \">\n<div class=\"v-cmp-m v-cmp-m--t1\">\n<article class=\"v-a v-a--cmp-m v-c-cmp--m-p\">\n<div class=\"v-a-img-c v-a-img-c--fw-xs\">\n<div class=\"v-a-fig\">\n<div class=\"v-a-link\">\n<img loading=\"lazy\" src=\"http:\/\/hoycordobaweb.com\/wp-content\/uploads\/2026\/01\/asi-ha-sido-la-coleccion-de-alta-costura-de-chanel-fantasia-al-estilo-de-alicia-en-el-pais-de-las-maravillas-e-inspiracion-aviar-por-la-libertad-10.jpg\" class=\"v-a-img\" width=\"650\" height=\"975\" alt=\"Look de Chanel durante la Semana de la Alta Costura de Par\u00eds.\" data-voc-vtm-id=\"in-text-traffic\">\n<\/div><figcaption class=\"v-fc\">\n<span class=\"v-fc__t\"><br \/>\nLook de Chanel durante la Semana de la Alta Costura de Par\u00eds.<br \/>\n<\/span><br \/>\n<span class=\"v-fc__p\"><br \/>\nLaunchmetrics Spotlight<br \/>\n<\/span><br \/>\n<\/figcaption><\/div>\n<\/div>\n<\/article>\n<\/div>\n<\/div>\n<div class=\"v-c-cmp \">\n<div class=\"v-cmp-m v-cmp-m--t1\">\n<article class=\"v-a v-a--cmp-m v-c-cmp--m-p\">\n<div class=\"v-a-img-c v-a-img-c--fw-xs\">\n<div class=\"v-a-fig\">\n<div class=\"v-a-link\">\n<img loading=\"lazy\" src=\"http:\/\/hoycordobaweb.com\/wp-content\/uploads\/2026\/01\/asi-ha-sido-la-coleccion-de-alta-costura-de-chanel-fantasia-al-estilo-de-alicia-en-el-pais-de-las-maravillas-e-inspiracion-aviar-por-la-libertad-11.jpg\" class=\"v-a-img\" width=\"650\" height=\"975\" alt=\"Look de Chanel durante la Semana de la Alta Costura de Par\u00eds.\" data-voc-vtm-id=\"in-text-traffic\">\n<\/div><figcaption class=\"v-fc\">\n<span class=\"v-fc__t\"><br \/>\nLook de Chanel durante la Semana de la Alta Costura de Par\u00eds.<br \/>\n<\/span><br \/>\n<span class=\"v-fc__p\"><br \/>\nLaunchmetrics Spotlight<br \/>\n<\/span><br \/>\n<\/figcaption><\/div>\n<\/div>\n<\/article>\n<\/div>\n<\/div>\n<div class=\"v-c-cmp \">\n<div class=\"v-cmp-m v-cmp-m--t1\">\n<article class=\"v-a v-a--cmp-m v-c-cmp--m-p\">\n<div class=\"v-a-img-c v-a-img-c--fw-xs\">\n<div class=\"v-a-fig\">\n<div class=\"v-a-link\">\n<img loading=\"lazy\" src=\"http:\/\/hoycordobaweb.com\/wp-content\/uploads\/2026\/01\/asi-ha-sido-la-coleccion-de-alta-costura-de-chanel-fantasia-al-estilo-de-alicia-en-el-pais-de-las-maravillas-e-inspiracion-aviar-por-la-libertad-12.jpg\" class=\"v-a-img\" width=\"650\" height=\"975\" alt=\"Look de Chanel durante la Semana de la Alta Costura de Par\u00eds.\" data-voc-vtm-id=\"in-text-traffic\">\n<\/div><figcaption class=\"v-fc\">\n<span class=\"v-fc__t\"><br \/>\nLook de Chanel durante la Semana de la Alta Costura de Par\u00eds.<br \/>\n<\/span><br \/>\n<span class=\"v-fc__p\"><br \/>\nLaunchmetrics Spotlight<br \/>\n<\/span><br \/>\n<\/figcaption><\/div>\n<\/div>\n<\/article>\n<\/div>\n<\/div>\n<div class=\"v-c-cmp \">\n<div class=\"v-cmp-m v-cmp-m--t1\">\n<article class=\"v-a v-a--cmp-m v-c-cmp--m-p\">\n<div class=\"v-a-img-c v-a-img-c--fw-xs\">\n<div class=\"v-a-fig\">\n<div class=\"v-a-link\">\n<img loading=\"lazy\" src=\"http:\/\/hoycordobaweb.com\/wp-content\/uploads\/2026\/01\/asi-ha-sido-la-coleccion-de-alta-costura-de-chanel-fantasia-al-estilo-de-alicia-en-el-pais-de-las-maravillas-e-inspiracion-aviar-por-la-libertad-13.jpg\" class=\"v-a-img\" width=\"650\" height=\"975\" alt=\"Look de Chanel durante la Semana de la Alta Costura de Par\u00eds.\" data-voc-vtm-id=\"in-text-traffic\">\n<\/div><figcaption class=\"v-fc\">\n<span class=\"v-fc__t\"><br \/>\nLook de Chanel durante la Semana de la Alta Costura de Par\u00eds.<br \/>\n<\/span><br \/>\n<span class=\"v-fc__p\"><br \/>\nLaunchmetrics Spotlight<br \/>\n<\/span><br \/>\n<\/figcaption><\/div>\n<\/div>\n<\/article>\n<\/div>\n<\/div>\n<div class=\"v-c-cmp \">\n<div class=\"v-cmp-m v-cmp-m--t1\">\n<article class=\"v-a v-a--cmp-m v-c-cmp--m-p\">\n<div class=\"v-a-img-c v-a-img-c--fw-xs\">\n<div class=\"v-a-fig\">\n<div class=\"v-a-link\">\n<img loading=\"lazy\" src=\"http:\/\/hoycordobaweb.com\/wp-content\/uploads\/2026\/01\/asi-ha-sido-la-coleccion-de-alta-costura-de-chanel-fantasia-al-estilo-de-alicia-en-el-pais-de-las-maravillas-e-inspiracion-aviar-por-la-libertad-14.jpg\" class=\"v-a-img\" width=\"650\" height=\"975\" alt=\"Look de Chanel durante la Semana de la Alta Costura de Par\u00eds.\" data-voc-vtm-id=\"in-text-traffic\">\n<\/div><figcaption class=\"v-fc\">\n<span class=\"v-fc__t\"><br \/>\nLook de Chanel durante la Semana de la Alta Costura de Par\u00eds.<br \/>\n<\/span><br \/>\n<span class=\"v-fc__p\"><br \/>\nLaunchmetrics Spotlight<br \/>\n<\/span><br \/>\n<\/figcaption><\/div>\n<\/div>\n<\/article>\n<\/div>\n<\/div>\n<div class=\"v-c-cmp \">\n<div class=\"v-cmp-m v-cmp-m--t1\">\n<article class=\"v-a v-a--cmp-m v-c-cmp--m-p\">\n<div class=\"v-a-img-c v-a-img-c--fw-xs\">\n<div class=\"v-a-fig\">\n<div class=\"v-a-link\">\n<img loading=\"lazy\" src=\"http:\/\/hoycordobaweb.com\/wp-content\/uploads\/2026\/01\/asi-ha-sido-la-coleccion-de-alta-costura-de-chanel-fantasia-al-estilo-de-alicia-en-el-pais-de-las-maravillas-e-inspiracion-aviar-por-la-libertad-15.jpg\" class=\"v-a-img\" width=\"650\" height=\"975\" alt=\"Look de Chanel durante la Semana de la Alta Costura de Par\u00eds.\" data-voc-vtm-id=\"in-text-traffic\">\n<\/div><figcaption class=\"v-fc\">\n<span class=\"v-fc__t\"><br \/>\nLook de Chanel durante la Semana de la Alta Costura de Par\u00eds.<br \/>\n<\/span><br \/>\n<span class=\"v-fc__p\"><br \/>\nLaunchmetrics Spotlight<br \/>\n<\/span><br \/>\n<\/figcaption><\/div>\n<\/div>\n<\/article>\n<\/div>\n<\/div>\n<div class=\"v-c-cmp \">\n<div class=\"v-cmp-m v-cmp-m--t1\">\n<article class=\"v-a v-a--cmp-m v-c-cmp--m-p\">\n<div class=\"v-a-img-c v-a-img-c--fw-xs\">\n<div class=\"v-a-fig\">\n<div class=\"v-a-link\">\n<img loading=\"lazy\" src=\"http:\/\/hoycordobaweb.com\/wp-content\/uploads\/2026\/01\/asi-ha-sido-la-coleccion-de-alta-costura-de-chanel-fantasia-al-estilo-de-alicia-en-el-pais-de-las-maravillas-e-inspiracion-aviar-por-la-libertad-16.jpg\" class=\"v-a-img\" width=\"650\" height=\"975\" alt=\"Look de Chanel durante la Semana de la Alta Costura de Par\u00eds.\" data-voc-vtm-id=\"in-text-traffic\">\n<\/div><figcaption class=\"v-fc\">\n<span class=\"v-fc__t\"><br \/>\nLook de Chanel durante la Semana de la Alta Costura de Par\u00eds.<br \/>\n<\/span><br \/>\n<span class=\"v-fc__p\"><br \/>\nLaunchmetrics Spotlight<br \/>\n<\/span><br \/>\n<\/figcaption><\/div>\n<\/div>\n<\/article>\n<\/div>\n<\/div>\n<p class=\"voc-paragraph\">La ovaci\u00f3n que merece Blazy por sus arquetipos de Chanel ancla la colecci\u00f3n frente a la realidad, pero al mismo tiempo la eleva, ya que la Alta Costura, como \u00e9l mismo la define, se detiene, respira y <strong>ofrece una pausa po\u00e9tica antes de desvanecerse<\/strong> y alzar el vuelo. Toda una oda al buen gusto que nos deja con ganas de descubrir cu\u00e1l ser\u00e1 el siguiente paso de la maison francesa.<\/p>\n<div class=\"v-c-cmp v-c-cmp--t1 \">\n<div class=\"v-cmp-rld v-cmp-rld--2 \">\n<div class=\"v-cnt-m v-cnt-m--m\">\n<div class=\"v-cnt-m__c\">\n<div class=\"v-cnt-m__w v-cnt-m__w--1\">\n<p class=\"v-cnt-m__t\">\nTAMBI\u00c9N TE INTERESA\n<\/p>\n<\/div>\n<\/div>\n<\/div>\n<div class=\"v-g v-g--2-c v-g--bdr-min-xs\">\n<div class=\"v-g__c \">\n<article class=\"v-a v-a--cmp-rld v-a--cmp-rld-2 v-a--p-l\">\n<div class=\"v-a-img-c\">\n<figure class=\"v-a-fig\">\n<a href=\"https:\/\/www.mujerhoy.com\/actualidad\/mouna-ayoub-millonaria-coleccionista-alta-costura-subasta-dior-20260126183824-nt.html#vtm_modulosEngag=mod-rel:moda:noticia:1:cmp:2-not\" class=\"v-a-link\" title=\"La fascinante vida de Mouna Ayoub, la mayor coleccionista de alta costura del mundo que subasta sus Dior\"><br \/>\n<img loading=\"lazy\" class=\"v-a-img\" src=\"http:\/\/hoycordobaweb.com\/wp-content\/uploads\/2026\/01\/asi-ha-sido-la-coleccion-de-alta-costura-de-chanel-fantasia-al-estilo-de-alicia-en-el-pais-de-las-maravillas-e-inspiracion-aviar-por-la-libertad-17.jpg\" alt=\"La fascinante vida de Mouna Ayoub, la mayor coleccionista de alta costura del mundo que subasta sus Dior\"><br \/>\n<\/a><br \/>\n<\/figure>\n<\/div>\n<\/article>\n<\/div>\n<div class=\"v-g__c \">\n<article class=\"v-a v-a--cmp-rld v-a--cmp-rld-2 v-a--p-l\">\n<div class=\"v-a-img-c\">\n<figure class=\"v-a-fig\">\n<a href=\"https:\/\/www.mujerhoy.com\/moda\/no-te-pierdas\/como-recrear-look-pasarela-viral-chanel-prendas-zara-jersey-masculino-complementos-20260121130227-nt.html#vtm_modulosEngag=mod-rel:moda:noticia:2:cmp:2-not\" class=\"v-a-link\" title=\"C\u00f3mo recrear el look de pasarela viral que nos ha fascinado a todas: del jersey masculino al accesorio que marca la diferencia\"><br \/>\n<img loading=\"lazy\" class=\"v-a-img\" src=\"http:\/\/hoycordobaweb.com\/wp-content\/uploads\/2026\/01\/asi-ha-sido-la-coleccion-de-alta-costura-de-chanel-fantasia-al-estilo-de-alicia-en-el-pais-de-las-maravillas-e-inspiracion-aviar-por-la-libertad-18.jpg\" alt=\"C\u00f3mo recrear el look de pasarela viral que nos ha fascinado a todas: del jersey masculino al accesorio que marca la diferencia\"><br \/>\n<\/a><br \/>\n<\/figure>\n<\/div>\n<\/article>\n<\/div>\n<\/div>\n<\/div>\n<\/div>\n<div class=\"media_block\"><\/div>\n","protected":false},"excerpt":{"rendered":"<p>La Semana de la Alta Costura vive uno de sus mejores momentos y no podemos negar que el desfile de Christian Dior, encargado de inaugurar la temporada, fue una oda divina y et\u00e9rea en su m\u00e1ximo esplendor. Una propuesta que promet\u00eda \u2014y cumpl\u00eda\u2014 grandes expectativas, a la que asisti\u00f3 incluso John Galliano como invitado, tras [&hellip;]<\/p>\n","protected":false},"author":1,"featured_media":129712,"comment_status":"closed","ping_status":"closed","sticky":false,"template":"","format":"standard","meta":[],"categories":[],"tags":[],"_links":{"self":[{"href":"http:\/\/hoycordobaweb.com\/index.php\/wp-json\/wp\/v2\/posts\/129711"}],"collection":[{"href":"http:\/\/hoycordobaweb.com\/index.php\/wp-json\/wp\/v2\/posts"}],"about":[{"href":"http:\/\/hoycordobaweb.com\/index.php\/wp-json\/wp\/v2\/types\/post"}],"author":[{"embeddable":true,"href":"http:\/\/hoycordobaweb.com\/index.php\/wp-json\/wp\/v2\/users\/1"}],"replies":[{"embeddable":true,"href":"http:\/\/hoycordobaweb.com\/index.php\/wp-json\/wp\/v2\/comments?post=129711"}],"version-history":[{"count":0,"href":"http:\/\/hoycordobaweb.com\/index.php\/wp-json\/wp\/v2\/posts\/129711\/revisions"}],"wp:featuredmedia":[{"embeddable":true,"href":"http:\/\/hoycordobaweb.com\/index.php\/wp-json\/wp\/v2\/media\/129712"}],"wp:attachment":[{"href":"http:\/\/hoycordobaweb.com\/index.php\/wp-json\/wp\/v2\/media?parent=129711"}],"wp:term":[{"taxonomy":"category","embeddable":true,"href":"http:\/\/hoycordobaweb.com\/index.php\/wp-json\/wp\/v2\/categories?post=129711"},{"taxonomy":"post_tag","embeddable":true,"href":"http:\/\/hoycordobaweb.com\/index.php\/wp-json\/wp\/v2\/tags?post=129711"}],"curies":[{"name":"wp","href":"https:\/\/api.w.org\/{rel}","templated":true}]}}