{"id":129707,"date":"2026-01-27T20:39:00","date_gmt":"2026-01-27T20:39:00","guid":{"rendered":"http:\/\/hoycordobaweb.com\/index.php\/2026\/01\/27\/industrial-que-voto-a-milei-queremos-competir-pero-necesitamos-condiciones-similares-a-las-de-china\/"},"modified":"2026-01-27T20:39:00","modified_gmt":"2026-01-27T20:39:00","slug":"industrial-que-voto-a-milei-queremos-competir-pero-necesitamos-condiciones-similares-a-las-de-china","status":"publish","type":"post","link":"http:\/\/hoycordobaweb.com\/index.php\/2026\/01\/27\/industrial-que-voto-a-milei-queremos-competir-pero-necesitamos-condiciones-similares-a-las-de-china\/","title":{"rendered":"Industrial que vot\u00f3 a Milei: \u00abQueremos competir, pero necesitamos condiciones similares a las de China\u00bb"},"content":{"rendered":"<div class=\"media_block\"><\/div>\n<div><img src=\"http:\/\/hoycordobaweb.com\/wp-content\/uploads\/2026\/01\/industrial-que-voto-a-milei-queremos-competir-pero-necesitamos-condiciones-similares-a-las-de-china.jpg\" class=\"ff-og-image-inserted\"><\/div>\n<p>El industrial metal\u00fargico <strong>Edgardo Padinger, titular de Ferma S.A<\/strong>, sostuvo que <strong>\u201cse puede competir con cualquiera si vos ten\u00e9s m\u00e1s o menos las herramientas similares que tiene la competencia<\/strong>\u201d.<\/p>\n<p>\u201c<strong>El punto fundamental es tener acceso a materia prima a un precio razonablemente internacional<\/strong>\u201d, agreg\u00f3 en declaraciones con el <em>streaming BT China<\/em> de <em>Jairo Straccia<\/em>.<\/p>\n<p>Adem\u00e1s se\u00f1al\u00f3 que su insumo principal es \u201cel acero en chapa, un commodity que parte muy peque\u00f1a se fabrica en la Argentina y el resto es todo importado\u201d.<\/p>\n<p class=\"destacadoNota\"><a target=\"_blank\" href=\"https:\/\/www.perfil.com\/noticias\/nea\/crisis-textil-en-corrientes-la-apertura-indiscriminada-de-las-importaciones-hacen-muy-dificil-competir.phtml\" rel=\"noopener noreferrer\">Crisis textil en Corrientes: \u00abLa apertura indiscriminada de las importaciones, hacen muy dif\u00edcil competir\u00bb<\/a><\/p>\n<h2>Precio del acero en chapa<\/h2>\n<p>El empresario explic\u00f3 que le compra \u201cmucho\u201d a la empresa Ternium del <strong>grupo Techint<\/strong> \u201cpero<strong> no est\u00e1n con el precio exactamente como yo necesitar\u00eda para ser activamente competitivo contra los chinos<\/strong>\u201d.<\/p>\n<p><strong>Padinger, quien confirm\u00f3 que vot\u00f3 a Milei<\/strong>, indic\u00f3 que \u201cel otro tema que es el costo financiero argentino que afortunadamente estamos con un programa donde el d\u00f3lar est\u00e1 clavado\u201d aunque luego aclar\u00f3 que \u201c<strong>la tasa de inter\u00e9s en pesos est\u00e1 en el 40%<\/strong>\u201d.<\/p>\n<p class=\"destacadoNota\"><a target=\"_blank\" href=\"https:\/\/www.perfil.com\/noticias\/nea\/la-textil-alal-cerro-en-goya-dejo-a-260-familias-en-la-calle-y-apunto-a-las-politicas-economicas-del-gobierno-nacional.phtml\" rel=\"noopener noreferrer\">La textil Alal cerr\u00f3 en Goya, dej\u00f3 a 260 familias en la calle y apunt\u00f3 a las pol\u00edticas econ\u00f3micas del Gobierno nacional<\/a><\/p>\n<h2>\u201cNo podemos regalar mercado\u201d<\/h2>\n<p>\u201cCompetir, competimos todos, todos los d\u00edas. Vos en tu programa, yo en mi empresa. Todos competimos. En fin salimos todos los d\u00edas que hay sol, pero tenemos que tener herramientas similares\u201d, insisti\u00f3. \u201c<strong>Nosotros no podemos regalar mercado<\/strong>\u201d, enfatiz\u00f3 el industrial.<\/p>\n<p>\u201cLa macro est\u00e1 bien. Si bien el gobierno siempre ha dicho que ellos se ocupan de la macro y que de la micro nos ocupemos nosotros. <strong>Yo estoy de acuerdo con eso pero no entregar el mercado, no ser angelitos<\/strong>\u201d.<\/p>\n<p>\u201c<strong>Nosotros somos amigos casi \u00edntimos con Trump, que hace exactamente lo contrari<\/strong>o. Pol\u00edticamente nos movemos en t\u00e1ndem y vamos a Davos y decimos lo que dice Trump. Y Trump te enchufa un arancel del 200%, si no le gusta c\u00f3mo lo saludaste. Y es la realidad\u201d, concluy\u00f3 Padinger.<\/p>\n<div class=\"article__tags\">\n<p>En esta Nota<\/p>\n<\/p><\/div>\n","protected":false},"excerpt":{"rendered":"<p>El industrial metal\u00fargico Edgardo Padinger, titular de Ferma S.A, sostuvo que \u201cse puede competir con cualquiera si vos ten\u00e9s m\u00e1s o menos las herramientas similares que tiene la competencia\u201d. \u201cEl punto fundamental es tener acceso a materia prima a un precio razonablemente internacional\u201d, agreg\u00f3 en declaraciones con el streaming BT China de Jairo Straccia. Adem\u00e1s [&hellip;]<\/p>\n","protected":false},"author":1,"featured_media":129708,"comment_status":"closed","ping_status":"closed","sticky":false,"template":"","format":"standard","meta":[],"categories":[19],"tags":[2624,906,2622,2623,791,2625,1766],"_links":{"self":[{"href":"http:\/\/hoycordobaweb.com\/index.php\/wp-json\/wp\/v2\/posts\/129707"}],"collection":[{"href":"http:\/\/hoycordobaweb.com\/index.php\/wp-json\/wp\/v2\/posts"}],"about":[{"href":"http:\/\/hoycordobaweb.com\/index.php\/wp-json\/wp\/v2\/types\/post"}],"author":[{"embeddable":true,"href":"http:\/\/hoycordobaweb.com\/index.php\/wp-json\/wp\/v2\/users\/1"}],"replies":[{"embeddable":true,"href":"http:\/\/hoycordobaweb.com\/index.php\/wp-json\/wp\/v2\/comments?post=129707"}],"version-history":[{"count":0,"href":"http:\/\/hoycordobaweb.com\/index.php\/wp-json\/wp\/v2\/posts\/129707\/revisions"}],"wp:featuredmedia":[{"embeddable":true,"href":"http:\/\/hoycordobaweb.com\/index.php\/wp-json\/wp\/v2\/media\/129708"}],"wp:attachment":[{"href":"http:\/\/hoycordobaweb.com\/index.php\/wp-json\/wp\/v2\/media?parent=129707"}],"wp:term":[{"taxonomy":"category","embeddable":true,"href":"http:\/\/hoycordobaweb.com\/index.php\/wp-json\/wp\/v2\/categories?post=129707"},{"taxonomy":"post_tag","embeddable":true,"href":"http:\/\/hoycordobaweb.com\/index.php\/wp-json\/wp\/v2\/tags?post=129707"}],"curies":[{"name":"wp","href":"https:\/\/api.w.org\/{rel}","templated":true}]}}