{"id":129703,"date":"2026-01-27T18:50:15","date_gmt":"2026-01-27T18:50:15","guid":{"rendered":"https:\/\/www.ole.com.ar\/futbol-internacional\/america\/neymar-volvio-entrenar-pelota-despues-operacion-rodilla-lesion-santos_0_6lEmvmMZ05.html"},"modified":"2026-01-27T18:50:15","modified_gmt":"2026-01-27T18:50:15","slug":"despues-de-otra-operacion-neymar-volvio-a-entrenar-con-pelota","status":"publish","type":"post","link":"http:\/\/hoycordobaweb.com\/index.php\/2026\/01\/27\/despues-de-otra-operacion-neymar-volvio-a-entrenar-con-pelota\/","title":{"rendered":"Despu\u00e9s de otra operaci\u00f3n, Neymar volvi\u00f3 a entrenar con pelota"},"content":{"rendered":"<p><img src=\"http:\/\/hoycordobaweb.com\/wp-content\/uploads\/2026\/01\/despues-de-otra-operacion-neymar-volvio-a-entrenar-con-pelota.jpg\"><\/p>\n<p><span class=\"createDate\">27\/01\/2026 15:50hs.<\/span><time class=\"modificatedDate\" datetime=\"2026-01-27T15:56:48-03:00\"> Actualizado al 27\/01\/2026 15:56hs.<\/time><\/p>\n<div id=\"storyBody\">\n<div id=\"element-body-0\" class=\"sc-136cd478-0 ekTCfV\" readability=\"36.786703601108\">\n<p><strong>Lo de <a href=\"https:\/\/www.ole.com.ar\/tema\/neymar.html\" title=\"Neymar\" alt=\"Neymar\" class=\"slug\">Neymar<\/a> el a\u00f1o pasado en <a href=\"https:\/\/www.ole.com.ar\/tema\/santos-de-brasil.html\" title=\"Santos de Brasil\" alt=\"Santos de Brasil\" class=\"slug\">Santos<\/a> fue realmente de novela<\/strong>: volvi\u00f3 al club de sus amores para sacarlo de un mal momento y, despu\u00e9s de pelear hasta el final, lo salv\u00f3 del descenso y, por si fuera poco, <strong>meti\u00f3 al Peixe en la <a href=\"https:\/\/www.ole.com.ar\/tema\/copa-sudamericana.html\" title=\"Copa Sudamericana\" alt=\"Copa Sudamericana\" class=\"slug\">Copa Sudamericana<\/a><\/strong>. Despu\u00e9s de la heroica, Ney pas\u00f3 por el quir\u00f3fano y ahora <strong>empez\u00f3 a dar sus primeros pasos en la recuperaci\u00f3n<\/strong>.<\/p>\n<\/div>\n<p><h2><strong>Ney volvi\u00f3 a entrenar con pelota: \u00abPra cima Neymar Jr!\u00bb<\/strong><\/h2>\n<\/p>\n<div id=\"element-body-2\" class=\"sc-136cd478-0 ekTCfV\" readability=\"37\">\n<p>A trav\u00e9s de sus redes sociales (@SantosFC), el equipo de San Pablo mostr\u00f3 las primeras im\u00e1genes de O Pr\u00edncipe en su vuelta al entrenamiento. Acompa\u00f1ado de un \u00abLa transici\u00f3n f\u00edsica contin\u00faa. \u00a1Vamos Neymar Jr!\u00bb, <strong>el club mostr\u00f3 no s\u00f3lo fotos de Ney con la N\u00b0 5 sino tambi\u00e9n videos en los que estuvo con sus compa\u00f1eros.<\/strong><\/p>\n<\/div>\n<div id=\"element-body-3\" class=\"sc-136cd478-0 ekTCfV\" readability=\"39\">\n<p>Seg\u00fan informan en Brasil, <strong>el retorno total de O Filho Pr\u00f3digo a los entrenamientos ser\u00e1 a mediados de febrero, cuando espera que tambi\u00e9n vuelva a pisar la cancha<\/strong> por competiciones oficiales. Sin embargo, desde el Sant\u00e1stico van a esperar a que est\u00e9 al 100% <strong>para que no vuelva a jugar con dolor<\/strong>, como lo hizo el \u00faltimo tramo del 2025.<\/p>\n<\/div>\n<div class=\"sc-e7b891c4-0 ifHnQL image-embed\" id=\"element-body-4\"><img alt=\"Ney volvi\u00f3 a compartir con su gran amor, la N\u00b0 5. (@SantosFC).\" loading=\"lazy\" width=\"720\" height=\"100\" decoding=\"async\" data-nimg=\"1\" src=\"http:\/\/hoycordobaweb.com\/wp-content\/uploads\/2026\/01\/despues-de-otra-operacion-neymar-volvio-a-entrenar-con-pelota-2.jpg\"><span class=\"epigraphe\">Ney volvi\u00f3 a compartir con su gran amor, la N\u00b0 5. (@SantosFC).<\/span><\/div>\n<div id=\"element-body-5\" class=\"sc-136cd478-0 ekTCfV\" readability=\"35.728125\">\n<p>Ney hab\u00eda pasado por el bistur\u00ed en <strong>diciembre del a\u00f1o pasado, m\u00e1s concretamente el d\u00eda 22<\/strong>. Se le realiz\u00f3 una <strong>artroscopia del menisco de la rodilla izquierda<\/strong> para recuperar justamente un <strong>menisco roto<\/strong>, lesi\u00f3n cuya recuperaci\u00f3n que hab\u00eda sido postergada por Ney para salvar a su club del descenso en el <strong><a href=\"https:\/\/www.ole.com.ar\/tema\/brasileirao.html\" title=\"Brasileirao\" alt=\"Brasileirao\" class=\"slug\">Brasileirao<\/a><\/strong>. <\/p>\n<\/div>\n<div id=\"element-body-6\" class=\"sc-136cd478-0 ekTCfV\" readability=\"31.2\">\n<p>Uno de los motivos centrales del #10 santista para pasar por el quir\u00f3fano es el <strong><a href=\"https:\/\/www.ole.com.ar\/tema\/mundial-2026.html\" title=\"Mundial 2026\" alt=\"Mundial 2026\" class=\"slug\">Mundial<\/a><\/strong>: si bien hace m\u00e1s de dos a\u00f1os que no juega con la <strong><a href=\"https:\/\/www.ole.com.ar\/tema\/seleccion-de-brasil.html\" title=\"Selecci\u00f3n de Brasil\" alt=\"Selecci\u00f3n de Brasil\" class=\"slug\">selecci\u00f3n de Brasil<\/a><\/strong> y <strong><a href=\"https:\/\/www.ole.com.ar\/tema\/carlo-ancelotti.html\" title=\"Carlo Ancelotti\" alt=\"Carlo Ancelotti\" class=\"slug\">Carlo Ancelotti<\/a><\/strong> nunca lo convoc\u00f3 desde su llegada, <strong>el astro brasile\u00f1o no pierde las esperanzas de poder tener un \u00faltimo baile en una Copa del Mundo.<\/strong><\/p>\n<\/div>\n<div id=\"element-body-7\" class=\"sc-136cd478-0 ekTCfV\" readability=\"35.969040247678\">\n<p>La dificultad ser\u00eda que Carletto <strong>s\u00f3lo parece estar dispuesto a llevarlo si est\u00e1 al 100% desde lo f\u00edsico<\/strong>, algo que no pasa en la carrera de Ney desde sus a\u00f1os en el <a href=\"https:\/\/www.ole.com.ar\/tema\/psg.html\" title=\"PSG\" alt=\"PSG\" class=\"slug\">PSG<\/a>, antes de pasar por <a href=\"https:\/\/www.ole.com.ar\/tema\/arabia-saudita.html\" title=\"Arabia Saudita\" alt=\"Arabia Saudita\" class=\"slug\">Arabia<\/a> y siquiera pensar en el retorno al pa\u00eds del Amazonas. <strong>\u00bfPodr\u00e1 estar Ney con la Verdeamarelha en su \u00faltimo gran desaf\u00edo?<\/strong><\/p>\n<\/div>\n<div class=\"sc-e7b891c4-0 ifHnQL image-embed\" id=\"element-body-8\"><img alt=\"El paso de Ney por el quir\u00f3fano pensando en el Mundial. (@neymarjr).\" loading=\"lazy\" width=\"720\" height=\"100\" decoding=\"async\" data-nimg=\"1\" src=\"http:\/\/hoycordobaweb.com\/wp-content\/uploads\/2026\/01\/despues-de-otra-operacion-neymar-volvio-a-entrenar-con-pelota-3.jpg\"><span class=\"epigraphe\">El paso de Ney por el quir\u00f3fano pensando en el Mundial. (@neymarjr).<\/span><\/div>\n<p><h2><strong>Video: la vuelta de Neymar a los entrenamientos<\/strong><\/h2>\n<\/p>\n<div id=\"element-body-10\" class=\"sc-3c5a76cc-1 idjLTd\" readability=\"31\">\n<div class=\"JWvideoNota_title\" readability=\"7\">\n<p>El crack del Peixe retorn\u00f3 a los entrenamientos despu\u00e9s de ser operado. (Video: @SantosFC).<\/p>\n<\/div>\n<\/div>\n<div id=\"element-body-11\" class=\"sc-a7166897-0 eoLsBE\" readability=\"31.5\">\n<section readability=\"3\"><picture><img alt=\"Jamaica Bajo Cero 2: de correr con Usain Bolt a competir en los Juegos Ol\u00edmpicos de Invierno\" loading=\"lazy\" width=\"290\" height=\"290\" decoding=\"async\" data-nimg=\"1\" src=\"http:\/\/hoycordobaweb.com\/wp-content\/uploads\/2026\/01\/despues-de-otra-operacion-neymar-volvio-a-entrenar-con-pelota-4.jpg\"><\/picture>\n<p><span>Mir\u00e1 tambi\u00e9n<\/span><\/p>\n<hr>\n<h3>Jamaica Bajo Cero 2: de correr con Usain Bolt a competir en los Juegos Ol\u00edmpicos de Invierno<\/h3>\n<\/p>\n<\/section>\n<\/div>\n<div id=\"element-body-12\" class=\"sc-a7166897-0 eoLsBE\" readability=\"31\">\n<section readability=\"2\"><picture><img alt=\"El aliado maradoniano que espera tener Conte contra el Chelsea por la Champions \" loading=\"lazy\" width=\"290\" height=\"290\" decoding=\"async\" data-nimg=\"1\" src=\"http:\/\/hoycordobaweb.com\/wp-content\/uploads\/2026\/01\/despues-de-otra-operacion-neymar-volvio-a-entrenar-con-pelota-5.jpg\"><\/picture>\n<p><span>Mir\u00e1 tambi\u00e9n<\/span><\/p>\n<hr>\n<h3>El aliado maradoniano que espera tener Conte contra el Chelsea por la Champions <\/h3>\n<\/p>\n<\/section>\n<\/div>\n<div id=\"element-body-13\" class=\"sc-a7166897-0 eoLsBE\" readability=\"31.5\">\n<section readability=\"3\"><picture><img alt=\"Mourinho, antes de enfrentar al Madrid de Arbeloa: &quot;Ma\u00f1ana quiero que les vaya mal&quot;\" loading=\"lazy\" width=\"290\" height=\"290\" decoding=\"async\" data-nimg=\"1\" src=\"http:\/\/hoycordobaweb.com\/wp-content\/uploads\/2026\/01\/despues-de-otra-operacion-neymar-volvio-a-entrenar-con-pelota-6.jpg\"><\/picture>\n<p><span>Mir\u00e1 tambi\u00e9n<\/span><\/p>\n<hr>\n<h3>Mourinho, antes de enfrentar al Madrid de Arbeloa: \u00abMa\u00f1ana quiero que les vaya mal\u00bb<\/h3>\n<\/p>\n<\/section>\n<\/div>\n<\/div>\n","protected":false},"excerpt":{"rendered":"<p>27\/01\/2026 15:50hs. Actualizado al 27\/01\/2026 15:56hs. Lo de Neymar el a\u00f1o pasado en Santos fue realmente de novela: volvi\u00f3 al club de sus amores para sacarlo de un mal momento y, despu\u00e9s de pelear hasta el final, lo salv\u00f3 del descenso y, por si fuera poco, meti\u00f3 al Peixe en la Copa Sudamericana. Despu\u00e9s de [&hellip;]<\/p>\n","protected":false},"author":1,"featured_media":129704,"comment_status":"open","ping_status":"closed","sticky":false,"template":"","format":"standard","meta":[],"categories":[16],"tags":[],"_links":{"self":[{"href":"http:\/\/hoycordobaweb.com\/index.php\/wp-json\/wp\/v2\/posts\/129703"}],"collection":[{"href":"http:\/\/hoycordobaweb.com\/index.php\/wp-json\/wp\/v2\/posts"}],"about":[{"href":"http:\/\/hoycordobaweb.com\/index.php\/wp-json\/wp\/v2\/types\/post"}],"author":[{"embeddable":true,"href":"http:\/\/hoycordobaweb.com\/index.php\/wp-json\/wp\/v2\/users\/1"}],"replies":[{"embeddable":true,"href":"http:\/\/hoycordobaweb.com\/index.php\/wp-json\/wp\/v2\/comments?post=129703"}],"version-history":[{"count":0,"href":"http:\/\/hoycordobaweb.com\/index.php\/wp-json\/wp\/v2\/posts\/129703\/revisions"}],"wp:featuredmedia":[{"embeddable":true,"href":"http:\/\/hoycordobaweb.com\/index.php\/wp-json\/wp\/v2\/media\/129704"}],"wp:attachment":[{"href":"http:\/\/hoycordobaweb.com\/index.php\/wp-json\/wp\/v2\/media?parent=129703"}],"wp:term":[{"taxonomy":"category","embeddable":true,"href":"http:\/\/hoycordobaweb.com\/index.php\/wp-json\/wp\/v2\/categories?post=129703"},{"taxonomy":"post_tag","embeddable":true,"href":"http:\/\/hoycordobaweb.com\/index.php\/wp-json\/wp\/v2\/tags?post=129703"}],"curies":[{"name":"wp","href":"https:\/\/api.w.org\/{rel}","templated":true}]}}