{"id":129701,"date":"2026-01-27T19:07:08","date_gmt":"2026-01-27T19:07:08","guid":{"rendered":"https:\/\/www.ole.com.ar\/futbol-internacional\/america\/amargo-river-libertadores-confeso-hincha-boca-ahora-jugara-liga-quito_0_OSCMfqSeAu.html"},"modified":"2026-01-27T19:07:08","modified_gmt":"2026-01-27T19:07:08","slug":"el-verdugo-de-river-que-se-declaro-hincha-de-boca-deyverson-fue-presentado-en-liga-de-quito","status":"publish","type":"post","link":"http:\/\/hoycordobaweb.com\/index.php\/2026\/01\/27\/el-verdugo-de-river-que-se-declaro-hincha-de-boca-deyverson-fue-presentado-en-liga-de-quito\/","title":{"rendered":"El verdugo de River que se declar\u00f3 hincha de Boca: Deyverson fue presentado en Liga de Quito"},"content":{"rendered":"<p><img src=\"http:\/\/hoycordobaweb.com\/wp-content\/uploads\/2026\/01\/el-verdugo-de-river-que-se-declaro-hincha-de-boca-deyverson-fue-presentado-en-liga-de-quito.jpg\"><\/p>\n<p><time class=\"createDate\" datetime=\"2026-01-27T16:07:08-03:00\">27\/01\/2026 16:07hs.<\/time><\/p>\n<div id=\"storyBody\">\n<div id=\"element-body-0\" class=\"sc-136cd478-0 ekTCfV\" readability=\"33.304597701149\">\n<p>Carism\u00e1tico, rebelde y un recuerdo oscuro para <strong><a href=\"https:\/\/www.ole.com.ar\/tema\/marcelo-gallardo.html\" title=\"Marcelo Gallardo\" alt=\"Marcelo Gallardo\" class=\"slug\">Marcelo Gallardo<\/a><\/strong> y muchos hinchas de <strong><a href=\"https:\/\/www.ole.com.ar\/tema\/river-plate.html\" title=\"River Plate\" alt=\"River Plate\" class=\"slug\">River<\/a><\/strong>. <strong>Con 34 a\u00f1os y tras su \u00faltimo paso por Fortaleza de Brasil, <a href=\"https:\/\/www.ole.com.ar\/tema\/deyverson.html\" title=\"deyverson\" alt=\"deyverson\" class=\"slug\">Deyverson<\/a> firm\u00f3 con <a href=\"https:\/\/www.ole.com.ar\/tema\/liga-de-quito.html\" title=\"liga de quito\" alt=\"liga de quito\" class=\"slug\">Liga de Quito<\/a> de la Liga Pro de Ecuador.<\/strong> El delantero llega en condici\u00f3n de libre y se suma al cuadro de Los Albos, que lo present\u00f3 de manera oficial en sus redes sociales.<\/p>\n<\/div>\n<div id=\"element-body-1\" class=\"sc-136cd478-0 ekTCfV\" readability=\"38\">\n<p>El delantero campe\u00f3n de la Copa Libertadores 2021 qued\u00f3 libre de Fortaleza y decidi\u00f3 aceptar la propuesta del conjunto ecuatoriano. <strong>Ser\u00e1 la primera vez que juegue en un equipo sudamericano fuera de Brasil,<\/strong> en una carrera totalmente ex\u00f3tica que lo llev\u00f3 a pasar por 12 clubes, <strong>con experiencias en pa\u00edses como Alemania, Espa\u00f1a y Portugal.<\/strong><\/p>\n<\/div>\n<div id=\"element-body-2\" class=\"sc-136cd478-0 ekTCfV\" readability=\"37\">\n<p>Su \u00faltimo a\u00f1o no fue el mejor en t\u00e9rminos goleadores: convirti\u00f3 apenas nueve tantos en 36 partidos con Fortaleza. No logr\u00f3 ayudar al equipo a mantener la categor\u00eda y el club termin\u00f3 descendiendo. Todo esto se dio en un contexto particular, <strong>con Mart\u00edn Palermo como director t\u00e9cnico,<\/strong> quien lleg\u00f3 para reemplazar los \u00faltimos ciclos de Vojvoda y Renato Paiva.<\/p>\n<\/div>\n<div class=\"sc-e7b891c4-0 ifHnQL image-embed\" id=\"element-body-3\"><img alt=\"Deyverson llega tras un a\u00f1o en Fortaleza.\" loading=\"lazy\" width=\"720\" height=\"100\" decoding=\"async\" data-nimg=\"1\" src=\"http:\/\/hoycordobaweb.com\/wp-content\/uploads\/2026\/01\/el-verdugo-de-river-que-se-declaro-hincha-de-boca-deyverson-fue-presentado-en-liga-de-quito-2.jpg\"><span class=\"epigraphe\">Deyverson llega tras un a\u00f1o en Fortaleza.<\/span><\/div>\n<p><h2><strong>Deyverson y su noche so\u00f1ada frente a River<\/strong><\/h2>\n<\/p>\n<div id=\"element-body-5\" class=\"sc-136cd478-0 ekTCfV\" readability=\"36\">\n<p>El exc\u00e9ntrico delantero tuvo su noche so\u00f1ada ante River cuando a\u00fan vest\u00eda la camiseta de Atl\u00e9tico Mineiro. En la ida de las semifinales de la Copa Libertadores 2024, convirti\u00f3 dos goles y dio una asistencia en el 3-0 del Galo frente al equipo de Marcelo Gallardo, en Brasil.<\/p>\n<\/div>\n<div id=\"element-body-6\" class=\"sc-136cd478-0 ekTCfV\" readability=\"37\">\n<p>Deyverson avis\u00f3 desde el inicio con un gol anulado por offside y no tard\u00f3 en dejar su marca. <strong>A los 22 minutos abri\u00f3 el marcador con una definici\u00f3n exquisita ante Armani y desde ah\u00ed comenz\u00f3 su show<\/strong>. Provoc\u00f3 a la hinchada, jug\u00f3 con los rivales y hasta se dio el gusto de tirar un amague a Nacho Fern\u00e1ndez antes de ejecutar un tiro libre, calentando un partido que ya empezaba a tensarse.<\/p>\n<\/div>\n<div id=\"element-body-7\" class=\"sc-136cd478-0 ekTCfV\" readability=\"38\">\n<p>Con la confianza en alza, sostuvo su papel provocador durante todo el encuentro. <strong>Festej\u00f3 acciones menores, pidi\u00f3 amonestaciones de forma exagerada y sigui\u00f3 sacando de eje a River.<\/strong> En el complemento <strong>convirti\u00f3 su segundo gol y asisti\u00f3 en el tercero. <\/strong>Adem\u00e1s, <strong> <\/strong>Fue ovacionado al salir a los 81 minutos. Actuaci\u00f3n inolvidable.<\/p>\n<\/div>\n<div class=\"sc-e7b891c4-0 ifHnQL image-embed\" id=\"element-body-8\"><img alt=\"Deyverson frente a River. (EFE\/ Juan Ignacio Roncoroni)\" loading=\"lazy\" width=\"720\" height=\"100\" decoding=\"async\" data-nimg=\"1\" src=\"http:\/\/hoycordobaweb.com\/wp-content\/uploads\/2026\/01\/el-verdugo-de-river-que-se-declaro-hincha-de-boca-deyverson-fue-presentado-en-liga-de-quito-3.jpg\"><span class=\"epigraphe\">Deyverson frente a River. (EFE\/ Juan Ignacio Roncoroni)<\/span><\/div>\n<p><h2><strong>Video: el doblete de Deyverson frente a River<\/strong><\/h2>\n<\/p>\n<div id=\"element-body-10\" class=\"sc-3c5a76cc-1 idjLTd\" readability=\"32\">\n<div class=\"JWvideoNota_title\" readability=\"9\">\n<p>Atl\u00e9tico Mineiro le gana 2 a 0 a River, por la semifinal de la Copa Libertadores. Video: FOX Sports<\/p>\n<\/div>\n<\/div>\n<p><h2><strong>Su cari\u00f1o por Boca<\/strong><\/h2>\n<\/p>\n<div id=\"element-body-12\" class=\"sc-136cd478-0 ekTCfV\" readability=\"36\">\n<p>Posterior a la eliminaci\u00f3n del Millonario, el brasile\u00f1o reforz\u00f3 su identificaci\u00f3n con el club azul y oro, un v\u00ednculo que siempre expres\u00f3 p\u00fablicamente y que volvi\u00f3 a tomar fuerza luego de su actuaci\u00f3n frente a River.<\/p>\n<\/div>\n<div id=\"element-body-13\" class=\"sc-136cd478-0 ekTCfV\" readability=\"40\">\n<p>En su momento, explic\u00f3 las razones de ese sentimiento: \u201c <strong>Me gusta mucho por Maradona, primero. Siempre. Tambi\u00e9n por Cavani, Riquelme\u201d.<\/strong> Y agreg\u00f3: <strong>\u201cDesde ni\u00f1o miraba a Boca jugar. Su afici\u00f3n, su estadio hist\u00f3rico, la historia y todo lo que ha hecho Boca en el mundo del f\u00fatbol me hicieron enamorar\u201d.<\/strong><\/p>\n<\/div>\n<div id=\"element-body-14\" class=\"sc-136cd478-0 ekTCfV\" readability=\"43\">\n<p>Adem\u00e1s destac\u00f3, de que m\u00e1s all\u00e1 de que los motivos sean varios, hay uno que sobresale no solo con \u00e9l, sino tambi\u00e9n con el resto de compatriotas suyos que sienten cari\u00f1o por Boca: <strong>\u00abNosotros los brasile\u00f1os nos enamoramos de Boca por la forma en la que los hinchas cantan, que no paran, est\u00e1n ah\u00ed. Si est\u00e1n mal cantan, si est\u00e1n bien cantan tambi\u00e9n, si est\u00e1 ganando cantan, si pierden cantan. Todo eso me ha hecho enamorar de Boca\u00bb.<\/strong><\/p>\n<\/div>\n<div class=\"sc-e7b891c4-0 ifHnQL image-embed\" id=\"element-body-15\"><img alt=\"Deyverson y la camiseta de Boca. Regalo de Cavani.\" loading=\"lazy\" width=\"720\" height=\"100\" decoding=\"async\" data-nimg=\"1\" src=\"http:\/\/hoycordobaweb.com\/wp-content\/uploads\/2026\/01\/el-verdugo-de-river-que-se-declaro-hincha-de-boca-deyverson-fue-presentado-en-liga-de-quito-4.jpg\"><span class=\"epigraphe\">Deyverson y la camiseta de Boca. Regalo de Cavani.<\/span><\/div>\n<\/div>\n","protected":false},"excerpt":{"rendered":"<p>27\/01\/2026 16:07hs. Carism\u00e1tico, rebelde y un recuerdo oscuro para Marcelo Gallardo y muchos hinchas de River. Con 34 a\u00f1os y tras su \u00faltimo paso por Fortaleza de Brasil, Deyverson firm\u00f3 con Liga de Quito de la Liga Pro de Ecuador. El delantero llega en condici\u00f3n de libre y se suma al cuadro de Los Albos, [&hellip;]<\/p>\n","protected":false},"author":1,"featured_media":129702,"comment_status":"open","ping_status":"closed","sticky":false,"template":"","format":"standard","meta":[],"categories":[16],"tags":[],"_links":{"self":[{"href":"http:\/\/hoycordobaweb.com\/index.php\/wp-json\/wp\/v2\/posts\/129701"}],"collection":[{"href":"http:\/\/hoycordobaweb.com\/index.php\/wp-json\/wp\/v2\/posts"}],"about":[{"href":"http:\/\/hoycordobaweb.com\/index.php\/wp-json\/wp\/v2\/types\/post"}],"author":[{"embeddable":true,"href":"http:\/\/hoycordobaweb.com\/index.php\/wp-json\/wp\/v2\/users\/1"}],"replies":[{"embeddable":true,"href":"http:\/\/hoycordobaweb.com\/index.php\/wp-json\/wp\/v2\/comments?post=129701"}],"version-history":[{"count":0,"href":"http:\/\/hoycordobaweb.com\/index.php\/wp-json\/wp\/v2\/posts\/129701\/revisions"}],"wp:featuredmedia":[{"embeddable":true,"href":"http:\/\/hoycordobaweb.com\/index.php\/wp-json\/wp\/v2\/media\/129702"}],"wp:attachment":[{"href":"http:\/\/hoycordobaweb.com\/index.php\/wp-json\/wp\/v2\/media?parent=129701"}],"wp:term":[{"taxonomy":"category","embeddable":true,"href":"http:\/\/hoycordobaweb.com\/index.php\/wp-json\/wp\/v2\/categories?post=129701"},{"taxonomy":"post_tag","embeddable":true,"href":"http:\/\/hoycordobaweb.com\/index.php\/wp-json\/wp\/v2\/tags?post=129701"}],"curies":[{"name":"wp","href":"https:\/\/api.w.org\/{rel}","templated":true}]}}