{"id":129699,"date":"2026-01-27T20:37:09","date_gmt":"2026-01-27T20:37:09","guid":{"rendered":"https:\/\/www.ole.com.ar\/futbol-internacional\/espana\/luis-fuente-cauto-chances-espana-proximo-mundial-menciono-argentina_0_ZG5zR5NYyD.html"},"modified":"2026-01-27T20:37:09","modified_gmt":"2026-01-27T20:37:09","slug":"argentina-en-la-advertencia-del-dt-de-espana-antes-del-mundial-2026","status":"publish","type":"post","link":"http:\/\/hoycordobaweb.com\/index.php\/2026\/01\/27\/argentina-en-la-advertencia-del-dt-de-espana-antes-del-mundial-2026\/","title":{"rendered":"Argentina, en la advertencia del DT de Espa\u00f1a antes del Mundial 2026"},"content":{"rendered":"<p><img src=\"http:\/\/hoycordobaweb.com\/wp-content\/uploads\/2026\/01\/argentina-en-la-advertencia-del-dt-de-espana-antes-del-mundial-2026.jpg\"><\/p>\n<p><time class=\"createDate\" datetime=\"2026-01-27T17:37:09-03:00\">27\/01\/2026 17:37hs.<\/time><\/p>\n<div id=\"storyBody\">\n<div id=\"element-body-0\" class=\"sc-136cd478-0 ekTCfV\" readability=\"35.49\">\n<p>Falta mucho, pero al mismo tiempo no tanto. El <strong><a href=\"https:\/\/www.ole.com.ar\/tema\/mundial-2026.html\" title=\"Mundial 2026\" alt=\"Mundial 2026\" class=\"slug\">Mundial 2026<\/a><\/strong> est\u00e1 cada vez m\u00e1s cerca y la palabra de los entrenadores que dirigen a las selecciones candidatas a quedarse con la Copa del Mundo empieza a tomar cada vez m\u00e1s peso a medida que se acerca la fecha. Ese es el caso de <strong><a href=\"https:\/\/www.ole.com.ar\/tema\/luis-de-la-fuente.html\" title=\"Luis de la Fuente\" alt=\"Luis de la Fuente\" class=\"slug\">Luis de la Fuente<\/a><\/strong>, quien en una charla junto a ni\u00f1os de la comunidad de La Rioja, Espa\u00f1a, <strong>confes\u00f3 ser cauto con las posibilidades de <a href=\"https:\/\/www.ole.com.ar\/tema\/seleccion-de-espana.html\" title=\"selecci\u00f3n de espa\u00f1a\" alt=\"selecci\u00f3n de espa\u00f1a\" class=\"slug\">La Roja<\/a> de quedarse con el t\u00edtulo y mencion\u00f3 a <a href=\"https:\/\/www.ole.com.ar\/tema\/seleccion-argentina.html\" title=\"Selecci\u00f3n Argentina\" alt=\"Selecci\u00f3n Argentina\" class=\"slug\">Argentina<\/a> como una de las potencias.<\/strong><\/p>\n<\/div>\n<div id=\"element-body-1\" class=\"sc-136cd478-0 ekTCfV\" readability=\"38\">\n<p>Uno de los chicos le pregunt\u00f3 si Espa\u00f1a podr\u00e1 repetir lo logrado en Sud\u00e1frica 2010. Ante esa consulta, el entrenador fue cauto y volvi\u00f3 a remarcar que <strong>\u201chay otros equipos muy buenos\u201d.<\/strong> En su respuesta nombr\u00f3 a selecciones como <strong>Alemania, Brasil y Argentina,<\/strong> dejando en claro que el favoritismo no garantiza resultados.<\/p>\n<\/div>\n<div id=\"element-body-2\" class=\"sc-136cd478-0 ekTCfV\" readability=\"40\">\n<p>En la misma l\u00ednea, el seleccionador insisti\u00f3 en que el objetivo no puede medirse solo por el resultado final. <strong>\u201cEl Mundial va a ser muy dif\u00edcil ganarlo y si no se consigue, lo habremos intentado, eso es lo importante\u201d,<\/strong> expres\u00f3. Adem\u00e1s remarc\u00f3 que competir con honestidad y compromiso es clave, incluso cuando el desenlace no es el deseado<\/p>\n<\/div>\n<div class=\"sc-e7b891c4-0 ifHnQL image-embed\" id=\"element-body-3\"><img alt=\"Luis de la Fuente por Eliminatorias Europeas. (REUTERS\/Susana Vera)\" loading=\"lazy\" width=\"720\" height=\"100\" decoding=\"async\" data-nimg=\"1\" src=\"http:\/\/hoycordobaweb.com\/wp-content\/uploads\/2026\/01\/argentina-en-la-advertencia-del-dt-de-espana-antes-del-mundial-2026-2.jpg\"><span class=\"epigraphe\">Luis de la Fuente por Eliminatorias Europeas. (REUTERS\/Susana Vera)<\/span><\/div>\n<p><h2><strong>\u00bfM\u00e1s jugadores convocados del Barcelona que del Real Madrid?<\/strong><\/h2>\n<\/p>\n<div id=\"element-body-5\" class=\"sc-136cd478-0 ekTCfV\" readability=\"40\">\n<p>Consultado sobre la mayor presencia de jugadores del Barcelona por sobre el Real Madrid en sus convocatorias, el t\u00e9cnico fue tajante. Explic\u00f3 que selecciona <strong>\u201ca jugadores espa\u00f1oles\u201d<\/strong> y no <strong>\u201ca jugadores del Real Madrid, del Barcelona, del Sevilla o del Athletic\u201d.<\/strong> De esa manera, dej\u00f3 en claro que las citaciones no responden a camisetas ni a nombres de clubes, sino al rendimiento y al perfil de cada futbolista.<\/p>\n<\/div>\n<div id=\"element-body-6\" class=\"sc-136cd478-0 ekTCfV\" readability=\"42\">\n<p>Tambi\u00e9n fue interrogado por la situaci\u00f3n de los arqueros, en medio de las dudas recientes sobre <strong>Unai Sim\u00f3n<\/strong> y el crecimiento de <strong> Joan Garc\u00eda.<\/strong> Sin profundizar demasiado, De la Fuente afirm\u00f3 que Espa\u00f1a cuenta con <strong>\u201cseis de los diez mejores porteros del mundo\u201d,<\/strong> entre los que mencion\u00f3 a <strong>Sim\u00f3n, Garc\u00eda, \u00c1lex Remiro, David Raya, Robert S\u00e1nchez y Leo Rom\u00e1n.<\/strong><\/p>\n<\/div>\n<div class=\"sc-e7b891c4-0 ifHnQL image-embed\" id=\"element-body-7\"><img alt=\"Luis de la Fuente junto a Lamine Yamal. (EFE\/EPA\/VASSIL DONEV)\" loading=\"lazy\" width=\"720\" height=\"100\" decoding=\"async\" data-nimg=\"1\" src=\"http:\/\/hoycordobaweb.com\/wp-content\/uploads\/2026\/01\/argentina-en-la-advertencia-del-dt-de-espana-antes-del-mundial-2026-3.jpg\"><span class=\"epigraphe\">Luis de la Fuente junto a Lamine Yamal. (EFE\/EPA\/VASSIL DONEV)<\/span><\/div>\n<div id=\"element-body-8\" class=\"sc-136cd478-0 ekTCfV\" readability=\"40\">\n<p>Por otro lado, el seleccionador destac\u00f3 adem\u00e1s el trabajo que hay detr\u00e1s de cada convocatoria. <strong>Se\u00f1al\u00f3 que su equipo observa entre 60 y 70 partidos por semana y que, adem\u00e1s de las condiciones futbol\u00edsticas, busca que los jugadores sean \u201cbuenas personas\u201d.<\/strong> Finalmente, reivindic\u00f3 a la selecci\u00f3n como \u201calgo de lo poco\u201d que une al pa\u00eds y pidi\u00f3 verla como \u201cel equipo de todos\u201d, m\u00e1s all\u00e1 de que \u201ctodo el mundo tenga su corazoncito\u201d con un club.<\/p>\n<\/div>\n<p><h2>Antes del Mundial, la Finalissima<\/h2>\n<\/p>\n<div id=\"element-body-10\" class=\"sc-136cd478-0 ekTCfV\" readability=\"39\">\n<p>La Finalissima entre la Selecci\u00f3n Argentina y Espa\u00f1a ya tiene fecha oficial: el 27 de marzo de 2026 a las 15:00 horas en el Estadio Lusail de Qatar, mismo recinto en el que la Albiceleste levant\u00f3 su tercera Copa del Mundo en 2022. El partido, que enfrenta a los campeones de la Copa Am\u00e9rica y la Eurocopa 2024, se disputar\u00e1 a pocos meses del inicio del Mundial 2026 en Estados Unidos, M\u00e9xico y Canad\u00e1.<\/p>\n<\/div>\n<div id=\"element-body-11\" class=\"sc-136cd478-0 ekTCfV\" readability=\"35\">\n<p>Esta edici\u00f3n enfrenta a una Argentina que llega como vigente campeona del mundo y defensora del t\u00edtulo de la Finalissima. En la edici\u00f3n previa, la Scaloneta super\u00f3 por 3 a 0 a Italia en Wembley en 2022.<\/p>\n<\/div>\n<div id=\"element-body-12\" class=\"sc-136cd478-0 ekTCfV\" readability=\"36\">\n<p>Ambos equipos alcanzaron la Finalissima tras conquistar sus respectivos torneos continentales en 2024. Argentina consigui\u00f3 su 16\u00aa Copa Am\u00e9rica al vencer a Colombia por 1 a 0 en la final. El conjunto dirigido por Scaloni sum\u00f3 cinco triunfos y un empate -que resolvi\u00f3 por penales-, con nueve goles a favor y solo uno en contra. Lautaro Mart\u00ednez fue su m\u00e1ximo goleador con cinco tantos y tambi\u00e9n fue el autor del decisivo tanto en la final ante los Cafeteros.<\/p>\n<\/div>\n<\/div>\n","protected":false},"excerpt":{"rendered":"<p>27\/01\/2026 17:37hs. Falta mucho, pero al mismo tiempo no tanto. El Mundial 2026 est\u00e1 cada vez m\u00e1s cerca y la palabra de los entrenadores que dirigen a las selecciones candidatas a quedarse con la Copa del Mundo empieza a tomar cada vez m\u00e1s peso a medida que se acerca la fecha. Ese es el caso [&hellip;]<\/p>\n","protected":false},"author":1,"featured_media":129700,"comment_status":"open","ping_status":"closed","sticky":false,"template":"","format":"standard","meta":[],"categories":[16],"tags":[],"_links":{"self":[{"href":"http:\/\/hoycordobaweb.com\/index.php\/wp-json\/wp\/v2\/posts\/129699"}],"collection":[{"href":"http:\/\/hoycordobaweb.com\/index.php\/wp-json\/wp\/v2\/posts"}],"about":[{"href":"http:\/\/hoycordobaweb.com\/index.php\/wp-json\/wp\/v2\/types\/post"}],"author":[{"embeddable":true,"href":"http:\/\/hoycordobaweb.com\/index.php\/wp-json\/wp\/v2\/users\/1"}],"replies":[{"embeddable":true,"href":"http:\/\/hoycordobaweb.com\/index.php\/wp-json\/wp\/v2\/comments?post=129699"}],"version-history":[{"count":0,"href":"http:\/\/hoycordobaweb.com\/index.php\/wp-json\/wp\/v2\/posts\/129699\/revisions"}],"wp:featuredmedia":[{"embeddable":true,"href":"http:\/\/hoycordobaweb.com\/index.php\/wp-json\/wp\/v2\/media\/129700"}],"wp:attachment":[{"href":"http:\/\/hoycordobaweb.com\/index.php\/wp-json\/wp\/v2\/media?parent=129699"}],"wp:term":[{"taxonomy":"category","embeddable":true,"href":"http:\/\/hoycordobaweb.com\/index.php\/wp-json\/wp\/v2\/categories?post=129699"},{"taxonomy":"post_tag","embeddable":true,"href":"http:\/\/hoycordobaweb.com\/index.php\/wp-json\/wp\/v2\/tags?post=129699"}],"curies":[{"name":"wp","href":"https:\/\/api.w.org\/{rel}","templated":true}]}}