{"id":129697,"date":"2026-01-27T19:54:56","date_gmt":"2026-01-27T19:54:56","guid":{"rendered":"https:\/\/www.ole.com.ar\/futbol-primera\/velez-talleres-torneo-apertura_0_UmS0t8gHfu.html"},"modified":"2026-01-27T19:54:56","modified_gmt":"2026-01-27T19:54:56","slug":"velez-recibe-a-talleres-en-el-amalfitani-por-la-fecha-2","status":"publish","type":"post","link":"http:\/\/hoycordobaweb.com\/index.php\/2026\/01\/27\/velez-recibe-a-talleres-en-el-amalfitani-por-la-fecha-2\/","title":{"rendered":"V\u00e9lez recibe a Talleres en el Amalfitani por la fecha 2"},"content":{"rendered":"<p><img src=\"http:\/\/hoycordobaweb.com\/wp-content\/uploads\/2026\/01\/velez-recibe-a-talleres-en-el-amalfitani-por-la-fecha-2.jpg\"><\/p>\n<p><span class=\"createDate\">27\/01\/2026 16:54hs.<\/span><time class=\"modificatedDate\" datetime=\"2026-01-27T17:25:40-03:00\"> Actualizado al 27\/01\/2026 17:25hs.<\/time><\/p>\n<div id=\"storyBody\">\n<div id=\"element-body-0\" class=\"sc-136cd478-0 ekTCfV\" readability=\"38\">\n<p>Sexto d\u00eda consecutivo de f\u00fatbol argentino. Ahora es el turno de V\u00e9lez y Talleres por la segunda fecha del Torneo Apertura luego de haber arrancado el a\u00f1o de la mejor manera. Los dos salieron vencedores de la fecha 1. Finalmente, Maher Carrizo estar\u00e1 en el banco de suplentes y su lugar ser\u00e1 ocupado por Mat\u00edas Arias. Por su parte, la T llega luego de ganarle a Newell&#8217;s con gol de su flamante refuerzo, Ronaldo Mart\u00ednez.<\/p>\n<\/div>\n<div id=\"element-body-1\" class=\"sc-136cd478-0 ekTCfV\">\n<p>Noticia en desarrollo&#8230;<\/p>\n<\/div>\n<p><h2>Segu\u00ed el minuto a minuto de V\u00e9lez &#8211; Talleres <\/h2>\n<\/p>\n<div id=\"element-body-4\" class=\"sc-a7166897-0 eoLsBE\" readability=\"32\">\n<section readability=\"4\"><picture><img alt=\"V\u00e9lez vs. Talleres, por el Torneo Apertura: d\u00eda, horario y c\u00f3mo ver por TV\" loading=\"lazy\" width=\"290\" height=\"290\" decoding=\"async\" data-nimg=\"1\" src=\"http:\/\/hoycordobaweb.com\/wp-content\/uploads\/2026\/01\/velez-recibe-a-talleres-en-el-amalfitani-por-la-fecha-2-2.jpg\"><\/picture>\n<p><span>Mir\u00e1 tambi\u00e9n<\/span><\/p>\n<hr>\n<h3>V\u00e9lez vs. Talleres, por el Torneo Apertura: d\u00eda, horario y c\u00f3mo ver por TV<\/h3>\n<\/p>\n<\/section>\n<\/div>\n<div id=\"element-body-5\" class=\"sc-a7166897-0 eoLsBE\" readability=\"31\">\n<section readability=\"2\"><picture><img alt=\"El 11 ideal de Ol\u00e9 de la fecha 1 del Torneo Apertura\" loading=\"lazy\" width=\"290\" height=\"290\" decoding=\"async\" data-nimg=\"1\" src=\"http:\/\/hoycordobaweb.com\/wp-content\/uploads\/2026\/01\/velez-recibe-a-talleres-en-el-amalfitani-por-la-fecha-2-3.jpg\"><\/picture>\n<p><span>Mir\u00e1 tambi\u00e9n<\/span><\/p>\n<hr>\n<h3>El 11 ideal de Ol\u00e9 de la fecha 1 del Torneo Apertura<\/h3>\n<\/p>\n<\/section>\n<\/div>\n<div id=\"element-body-6\" class=\"sc-a7166897-0 eoLsBE\" readability=\"31.5\">\n<section readability=\"3\"><picture><img alt=\"Partidos de hoy, martes 27 de enero: horario y por d\u00f3nde ver f\u00fatbol en vivo\" loading=\"lazy\" width=\"290\" height=\"290\" decoding=\"async\" data-nimg=\"1\" src=\"http:\/\/hoycordobaweb.com\/wp-content\/uploads\/2026\/01\/velez-recibe-a-talleres-en-el-amalfitani-por-la-fecha-2-4.jpg\"><\/picture>\n<p><span>Mir\u00e1 tambi\u00e9n<\/span><\/p>\n<hr>\n<h3>Partidos de hoy, martes 27 de enero: horario y por d\u00f3nde ver f\u00fatbol en vivo<\/h3>\n<\/p>\n<\/section>\n<\/div>\n<\/div>\n","protected":false},"excerpt":{"rendered":"<p>27\/01\/2026 16:54hs. Actualizado al 27\/01\/2026 17:25hs. Sexto d\u00eda consecutivo de f\u00fatbol argentino. Ahora es el turno de V\u00e9lez y Talleres por la segunda fecha del Torneo Apertura luego de haber arrancado el a\u00f1o de la mejor manera. Los dos salieron vencedores de la fecha 1. Finalmente, Maher Carrizo estar\u00e1 en el banco de suplentes y [&hellip;]<\/p>\n","protected":false},"author":1,"featured_media":129698,"comment_status":"open","ping_status":"closed","sticky":false,"template":"","format":"standard","meta":[],"categories":[16],"tags":[],"_links":{"self":[{"href":"http:\/\/hoycordobaweb.com\/index.php\/wp-json\/wp\/v2\/posts\/129697"}],"collection":[{"href":"http:\/\/hoycordobaweb.com\/index.php\/wp-json\/wp\/v2\/posts"}],"about":[{"href":"http:\/\/hoycordobaweb.com\/index.php\/wp-json\/wp\/v2\/types\/post"}],"author":[{"embeddable":true,"href":"http:\/\/hoycordobaweb.com\/index.php\/wp-json\/wp\/v2\/users\/1"}],"replies":[{"embeddable":true,"href":"http:\/\/hoycordobaweb.com\/index.php\/wp-json\/wp\/v2\/comments?post=129697"}],"version-history":[{"count":0,"href":"http:\/\/hoycordobaweb.com\/index.php\/wp-json\/wp\/v2\/posts\/129697\/revisions"}],"wp:featuredmedia":[{"embeddable":true,"href":"http:\/\/hoycordobaweb.com\/index.php\/wp-json\/wp\/v2\/media\/129698"}],"wp:attachment":[{"href":"http:\/\/hoycordobaweb.com\/index.php\/wp-json\/wp\/v2\/media?parent=129697"}],"wp:term":[{"taxonomy":"category","embeddable":true,"href":"http:\/\/hoycordobaweb.com\/index.php\/wp-json\/wp\/v2\/categories?post=129697"},{"taxonomy":"post_tag","embeddable":true,"href":"http:\/\/hoycordobaweb.com\/index.php\/wp-json\/wp\/v2\/tags?post=129697"}],"curies":[{"name":"wp","href":"https:\/\/api.w.org\/{rel}","templated":true}]}}