{"id":129695,"date":"2026-01-27T20:06:15","date_gmt":"2026-01-27T20:06:15","guid":{"rendered":"https:\/\/www.ole.com.ar\/futbol-internacional\/inglaterra\/aston-villa-dibu-martinez-tammy-abraham-beskitas-dybala-paredes_0_14SizUIm8y.html"},"modified":"2026-01-27T20:06:15","modified_gmt":"2026-01-27T20:06:15","slug":"tammy-abraham-fue-presentado-en-el-aston-villa-y-sera-companero-del-dibu-martinez","status":"publish","type":"post","link":"http:\/\/hoycordobaweb.com\/index.php\/2026\/01\/27\/tammy-abraham-fue-presentado-en-el-aston-villa-y-sera-companero-del-dibu-martinez\/","title":{"rendered":"Tammy Abraham fue presentado en el Aston Villa y ser\u00e1 compa\u00f1ero del Dibu Mart\u00ednez"},"content":{"rendered":"<p><img src=\"http:\/\/hoycordobaweb.com\/wp-content\/uploads\/2026\/01\/tammy-abraham-fue-presentado-en-el-aston-villa-y-sera-companero-del-dibu-martinez.jpg\"><\/p>\n<p><time class=\"createDate\" datetime=\"2026-01-27T17:06:15-03:00\">27\/01\/2026 17:06hs.<\/time><\/p>\n<div id=\"storyBody\">\n<div id=\"element-body-0\" class=\"sc-136cd478-0 ekTCfV\" readability=\"36.724565756824\">\n<p><strong>El conjunto de <a href=\"https:\/\/www.ole.com.ar\/tema\/unai-emery.html\" title=\"Unai Emery\" alt=\"Unai Emery\" class=\"slug\">Unai Emery<\/a> concret\u00f3 el fichaje de Tammy Abraham, quien vuelve al <a href=\"https:\/\/www.ole.com.ar\/tema\/aston-villa.html\" title=\"Aston Villa\" alt=\"Aston Villa\" class=\"slug\">Aston Villa<\/a> despu\u00e9s de cinco a\u00f1os<\/strong>, pero ser\u00e1 la primera vez en la Premier League con este equipo. El londinense se convirti\u00f3 en <strong>el tercer refuerzo de los de Birmingham en este mercado de pases<\/strong>, tras un acuerdo con el Besiktas, que lo acababa de comprar por 12 millones de euros a la Roma, donde jug\u00f3 con <a href=\"https:\/\/www.ole.com.ar\/tema\/paulo-dybala.html\" title=\"Paulo Dybala\" alt=\"Paulo Dybala\" class=\"slug\">Paulo Dybala<\/a>.<\/p>\n<\/div>\n<div id=\"element-body-1\" class=\"sc-136cd478-0 ekTCfV\" readability=\"37.453257790368\">\n<p>Para que el delantero se convierta en <strong>el nuevo compa\u00f1ero del <a href=\"https:\/\/www.ole.com.ar\/tema\/damian-emiliano-martinez.html\" title=\"Dami\u00e1n Emiliano Mart\u00ednez\" alt=\"Dami\u00e1n Emiliano Mart\u00ednez\" class=\"slug\">Dibu Mart\u00ednez<\/a>, los Villanos tuvieron que desembolsar casi 20 millones de euros.<\/strong> El jugador de 28 a\u00f1os firm\u00f3 un contrato de cuatro temporadas y media de duraci\u00f3n, asegurando su vuelta al f\u00fatbol ingl\u00e9s, despu\u00e9s de ser parte del Chelsea, donde lleg\u00f3 a participar en m\u00e1s de 50 partidos.<\/p>\n<\/div>\n<div class=\"sc-e7b891c4-0 ifHnQL image-embed\" id=\"element-body-2\"><img alt=\"Abraham viene de romperla en Turqu\u00eda (Instagram).\" loading=\"lazy\" width=\"720\" height=\"100\" decoding=\"async\" data-nimg=\"1\" src=\"http:\/\/hoycordobaweb.com\/wp-content\/uploads\/2026\/01\/tammy-abraham-fue-presentado-en-el-aston-villa-y-sera-companero-del-dibu-martinez-2.jpg\"><span class=\"epigraphe\">Abraham viene de romperla en Turqu\u00eda (Instagram).<\/span><\/div>\n<div id=\"element-body-3\" class=\"sc-136cd478-0 ekTCfV\" readability=\"40\">\n<p>Durante la temporada 18\/19, jugando para los Blues, fue cedido al Villa, cuando el equipo estaba en la Segunda Divisi\u00f3n inglesa. Abraham <strong>fue una pieza clave en la vuelta del equipo<\/strong> a la divisi\u00f3n m\u00e1s importante de ese pa\u00eds, nada m\u00e1s ni nada menos porque fue el m\u00e1ximo goleador de esa temporada, por lo que los hinchas tienen un muy buen recuerdo del delantero.<\/p>\n<\/div>\n<p><h2><strong>De ser compa\u00f1ero de Dybala y Paredes a jugar con el Dibu Mart\u00ednez<\/strong><\/h2>\n<\/p>\n<div id=\"element-body-5\" class=\"sc-136cd478-0 ekTCfV\" readability=\"36\">\n<p>Durante su extenso paso por la Roma, club en el que m\u00e1s partidos jug\u00f3 en su carrera (fueron 120) y en el que se desempe\u00f1\u00f3 entre 2021 y 2024 antes de ser cedido al Besiktas, <strong>Abraham comparti\u00f3 plantel con Paulo Dybala y Leandro Paredes<\/strong>.<\/p>\n<\/div>\n<div id=\"element-body-6\" class=\"sc-136cd478-0 ekTCfV\" readability=\"37\">\n<p><strong>Con el actual futbolista de Boca \u00fanicamente disput\u00f3 ocho partidos en el equipo de la capital italiana<\/strong>, dentro de los que destac\u00f3 el encuentro por las semifinales de la Europa League frente al Bayer Leverkusen, el cual termin\u00f3 en empate 2 a 2 y decant\u00f3 en la eliminaci\u00f3n de la Loba producto del 4 a 2 en el global.<\/p>\n<\/div>\n<div id=\"element-body-7\" class=\"sc-136cd478-0 ekTCfV\" readability=\"38\">\n<p>Por su parte, con el volante cordob\u00e9s, <strong>Abraham conform\u00f3 una buena dupla de ataque en la Roma<\/strong>. En total, los dos ofensivos compartieron un total de 38 partidos, en los que <strong>convirtieron ocho goles asisti\u00e9ndose mutuamente<\/strong> (el ingl\u00e9s anot\u00f3 cuatro y Paulo meti\u00f3 la misma cantidad).<\/p>\n<\/div>\n<div class=\"sc-e7b891c4-0 ifHnQL image-embed\" id=\"element-body-8\"><img alt=\"Abraham festejando junto a Dybala (EFE).\" loading=\"lazy\" width=\"720\" height=\"100\" decoding=\"async\" data-nimg=\"1\" src=\"http:\/\/hoycordobaweb.com\/wp-content\/uploads\/2026\/01\/tammy-abraham-fue-presentado-en-el-aston-villa-y-sera-companero-del-dibu-martinez-3.jpg\"><span class=\"epigraphe\">Abraham festejando junto a Dybala (EFE).<\/span><\/div>\n<p><h2>C\u00f3mo est\u00e1 el Villa en todas las competencias<\/h2>\n<\/p>\n<div id=\"element-body-10\" class=\"sc-136cd478-0 ekTCfV\" readability=\"39\">\n<p>Los de Unai Emery tienen la <strong>expectativa de que Abraham sea un refuerzo en la delantera para Olly Watkins<\/strong>, ya que siguen en pie dentro de tres competencias. Por un lado, <strong>Aston Villa se enfrentar\u00e1 al RB Salzburgo este jueves por la Europa League<\/strong>, donde se encuentran segundos, debajo del Lyon \u00fanicamente por la diferencia de goles.<\/p>\n<\/div>\n<div id=\"element-body-11\" class=\"sc-136cd478-0 ekTCfV\" readability=\"38\">\n<p>Por otro lado, en la <strong> Premier League se encuentran en tercer puesto, con los mismos puntos que el Manchester City<\/strong> (46) y a cuatro de Arsenal, los punteros. Su pr\u00f3ximo partido de la liga inglesa ser\u00e1 contra el Brentford este domingo. Mientras que jugar\u00e1n contra el Newcastle el 14 de febrero por la cuarta ronda de la FA Cup.<\/p>\n<\/div>\n<div id=\"element-body-12\" class=\"sc-a7166897-0 eoLsBE\" readability=\"31.5\">\n<section readability=\"3\"><picture><img alt=\"Guardiola confes\u00f3 cu\u00e1l es el mejor equipo del mundo: &quot;Ojal\u00e1 podamos estar cerca...&quot;\" loading=\"lazy\" width=\"290\" height=\"290\" decoding=\"async\" data-nimg=\"1\" src=\"http:\/\/hoycordobaweb.com\/wp-content\/uploads\/2026\/01\/tammy-abraham-fue-presentado-en-el-aston-villa-y-sera-companero-del-dibu-martinez-4.jpg\"><\/picture>\n<p><span>Mir\u00e1 tambi\u00e9n<\/span><\/p>\n<hr>\n<h3>Guardiola confes\u00f3 cu\u00e1l es el mejor equipo del mundo: \u00abOjal\u00e1 podamos estar cerca&#8230;\u00bb<\/h3>\n<\/p>\n<\/section>\n<\/div>\n<div id=\"element-body-13\" class=\"sc-a7166897-0 eoLsBE\" readability=\"31.5\">\n<section readability=\"3\"><picture><img alt=\"Luis Enrique volvi\u00f3 a chocar con la prensa: &quot;No tienen ni el 50% de la informaci\u00f3n que tengo yo&quot;\" loading=\"lazy\" width=\"290\" height=\"290\" decoding=\"async\" data-nimg=\"1\" src=\"http:\/\/hoycordobaweb.com\/wp-content\/uploads\/2026\/01\/tammy-abraham-fue-presentado-en-el-aston-villa-y-sera-companero-del-dibu-martinez-5.jpg\"><\/picture>\n<p><span>Mir\u00e1 tambi\u00e9n<\/span><\/p>\n<hr>\n<h3>Luis Enrique volvi\u00f3 a chocar con la prensa: \u00abNo tienen ni el 50% de la informaci\u00f3n que tengo yo\u00bb<\/h3>\n<\/p>\n<\/section>\n<\/div>\n<div id=\"element-body-14\" class=\"sc-a7166897-0 eoLsBE\" readability=\"31.5\">\n<section readability=\"3\"><picture><img alt=\"Futuro incierto para Borja: se complic\u00f3 su llegada a Cruz Azul y escuchar\u00e1 otras ofertas\" loading=\"lazy\" width=\"290\" height=\"290\" decoding=\"async\" data-nimg=\"1\" src=\"http:\/\/hoycordobaweb.com\/wp-content\/uploads\/2026\/01\/tammy-abraham-fue-presentado-en-el-aston-villa-y-sera-companero-del-dibu-martinez-6.jpg\"><\/picture>\n<p><span>Mir\u00e1 tambi\u00e9n<\/span><\/p>\n<hr>\n<h3>Futuro incierto para Borja: se complic\u00f3 su llegada a Cruz Azul y escuchar\u00e1 otras ofertas<\/h3>\n<\/p>\n<\/section>\n<\/div>\n<\/div>\n","protected":false},"excerpt":{"rendered":"<p>27\/01\/2026 17:06hs. El conjunto de Unai Emery concret\u00f3 el fichaje de Tammy Abraham, quien vuelve al Aston Villa despu\u00e9s de cinco a\u00f1os, pero ser\u00e1 la primera vez en la Premier League con este equipo. El londinense se convirti\u00f3 en el tercer refuerzo de los de Birmingham en este mercado de pases, tras un acuerdo con [&hellip;]<\/p>\n","protected":false},"author":1,"featured_media":129696,"comment_status":"open","ping_status":"closed","sticky":false,"template":"","format":"standard","meta":[],"categories":[16],"tags":[],"_links":{"self":[{"href":"http:\/\/hoycordobaweb.com\/index.php\/wp-json\/wp\/v2\/posts\/129695"}],"collection":[{"href":"http:\/\/hoycordobaweb.com\/index.php\/wp-json\/wp\/v2\/posts"}],"about":[{"href":"http:\/\/hoycordobaweb.com\/index.php\/wp-json\/wp\/v2\/types\/post"}],"author":[{"embeddable":true,"href":"http:\/\/hoycordobaweb.com\/index.php\/wp-json\/wp\/v2\/users\/1"}],"replies":[{"embeddable":true,"href":"http:\/\/hoycordobaweb.com\/index.php\/wp-json\/wp\/v2\/comments?post=129695"}],"version-history":[{"count":0,"href":"http:\/\/hoycordobaweb.com\/index.php\/wp-json\/wp\/v2\/posts\/129695\/revisions"}],"wp:featuredmedia":[{"embeddable":true,"href":"http:\/\/hoycordobaweb.com\/index.php\/wp-json\/wp\/v2\/media\/129696"}],"wp:attachment":[{"href":"http:\/\/hoycordobaweb.com\/index.php\/wp-json\/wp\/v2\/media?parent=129695"}],"wp:term":[{"taxonomy":"category","embeddable":true,"href":"http:\/\/hoycordobaweb.com\/index.php\/wp-json\/wp\/v2\/categories?post=129695"},{"taxonomy":"post_tag","embeddable":true,"href":"http:\/\/hoycordobaweb.com\/index.php\/wp-json\/wp\/v2\/tags?post=129695"}],"curies":[{"name":"wp","href":"https:\/\/api.w.org\/{rel}","templated":true}]}}