{"id":129691,"date":"2026-01-27T20:20:26","date_gmt":"2026-01-27T20:20:26","guid":{"rendered":"https:\/\/www.ole.com.ar\/river-plate\/river-monumental-di-carlo-presidente_0_X45r8FSXTd.html"},"modified":"2026-01-27T20:20:26","modified_gmt":"2026-01-27T20:20:26","slug":"ya-es-oficial-el-presidente-de-river-anuncio-otra-iconica-obra-de-techado-y-ampliacion-del-monumental","status":"publish","type":"post","link":"http:\/\/hoycordobaweb.com\/index.php\/2026\/01\/27\/ya-es-oficial-el-presidente-de-river-anuncio-otra-iconica-obra-de-techado-y-ampliacion-del-monumental\/","title":{"rendered":"Ya es oficial: el presidente de River anunci\u00f3 otra \u00abic\u00f3nica\u00bb obra de techado y ampliaci\u00f3n del Monumental"},"content":{"rendered":"<p><img src=\"http:\/\/hoycordobaweb.com\/wp-content\/uploads\/2026\/01\/ya-es-oficial-el-presidente-de-river-anuncio-otra-iconica-obra-de-techado-y-ampliacion-del-monumental.jpg\"><\/p>\n<div><img src=\"http:\/\/hoycordobaweb.com\/wp-content\/uploads\/2026\/01\/ya-es-oficial-el-presidente-de-river-anuncio-otra-iconica-obra-de-techado-y-ampliacion-del-monumental-2.jpg\" class=\"ff-og-image-inserted\"><\/div>\n<p><span class=\"createDate\">27\/01\/2026 17:20hs.<\/span><time class=\"modificatedDate\" datetime=\"2026-01-27T17:31:54-03:00\"> Actualizado al 27\/01\/2026 17:31hs.<\/time><\/p>\n<div id=\"storyBody\">\n<div id=\"element-body-0\" class=\"sc-136cd478-0 ekTCfV\" readability=\"35.669421487603\">\n<p>\u00abHoy <strong>venimos a anunciar el proyecto de ampliaci\u00f3n y techado de nuestro estadio, el M\u00e1s <a href=\"https:\/\/www.ole.com.ar\/tema\/estadio-monumental.html\" title=\"Estadio Monumental\" alt=\"Estadio Monumental\" class=\"slug\">Monumental<\/a>. Es un d\u00eda hist\u00f3rico\u00bb<\/strong>. El presidente de <strong><a href=\"https:\/\/www.ole.com.ar\/tema\/river-plate.html\" title=\"River Plate\" alt=\"River Plate\" class=\"slug\"> River<\/a><\/strong>, <strong><a href=\"https:\/\/www.ole.com.ar\/tema\/stefano-di-carlo.html\" title=\"Stefano Di Carlo\" alt=\"Stefano Di Carlo\" class=\"slug\">Stefano Di Carlo<\/a><\/strong>, comunic\u00f3 oficialmente este martes que <strong>\u00aben el mes de abril\u00bb comenzar\u00e1n las obras de techado y ampliaci\u00f3n del estadio <\/strong>Antonio Vespucio Liberti, que ampliar\u00e1n la capacidad a 101.000 espectadores.<\/p>\n<\/div>\n<div id=\"element-body-1\" class=\"sc-136cd478-0 ekTCfV\">\n<p>NOTICIA EN DESARROLLO&#8230;<\/p>\n<\/div>\n<\/div>\n","protected":false},"excerpt":{"rendered":"<p>27\/01\/2026 17:20hs. Actualizado al 27\/01\/2026 17:31hs. \u00abHoy venimos a anunciar el proyecto de ampliaci\u00f3n y techado de nuestro estadio, el M\u00e1s Monumental. Es un d\u00eda hist\u00f3rico\u00bb. El presidente de River, Stefano Di Carlo, comunic\u00f3 oficialmente este martes que \u00aben el mes de abril\u00bb comenzar\u00e1n las obras de techado y ampliaci\u00f3n del estadio Antonio Vespucio Liberti, [&hellip;]<\/p>\n","protected":false},"author":1,"featured_media":129692,"comment_status":"open","ping_status":"closed","sticky":false,"template":"","format":"standard","meta":[],"categories":[16],"tags":[],"_links":{"self":[{"href":"http:\/\/hoycordobaweb.com\/index.php\/wp-json\/wp\/v2\/posts\/129691"}],"collection":[{"href":"http:\/\/hoycordobaweb.com\/index.php\/wp-json\/wp\/v2\/posts"}],"about":[{"href":"http:\/\/hoycordobaweb.com\/index.php\/wp-json\/wp\/v2\/types\/post"}],"author":[{"embeddable":true,"href":"http:\/\/hoycordobaweb.com\/index.php\/wp-json\/wp\/v2\/users\/1"}],"replies":[{"embeddable":true,"href":"http:\/\/hoycordobaweb.com\/index.php\/wp-json\/wp\/v2\/comments?post=129691"}],"version-history":[{"count":0,"href":"http:\/\/hoycordobaweb.com\/index.php\/wp-json\/wp\/v2\/posts\/129691\/revisions"}],"wp:featuredmedia":[{"embeddable":true,"href":"http:\/\/hoycordobaweb.com\/index.php\/wp-json\/wp\/v2\/media\/129692"}],"wp:attachment":[{"href":"http:\/\/hoycordobaweb.com\/index.php\/wp-json\/wp\/v2\/media?parent=129691"}],"wp:term":[{"taxonomy":"category","embeddable":true,"href":"http:\/\/hoycordobaweb.com\/index.php\/wp-json\/wp\/v2\/categories?post=129691"},{"taxonomy":"post_tag","embeddable":true,"href":"http:\/\/hoycordobaweb.com\/index.php\/wp-json\/wp\/v2\/tags?post=129691"}],"curies":[{"name":"wp","href":"https:\/\/api.w.org\/{rel}","templated":true}]}}