{"id":129614,"date":"2026-01-26T12:48:22","date_gmt":"2026-01-26T12:48:22","guid":{"rendered":"https:\/\/www.mujerhoy.com\/vivir\/decoracion\/ikea-lanza-novedades-baratas-salon-muebles-menos-300-euros-20260126121046-nt.html"},"modified":"2026-01-26T12:48:22","modified_gmt":"2026-01-26T12:48:22","slug":"ikea-lanza-siete-novedades-para-decorar-tu-salon-por-menos-de-300-euros","status":"publish","type":"post","link":"http:\/\/hoycordobaweb.com\/index.php\/2026\/01\/26\/ikea-lanza-siete-novedades-para-decorar-tu-salon-por-menos-de-300-euros\/","title":{"rendered":"IKEA lanza siete novedades para decorar tu sal\u00f3n por menos de 300 euros"},"content":{"rendered":"<p><!-- AUTHOR --><\/p>\n<div class=\"voc-author-timesocial \">\n<!-- AUTHOR --><\/p>\n<div class=\"voc-author-timesocial__signature \">\n<!-- IMAGE AUTHOR -->\n<picture class=\"voc-image-signature\">\n<img class=\"voc-image-signature__img\" src=\"http:\/\/hoycordobaweb.com\/wp-content\/uploads\/2026\/01\/ikea-lanza-siete-novedades-para-decorar-tu-salon-por-menos-de-300-euros.jpg\" alt=\"Ana Calvo\">\n<\/picture>\n<!-- INFO AUTHOR --><\/p>\n<div class=\"voc-author-timesocial__info\" data-mrf-recirculation=\"Autor\">\n<div class=\"voc-author-info\">\n<author><br \/>\n<a class=\"voc-author\" href=\"https:\/\/www.mujerhoy.com\/autor\/ana-calvo-1186.html\">Ana Calvo<\/a><br \/>\n<\/author><br \/>\n<!-- TIME --><br \/>\n<time datetime=\"2026-01-26T12:48:22Z\" data-timestamp><br \/>\nPublicado \u00b7 <span data-voc-date-modified-short> 26 de enero de 2026, 13:48 h <\/span><br \/>\n<\/time>\n<\/div>\n<\/div>\n<\/div><\/div>\n<p><!-- COMPONENTS --><\/p>\n<p class=\"voc-paragraph\">IKEA nos seduce casi todas las semanas con <a href=\"https:\/\/www.mujerhoy.com\/vivir\/decoracion\/ikea-rebajas-muebles-salon-mas-bonitos-hemnes-novedades-estanteria-billy-20260116131246-nt.html\" title=\"www.mujerhoy.com\" data-voc-vtm-id=\"in-text-traffic\" data-mrf-link=\"www.mujerhoy.com\">novedades y lanzamientos de piezas especiales<\/a> de lo m\u00e1s apetecibles que nos hacen <strong>olvidar (y perdonar) que el gigante sueco no haga rebajas<\/strong>. <a href=\"https:\/\/www.mujerhoy.com\/vivir\/decoracion\/ikea-comoda-mas-vendida-edicion-limitada-hemnes-mueble-precioso-barato-20250812121411-nt.html\" title=\"www.mujerhoy.com\" data-voc-vtm-id=\"in-text-traffic\" data-mrf-link=\"www.mujerhoy.com\">Una c\u00f3moda en un color nuevo<\/a>; una silla inesperada que parece de dise\u00f1o; una edici\u00f3n limitada de una librer\u00eda ic\u00f3nica&#8230; <\/p>\n<p class=\"voc-paragraph\">Eso, unido a que de vez en cuando y sin avisar <a href=\"https:\/\/www.mujerhoy.com\/vivir\/decoracion\/ikea-rebaja-mesas-extensibles-outlet-muebles-baratos-20251128162823-nt.html\" title=\"www.mujerhoy.com\" data-voc-vtm-id=\"in-text-traffic\" data-mrf-link=\"www.mujerhoy.com\">bajan los precios de sus bestsellers<\/a> m\u00e1s famosos o <a href=\"https:\/\/www.mujerhoy.com\/vivir\/decoracion\/estanteria-ikea-favorita-muebles-iconicos-vintage-preciosos-guide-byakorre-20250119135214-nt.html\" title=\"www.mujerhoy.com\" data-voc-vtm-id=\"in-text-traffic\" data-mrf-link=\"www.mujerhoy.com\">reeditan \u00e9xitos del pasado<\/a> que vuelven a nuestras vidas, hace que estemos enganchadas a las actualizaciones de su web, donde encontramos <strong>aut\u00e9nticos chollos y no pocos flechazos<\/strong>. Esta semana no iba a ser una excepci\u00f3n.<\/p>\n<div class=\"v-c-cmp v-c-cmp--t1 \">\n<div class=\"v-cmp-rld v-cmp-rld--2 \">\n<div class=\"v-cnt-m v-cnt-m--m\">\n<div class=\"v-cnt-m__c\">\n<div class=\"v-cnt-m__w v-cnt-m__w--1\">\n<p class=\"v-cnt-m__t\">\nTAMBI\u00c9N TE INTERESA\n<\/p>\n<\/div>\n<\/div>\n<\/div>\n<div class=\"v-g v-g--2-c v-g--bdr-min-xs\">\n<div class=\"v-g__c \">\n<article class=\"v-a v-a--cmp-rld v-a--cmp-rld-2 v-a--p-l\">\n<div class=\"v-a-img-c\">\n<figure class=\"v-a-fig\">\n<a href=\"https:\/\/www.mujerhoy.com\/vivir\/decoracion\/ikea-rebaja-muebles-salon-bonitos-baratos-estanterias-sillon-sofa-mesa-comedor-20251105161744-nt.html#vtm_modulosEngag=mod-rel:vivir:noticia:1:cmp:2-not\" class=\"v-a-link\" title=\"IKEA rebaja sus muebles de sal\u00f3n m\u00e1s bonitos y pr\u00e1cticos: estanter\u00edas elegantes, mesas extensibles y un sill\u00f3n ic\u00f3nico\"><br \/>\n<img loading=\"lazy\" class=\"v-a-img\" src=\"http:\/\/hoycordobaweb.com\/wp-content\/uploads\/2026\/01\/ikea-lanza-siete-novedades-para-decorar-tu-salon-por-menos-de-300-euros-1.jpg\" alt=\"IKEA rebaja sus muebles de sal\u00f3n m\u00e1s bonitos y pr\u00e1cticos: estanter\u00edas elegantes, mesas extensibles y un sill\u00f3n ic\u00f3nico\"><br \/>\n<\/a><br \/>\n<\/figure>\n<\/div>\n<\/article>\n<\/div>\n<div class=\"v-g__c \">\n<article class=\"v-a v-a--cmp-rld v-a--cmp-rld-2 v-a--p-l\">\n<div class=\"v-a-img-c\">\n<figure class=\"v-a-fig\">\n<a href=\"https:\/\/www.mujerhoy.com\/vivir\/decoracion\/trucos-orden-cocina-expertos-ikea-mejores-organizadores-baratos-20251212125051-nt.html#vtm_modulosEngag=mod-rel:vivir:noticia:2:cmp:2-not\" class=\"v-a-link\" title=\"Los trucos de orden en la cocina de los expertos de IKEA y los organizadores que nos recomiendan\"><br \/>\n<img loading=\"lazy\" class=\"v-a-img\" src=\"http:\/\/hoycordobaweb.com\/wp-content\/uploads\/2026\/01\/ikea-lanza-siete-novedades-para-decorar-tu-salon-por-menos-de-300-euros-2.jpg\" alt=\"Los trucos de orden en la cocina de los expertos de IKEA y los organizadores que nos recomiendan\"><br \/>\n<\/a><br \/>\n<\/figure>\n<\/div>\n<\/article>\n<\/div>\n<\/div>\n<\/div>\n<\/div>\n<div class=\"v-c-cmp v-c-cmp--s\">\n<div class=\"v-cmp-m \">\n<article class=\"v-a v-a--cmp-m v-c-cmp--m-z\">\n<div class=\"v-a-img-c \">\n<div class=\"v-a-fig\">\n<button class=\"v-a-link\" popovertarget=\"photo-63\"><br \/>\n<img loading=\"lazy\" src=\"http:\/\/hoycordobaweb.com\/wp-content\/uploads\/2026\/01\/ikea-lanza-siete-novedades-para-decorar-tu-salon-por-menos-de-300-euros-3.jpg\" class=\"v-a-img\" width=\"650\" height=\"650\" alt=\"Mesa BERGSHYTTAN de IKEA.\" data-voc-vtm-id=\"in-text-traffic\"> <\/button><figcaption class=\"v-fc\">\n<span class=\"v-fc__t\"><br \/>\nMesa BERGSHYTTAN de IKEA.<br \/>\n<\/span><br \/>\n<span class=\"v-fc__p\"><br \/>\nIKEA<br \/>\n<\/span><br \/>\n<\/figcaption><\/div>\n<\/div>\n<div id=\"photo-63\" popover class=\"v-mdl v-mdl--fw\">\n<button class=\"v-x\" popovertarget=\"photo-63\" popovertargetaction=\"hide\"><br \/>\n<span class=\"v-i\"><br \/>\n<svg width=\"24\" height=\"23.996\" viewBox=\"0 0 24 23.996\">\n<path data-name=\"Uni\u00f3n 29\" d=\"M12,14.03,2.031,24,0,21.963,9.968,12,0,2.033,2.031,0,12,9.966,21.969,0,24,2.033,14.032,12,24,21.963,21.969,24Z\" \/>\n<\/svg><br \/>\n<\/span><br \/>\n<\/button><\/p>\n<div class=\"v-mdl__c\">\n<div class=\"v-mdl__w\">\n<img loading=\"lazy\" src=\"http:\/\/hoycordobaweb.com\/wp-content\/uploads\/2026\/01\/ikea-lanza-siete-novedades-para-decorar-tu-salon-por-menos-de-300-euros-3.jpg\" class=\"v-mdl__img-z\" width=\"650\" height=\"650\" alt>\n<\/div>\n<\/div>\n<\/div>\n<p><span class=\"v-bdp\"><\/span><br \/>\n<\/article>\n<\/div>\n<\/div>\n<p><h3 class=\"v-cmp-suh\">\nUna mesa multifunci\u00f3n<br \/>\n<\/h3>\n<\/p>\n<p class=\"voc-paragraph\">Perfecta para acoger a todos los invitados en las cenas familiares, fiestas y ratos de juegos, pero tambi\u00e9n muy \u00fatil como zona de estudio y trabajo o como elemento divisor entre la cocina y el sal\u00f3n, esta amplia mesa de 240&#215;90 cent\u00edmetros de chapa de madera con acabado abedul veteado es una apuesta segura para las zonas sociales de tu casa. Puede combinarse con los bancos de la misma <strong>l\u00ednea BERGSHYTTAN<\/strong> o con sillas de diferentes estilos. Precio: 299 euros.<\/p>\n<div class=\"v-c-cmp v-c-cmp--s\">\n<div class=\"v-cmp-m \">\n<article class=\"v-a v-a--cmp-m v-c-cmp--m-z\">\n<div class=\"v-a-img-c \">\n<div class=\"v-a-fig\">\n<button class=\"v-a-link\" popovertarget=\"photo-471\"><br \/>\n<img loading=\"lazy\" src=\"http:\/\/hoycordobaweb.com\/wp-content\/uploads\/2026\/01\/ikea-lanza-siete-novedades-para-decorar-tu-salon-por-menos-de-300-euros-4.jpg\" class=\"v-a-img\" width=\"650\" height=\"650\" alt=\"Mesa de hojas plegables OMMJ\u00c4NGE.\" data-voc-vtm-id=\"in-text-traffic\"> <\/button><figcaption class=\"v-fc\">\n<span class=\"v-fc__t\"><br \/>\nMesa de hojas plegables OMMJ\u00c4NGE.<br \/>\n<\/span><br \/>\n<span class=\"v-fc__p\"><br \/>\nIKEA<br \/>\n<\/span><br \/>\n<\/figcaption><\/div>\n<\/div>\n<div id=\"photo-471\" popover class=\"v-mdl v-mdl--fw\">\n<button class=\"v-x\" popovertarget=\"photo-471\" popovertargetaction=\"hide\"><br \/>\n<span class=\"v-i\"><br \/>\n<svg width=\"24\" height=\"23.996\" viewBox=\"0 0 24 23.996\">\n<path data-name=\"Uni\u00f3n 29\" d=\"M12,14.03,2.031,24,0,21.963,9.968,12,0,2.033,2.031,0,12,9.966,21.969,0,24,2.033,14.032,12,24,21.963,21.969,24Z\" \/>\n<\/svg><br \/>\n<\/span><br \/>\n<\/button><\/p>\n<div class=\"v-mdl__c\">\n<div class=\"v-mdl__w\">\n<img loading=\"lazy\" src=\"http:\/\/hoycordobaweb.com\/wp-content\/uploads\/2026\/01\/ikea-lanza-siete-novedades-para-decorar-tu-salon-por-menos-de-300-euros-4.jpg\" class=\"v-mdl__img-z\" width=\"650\" height=\"650\" alt>\n<\/div>\n<\/div>\n<\/div>\n<p><span class=\"v-bdp\"><\/span><br \/>\n<\/article>\n<\/div>\n<\/div>\n<p><h3 class=\"v-cmp-suh\">\nY una abatible<br \/>\n<\/h3>\n<\/p>\n<p class=\"voc-paragraph\">Si lo que buscas es una <strong>mesa de comedor para espacios m\u00e1s reducidos<\/strong>, sin duda este modelo de alas plegables es tu opci\u00f3n perfecta. Est\u00e1 elaborada en pino macizo y su tapa en acabado madera contrasta con las patas azul cobalto, uno de los tonos tendencia de 2026. Funcional y decorativa, forma parte de la colecci\u00f3n OMMJ\u00c4NGE, donde el arte popular sueco adquiere formas contempor\u00e1neas para darle un estilo \u00fanico a tu decoraci\u00f3n. Precio: 199 euros.<\/p>\n<div class=\"v-c-cmp v-c-cmp--s\">\n<div class=\"v-cmp-m \">\n<article class=\"v-a v-a--cmp-m v-c-cmp--m-z\">\n<div class=\"v-a-img-c \">\n<div class=\"v-a-fig\">\n<button class=\"v-a-link\" popovertarget=\"photo-418\"><br \/>\n<img loading=\"lazy\" src=\"http:\/\/hoycordobaweb.com\/wp-content\/uploads\/2026\/01\/ikea-lanza-siete-novedades-para-decorar-tu-salon-por-menos-de-300-euros-5.jpg\" class=\"v-a-img\" width=\"650\" height=\"650\" alt=\"C\u00f3moda BESTA.\" data-voc-vtm-id=\"in-text-traffic\"> <\/button><figcaption class=\"v-fc\">\n<span class=\"v-fc__t\"><br \/>\nC\u00f3moda BESTA.<br \/>\n<\/span><br \/>\n<span class=\"v-fc__p\"><br \/>\nIKEA<br \/>\n<\/span><br \/>\n<\/figcaption><\/div>\n<\/div>\n<div id=\"photo-418\" popover class=\"v-mdl v-mdl--fw\">\n<button class=\"v-x\" popovertarget=\"photo-418\" popovertargetaction=\"hide\"><br \/>\n<span class=\"v-i\"><br \/>\n<svg width=\"24\" height=\"23.996\" viewBox=\"0 0 24 23.996\">\n<path data-name=\"Uni\u00f3n 29\" d=\"M12,14.03,2.031,24,0,21.963,9.968,12,0,2.033,2.031,0,12,9.966,21.969,0,24,2.033,14.032,12,24,21.963,21.969,24Z\" \/>\n<\/svg><br \/>\n<\/span><br \/>\n<\/button><\/p>\n<div class=\"v-mdl__c\">\n<div class=\"v-mdl__w\">\n<img loading=\"lazy\" src=\"http:\/\/hoycordobaweb.com\/wp-content\/uploads\/2026\/01\/ikea-lanza-siete-novedades-para-decorar-tu-salon-por-menos-de-300-euros-5.jpg\" class=\"v-mdl__img-z\" width=\"650\" height=\"650\" alt>\n<\/div>\n<\/div>\n<\/div>\n<p><span class=\"v-bdp\"><\/span><br \/>\n<\/article>\n<\/div>\n<\/div>\n<p><h3 class=\"v-cmp-suh\">\nUna c\u00f3moda en la que cabe de todo<br \/>\n<\/h3>\n<\/p>\n<p class=\"voc-paragraph\">Esta nueva versi\u00f3n del <strong>aparador BESTA<\/strong>, con tapa de madera efecto nogal y frontales en blanco acanalado, muy tendencia, es perfecta porque nos proporciona gran capacidad de almacenaje, una amplia superficie para colocar adornos y, adem\u00e1s, su estilo minimalista y atemporal hace que encaje en cualquier sal\u00f3n. Precio: 260 euros.<\/p>\n<div class=\"v-c-cmp v-c-cmp--s\">\n<div class=\"v-cmp-m \">\n<article class=\"v-a v-a--cmp-m v-c-cmp--m-z\">\n<div class=\"v-a-img-c \">\n<div class=\"v-a-fig\">\n<button class=\"v-a-link\" popovertarget=\"photo-359\"><br \/>\n<img loading=\"lazy\" src=\"http:\/\/hoycordobaweb.com\/wp-content\/uploads\/2026\/01\/ikea-lanza-siete-novedades-para-decorar-tu-salon-por-menos-de-300-euros-6.jpg\" class=\"v-a-img\" width=\"650\" height=\"650\" alt=\"Sof\u00e1 SALTSJ\u00d6BADEN de IKEA\" data-voc-vtm-id=\"in-text-traffic\"> <\/button><figcaption class=\"v-fc\">\n<span class=\"v-fc__t\"><br \/>\nSof\u00e1 SALTSJ\u00d6BADEN de IKEA<br \/>\n<\/span><br \/>\n<span class=\"v-fc__p\"><br \/>\nIKEA<br \/>\n<\/span><br \/>\n<\/figcaption><\/div>\n<\/div>\n<div id=\"photo-359\" popover class=\"v-mdl v-mdl--fw\">\n<button class=\"v-x\" popovertarget=\"photo-359\" popovertargetaction=\"hide\"><br \/>\n<span class=\"v-i\"><br \/>\n<svg width=\"24\" height=\"23.996\" viewBox=\"0 0 24 23.996\">\n<path data-name=\"Uni\u00f3n 29\" d=\"M12,14.03,2.031,24,0,21.963,9.968,12,0,2.033,2.031,0,12,9.966,21.969,0,24,2.033,14.032,12,24,21.963,21.969,24Z\" \/>\n<\/svg><br \/>\n<\/span><br \/>\n<\/button><\/p>\n<div class=\"v-mdl__c\">\n<div class=\"v-mdl__w\">\n<img loading=\"lazy\" src=\"http:\/\/hoycordobaweb.com\/wp-content\/uploads\/2026\/01\/ikea-lanza-siete-novedades-para-decorar-tu-salon-por-menos-de-300-euros-6.jpg\" class=\"v-mdl__img-z\" width=\"650\" height=\"650\" alt>\n<\/div>\n<\/div>\n<\/div>\n<p><span class=\"v-bdp\"><\/span><br \/>\n<\/article>\n<\/div>\n<\/div>\n<p><h3 class=\"v-cmp-suh\">\nEl sof\u00e1 m\u00e1s c\u00f3modo para salones peque\u00f1os<br \/>\n<\/h3>\n<\/p>\n<p class=\"voc-paragraph\">Disponible en nueve tonos diferentes, esta vez nos quedamos con la versi\u00f3n Cloud Dancer, color Pantone de 2026, del <strong>sof\u00e1 SALTSJ\u00d6BADEN<\/strong>, un modelo de dos plazas de silueta minimalista que es suave y firme a la vez, con muelles ensacados y c\u00f3modos cojines en el respaldo. Es desenfundable y se puede lavar en lavadora. Precio: 299 euros.<\/p>\n<div class=\"v-c-cmp v-c-cmp--s\">\n<div class=\"v-cmp-m \">\n<article class=\"v-a v-a--cmp-m v-c-cmp--m-z\">\n<div class=\"v-a-img-c \">\n<div class=\"v-a-fig\">\n<button class=\"v-a-link\" popovertarget=\"photo-173\"><br \/>\n<img loading=\"lazy\" src=\"http:\/\/hoycordobaweb.com\/wp-content\/uploads\/2026\/01\/ikea-lanza-siete-novedades-para-decorar-tu-salon-por-menos-de-300-euros-7.jpg\" class=\"v-a-img\" width=\"650\" height=\"650\" alt=\"Sill\u00f3n ISMANTORP.\" data-voc-vtm-id=\"in-text-traffic\"> <\/button><figcaption class=\"v-fc\">\n<span class=\"v-fc__t\"><br \/>\nSill\u00f3n ISMANTORP.<br \/>\n<\/span><br \/>\n<span class=\"v-fc__p\"><br \/>\nIKEA<br \/>\n<\/span><br \/>\n<\/figcaption><\/div>\n<\/div>\n<div id=\"photo-173\" popover class=\"v-mdl v-mdl--fw\">\n<button class=\"v-x\" popovertarget=\"photo-173\" popovertargetaction=\"hide\"><br \/>\n<span class=\"v-i\"><br \/>\n<svg width=\"24\" height=\"23.996\" viewBox=\"0 0 24 23.996\">\n<path data-name=\"Uni\u00f3n 29\" d=\"M12,14.03,2.031,24,0,21.963,9.968,12,0,2.033,2.031,0,12,9.966,21.969,0,24,2.033,14.032,12,24,21.963,21.969,24Z\" \/>\n<\/svg><br \/>\n<\/span><br \/>\n<\/button><\/p>\n<div class=\"v-mdl__c\">\n<div class=\"v-mdl__w\">\n<img loading=\"lazy\" src=\"http:\/\/hoycordobaweb.com\/wp-content\/uploads\/2026\/01\/ikea-lanza-siete-novedades-para-decorar-tu-salon-por-menos-de-300-euros-7.jpg\" class=\"v-mdl__img-z\" width=\"650\" height=\"650\" alt>\n<\/div>\n<\/div>\n<\/div>\n<p><span class=\"v-bdp\"><\/span><br \/>\n<\/article>\n<\/div>\n<\/div>\n<p><h3 class=\"v-cmp-suh\">\nUna silla de dise\u00f1o<br \/>\n<\/h3>\n<\/p>\n<p class=\"voc-paragraph\">Cl\u00e1sico pero con un toque de dise\u00f1o exquisito, elegante y atemporal, el <strong>sill\u00f3n ISMANTORP<\/strong> tiene l\u00edneas suavemente redondeadas y una silueta estilizada, mientras que el asiento y el respaldo son generosos y acogedores. Un icono duradero para todo el hogar que adem\u00e1s de en color beige est\u00e1 disponible con la estructura met\u00e1lica en azul gris\u00e1ceo. Precio: 79 euros.<\/p>\n<div class=\"v-c-cmp v-c-cmp--s\">\n<div class=\"v-cmp-m \">\n<article class=\"v-a v-a--cmp-m v-c-cmp--m-z\">\n<div class=\"v-a-img-c \">\n<div class=\"v-a-fig\">\n<button class=\"v-a-link\" popovertarget=\"photo-997\"><br \/>\n<img loading=\"lazy\" src=\"http:\/\/hoycordobaweb.com\/wp-content\/uploads\/2026\/01\/ikea-lanza-siete-novedades-para-decorar-tu-salon-por-menos-de-300-euros-8.jpg\" class=\"v-a-img\" width=\"650\" height=\"650\" alt=\"Alfombra J\u00c4RNV\u00c4G.\" data-voc-vtm-id=\"in-text-traffic\"> <\/button><figcaption class=\"v-fc\">\n<span class=\"v-fc__t\"><br \/>\nAlfombra J\u00c4RNV\u00c4G.<br \/>\n<\/span><br \/>\n<span class=\"v-fc__p\"><br \/>\nIKEA<br \/>\n<\/span><br \/>\n<\/figcaption><\/div>\n<\/div>\n<div id=\"photo-997\" popover class=\"v-mdl v-mdl--fw\">\n<button class=\"v-x\" popovertarget=\"photo-997\" popovertargetaction=\"hide\"><br \/>\n<span class=\"v-i\"><br \/>\n<svg width=\"24\" height=\"23.996\" viewBox=\"0 0 24 23.996\">\n<path data-name=\"Uni\u00f3n 29\" d=\"M12,14.03,2.031,24,0,21.963,9.968,12,0,2.033,2.031,0,12,9.966,21.969,0,24,2.033,14.032,12,24,21.963,21.969,24Z\" \/>\n<\/svg><br \/>\n<\/span><br \/>\n<\/button><\/p>\n<div class=\"v-mdl__c\">\n<div class=\"v-mdl__w\">\n<img loading=\"lazy\" src=\"http:\/\/hoycordobaweb.com\/wp-content\/uploads\/2026\/01\/ikea-lanza-siete-novedades-para-decorar-tu-salon-por-menos-de-300-euros-8.jpg\" class=\"v-mdl__img-z\" width=\"650\" height=\"650\" alt>\n<\/div>\n<\/div>\n<\/div>\n<p><span class=\"v-bdp\"><\/span><br \/>\n<\/article>\n<\/div>\n<\/div>\n<p><h3 class=\"v-cmp-suh\">\nUna alfombra que parece vintage<br \/>\n<\/h3>\n<\/p>\n<p class=\"voc-paragraph\">Parece de anticuario, pero es de IKEA y tu abuela la amar\u00e1. La <strong>alfombra J\u00c4RNV\u00c4G <\/strong>en suaves tonos pastel (ocres o terracotas) est\u00e1 inspirada en las alfombras orientales cl\u00e1sicas y su durabilidad hace que resista al paso del tiempo incluso en los espacios m\u00e1s transitados. Precio: 69.99 euros.<\/p>\n<div class=\"v-c-cmp v-c-cmp--s\">\n<div class=\"v-cmp-m \">\n<article class=\"v-a v-a--cmp-m v-c-cmp--m-z\">\n<div class=\"v-a-img-c \">\n<div class=\"v-a-fig\">\n<button class=\"v-a-link\" popovertarget=\"photo-885\"><br \/>\n<img loading=\"lazy\" src=\"http:\/\/hoycordobaweb.com\/wp-content\/uploads\/2026\/01\/ikea-lanza-siete-novedades-para-decorar-tu-salon-por-menos-de-300-euros-9.jpg\" class=\"v-a-img\" width=\"650\" height=\"650\" alt=\"L\u00e1mpara de techo SOLVINDEN.\" data-voc-vtm-id=\"in-text-traffic\"> <\/button><figcaption class=\"v-fc\">\n<span class=\"v-fc__t\"><br \/>\nL\u00e1mpara de techo SOLVINDEN.<br \/>\n<\/span><br \/>\n<span class=\"v-fc__p\"><br \/>\nIKEA<br \/>\n<\/span><br \/>\n<\/figcaption><\/div>\n<\/div>\n<div id=\"photo-885\" popover class=\"v-mdl v-mdl--fw\">\n<button class=\"v-x\" popovertarget=\"photo-885\" popovertargetaction=\"hide\"><br \/>\n<span class=\"v-i\"><br \/>\n<svg width=\"24\" height=\"23.996\" viewBox=\"0 0 24 23.996\">\n<path data-name=\"Uni\u00f3n 29\" d=\"M12,14.03,2.031,24,0,21.963,9.968,12,0,2.033,2.031,0,12,9.966,21.969,0,24,2.033,14.032,12,24,21.963,21.969,24Z\" \/>\n<\/svg><br \/>\n<\/span><br \/>\n<\/button><\/p>\n<div class=\"v-mdl__c\">\n<div class=\"v-mdl__w\">\n<img loading=\"lazy\" src=\"http:\/\/hoycordobaweb.com\/wp-content\/uploads\/2026\/01\/ikea-lanza-siete-novedades-para-decorar-tu-salon-por-menos-de-300-euros-9.jpg\" class=\"v-mdl__img-z\" width=\"650\" height=\"650\" alt>\n<\/div>\n<\/div>\n<\/div>\n<p><span class=\"v-bdp\"><\/span><br \/>\n<\/article>\n<\/div>\n<\/div>\n<p><h3 class=\"v-cmp-suh\">\nUna l\u00e1mpara muy original<br \/>\n<\/h3>\n<\/p>\n<p class=\"voc-paragraph\">Si buscas dar un toque de dise\u00f1o y color a tu sal\u00f3n de forma f\u00e1cil y barata, apuesta por la <strong>l\u00e1mpara de techo SOLVINDEN<\/strong> (29.99 euros). Con una inesperada combinaci\u00f3n de verde y naranja, cuando la luz c\u00e1lida se filtra por el material de malla que le da forma, transforma la estancia con bonitas formas en las paredes y el techo. Adem\u00e1s, tambi\u00e9n es apta para espacios exteriores.<\/p>\n<div class=\"v-c-cmp v-c-cmp--t1 \">\n<div class=\"v-cmp-rld v-cmp-rld--2 \">\n<div class=\"v-cnt-m v-cnt-m--m\">\n<div class=\"v-cnt-m__c\">\n<div class=\"v-cnt-m__w v-cnt-m__w--1\">\n<p class=\"v-cnt-m__t\">\nTAMBI\u00c9N TE INTERESA\n<\/p>\n<\/div>\n<\/div>\n<\/div>\n<div class=\"v-g v-g--2-c v-g--bdr-min-xs\">\n<div class=\"v-g__c \">\n<article class=\"v-a v-a--cmp-rld v-a--cmp-rld-2 v-a--p-l\">\n<div class=\"v-a-img-c\">\n<figure class=\"v-a-fig\">\n<a href=\"https:\/\/www.mujerhoy.com\/vivir\/decoracion\/mesa-comedor-extensible-seis-personas-barata-con-almacenamiento-amazon-20260119141415-nt.html#vtm_modulosEngag=mod-rel:vivir:noticia:1:cmp:2-not\" class=\"v-a-link\" title=\"D\u00f3nde comprar la mesa de comedor tendencia que ves por todas partes y hace tu sal\u00f3n m\u00e1s grande\"><br \/>\n<img loading=\"lazy\" class=\"v-a-img\" src=\"http:\/\/hoycordobaweb.com\/wp-content\/uploads\/2026\/01\/ikea-lanza-siete-novedades-para-decorar-tu-salon-por-menos-de-300-euros-10.jpg\" alt=\"D\u00f3nde comprar la mesa de comedor tendencia que ves por todas partes y hace tu sal\u00f3n m\u00e1s grande\"><br \/>\n<\/a><br \/>\n<\/figure>\n<\/div>\n<\/article>\n<\/div>\n<div class=\"v-g__c \">\n<article class=\"v-a v-a--cmp-rld v-a--cmp-rld-2 v-a--p-l\">\n<div class=\"v-a-img-c\">\n<figure class=\"v-a-fig\">\n<a href=\"https:\/\/www.mujerhoy.com\/vivir\/decoracion\/ikea-rebaja-mesas-extensibles-outlet-muebles-baratos-20251128162823-nt.html#vtm_modulosEngag=mod-rel:vivir:noticia:2:cmp:2-not\" class=\"v-a-link\" title=\"IKEA rebaja estas mesas extensibles en el outlet de muebles con los mejores chollos deco del a\u00f1o\"><br \/>\n<img loading=\"lazy\" class=\"v-a-img\" src=\"http:\/\/hoycordobaweb.com\/wp-content\/uploads\/2026\/01\/ikea-lanza-siete-novedades-para-decorar-tu-salon-por-menos-de-300-euros-11.jpg\" alt=\"IKEA rebaja estas mesas extensibles en el outlet de muebles con los mejores chollos deco del a\u00f1o\"><br \/>\n<\/a><br \/>\n<\/figure>\n<\/div>\n<\/article>\n<\/div>\n<\/div>\n<\/div>\n<\/div>\n","protected":false},"excerpt":{"rendered":"<p>Ana Calvo Publicado \u00b7 26 de enero de 2026, 13:48 h IKEA nos seduce casi todas las semanas con novedades y lanzamientos de piezas especiales de lo m\u00e1s apetecibles que nos hacen olvidar (y perdonar) que el gigante sueco no haga rebajas. Una c\u00f3moda en un color nuevo; una silla inesperada que parece de dise\u00f1o; [&hellip;]<\/p>\n","protected":false},"author":1,"featured_media":129615,"comment_status":"closed","ping_status":"closed","sticky":false,"template":"","format":"standard","meta":[],"categories":[],"tags":[],"_links":{"self":[{"href":"http:\/\/hoycordobaweb.com\/index.php\/wp-json\/wp\/v2\/posts\/129614"}],"collection":[{"href":"http:\/\/hoycordobaweb.com\/index.php\/wp-json\/wp\/v2\/posts"}],"about":[{"href":"http:\/\/hoycordobaweb.com\/index.php\/wp-json\/wp\/v2\/types\/post"}],"author":[{"embeddable":true,"href":"http:\/\/hoycordobaweb.com\/index.php\/wp-json\/wp\/v2\/users\/1"}],"replies":[{"embeddable":true,"href":"http:\/\/hoycordobaweb.com\/index.php\/wp-json\/wp\/v2\/comments?post=129614"}],"version-history":[{"count":0,"href":"http:\/\/hoycordobaweb.com\/index.php\/wp-json\/wp\/v2\/posts\/129614\/revisions"}],"wp:featuredmedia":[{"embeddable":true,"href":"http:\/\/hoycordobaweb.com\/index.php\/wp-json\/wp\/v2\/media\/129615"}],"wp:attachment":[{"href":"http:\/\/hoycordobaweb.com\/index.php\/wp-json\/wp\/v2\/media?parent=129614"}],"wp:term":[{"taxonomy":"category","embeddable":true,"href":"http:\/\/hoycordobaweb.com\/index.php\/wp-json\/wp\/v2\/categories?post=129614"},{"taxonomy":"post_tag","embeddable":true,"href":"http:\/\/hoycordobaweb.com\/index.php\/wp-json\/wp\/v2\/tags?post=129614"}],"curies":[{"name":"wp","href":"https:\/\/api.w.org\/{rel}","templated":true}]}}