{"id":129612,"date":"2026-01-26T17:42:42","date_gmt":"2026-01-26T17:42:42","guid":{"rendered":"https:\/\/www.mujerhoy.com\/moda\/pasarelas\/christian-dior-desfile-alta-costura-jonathan-anderson-arquitectura-floral-20260126164917-nt.html"},"modified":"2026-01-26T17:42:42","modified_gmt":"2026-01-26T17:42:42","slug":"asi-ha-sido-el-desfile-christian-dior-bajo-la-direccion-creativa-de-jonathan-anderson-del-dialogo-entre-la-materia-y-la-creatividad-a-la-delicadeza-floral","status":"publish","type":"post","link":"http:\/\/hoycordobaweb.com\/index.php\/2026\/01\/26\/asi-ha-sido-el-desfile-christian-dior-bajo-la-direccion-creativa-de-jonathan-anderson-del-dialogo-entre-la-materia-y-la-creatividad-a-la-delicadeza-floral\/","title":{"rendered":"As\u00ed ha sido el desfile Christian Dior bajo la direcci\u00f3n creativa de Jonathan Anderson: del di\u00e1logo entre la materia y la creatividad a la delicadeza floral"},"content":{"rendered":"<p><!-- AUTHOR --><\/p>\n<div class=\"voc-author-timesocial \">\n<!-- AUTHOR --><\/p>\n<div class=\"voc-author-timesocial__signature \">\n<!-- IMAGE AUTHOR -->\n<picture class=\"voc-image-signature\">\n<img class=\"voc-image-signature__img\" src=\"http:\/\/hoycordobaweb.com\/wp-content\/uploads\/2026\/01\/asi-ha-sido-el-desfile-christian-dior-bajo-la-direccion-creativa-de-jonathan-anderson-del-dialogo-entre-la-materia-y-la-creatividad-a-la-delicadeza-floral.jpg\" alt=\"Diego Rueda\">\n<\/picture>\n<!-- INFO AUTHOR --> <\/div><\/div>\n<p><!-- COMPONENTS --><\/p>\n<p class=\"voc-paragraph\">La Semana de la Alta Costura de Par\u00eds se inaugura con el debut m\u00e1s esperado de la temporada, de la mano de <a href=\"https:\/\/www.mujerhoy.com\/lujo-slow\/jonathan-anderson-nuevo-director-creativo-dior-cronologia-polemica-maria-grazia-chiuri-20250602111447-nt.html\" data-voc-vtm-id=\"in-text-traffic\" title=\"Jonathan Anderson para Christian Dior\" data-mrf-link=\"www.mujerhoy.com\">Jonathan Anderson para Christian Dior<\/a>. La expectaci\u00f3n es m\u00e1xima, especialmente si tenemos en cuenta sus anteriores colecciones pr\u00eat-\u00e0-porter para la firma. Es bien conocida la capacidad de adaptaci\u00f3n del dise\u00f1ador irland\u00e9s, algo que ya demostr\u00f3 durante sus <strong>once a\u00f1os al frente de Loewe<\/strong>, donde convirti\u00f3 a la maison espa\u00f1ola en un aut\u00e9ntico soplo de aire fresco dentro del sector del lujo.<\/p>\n<p class=\"voc-paragraph\">Su \u00faltima colecci\u00f3n femenina fue un exhaustivo repaso al archivo de la casa francesa, una manera de entender qu\u00e9 se hab\u00eda hecho y qui\u00e9nes hab\u00edan sido sus art\u00edfices. En ella pudimos reconocer <a href=\"https:\/\/www.mujerhoy.com\/actualidad\/john-galliano-deja-maison-margiela-polemicas-adicciones-leon-ascensor-20241212170920-nt.html\" data-voc-vtm-id=\"in-text-traffic\" title=\"la esencia de Galliano\" data-mrf-link=\"www.mujerhoy.com\">la esencia de Galliano<\/a>, con ese inconfundible aire napole\u00f3nico; el New Look reinventado de Raf Simons o el breve, pero significativo, paso de Yves Saint Laurent. Un recorrido que Anderson supo hacer suyo en todo momento, <strong>adapt\u00e1ndolo al presente<\/strong>, pero siempre con la mirada puesta en el futuro.<\/p>\n<div class=\"v-c-cmp v-c-cmp--t1 \">\n<div class=\"v-cmp-rld v-cmp-rld--2 \">\n<div class=\"v-cnt-m v-cnt-m--m\">\n<div class=\"v-cnt-m__c\">\n<div class=\"v-cnt-m__w v-cnt-m__w--1\">\n<p class=\"v-cnt-m__t\">\nTAMBI\u00c9N TE INTERESA\n<\/p>\n<\/div>\n<\/div>\n<\/div>\n<div class=\"v-g v-g--2-c v-g--bdr-min-xs\">\n<div class=\"v-g__c \">\n<article class=\"v-a v-a--cmp-rld v-a--cmp-rld-2 v-a--p-l\">\n<div class=\"v-a-img-c\">\n<figure class=\"v-a-fig\">\n<a href=\"https:\/\/www.mujerhoy.com\/celebrities\/realeza\/sassa-hannover-entrevista-referente-moda-estilo-20251220175255-nt.html#vtm_modulosEngag=mod-rel:moda:noticia:1:cmp:2-not\" class=\"v-a-link\" title=\"Sassa Hannover: \u00abLa ropa que te pones es una forma de decirle al mundo qui\u00e9n eres\u00bb\"><br \/>\n<img loading=\"lazy\" class=\"v-a-img\" src=\"http:\/\/hoycordobaweb.com\/wp-content\/uploads\/2026\/01\/asi-ha-sido-el-desfile-christian-dior-bajo-la-direccion-creativa-de-jonathan-anderson-del-dialogo-entre-la-materia-y-la-creatividad-a-la-delicadeza-floral-1.jpg\" alt=\"Sassa Hannover: \u00abLa ropa que te pones es una forma de decirle al mundo qui\u00e9n eres\u00bb\"><br \/>\n<\/a><br \/>\n<\/figure>\n<\/div>\n<\/article>\n<\/div>\n<div class=\"v-g__c \">\n<article class=\"v-a v-a--cmp-rld v-a--cmp-rld-2 v-a--p-l\">\n<div class=\"v-a-img-c\">\n<figure class=\"v-a-fig\">\n<a href=\"https:\/\/www.mujerhoy.com\/celebrities\/muere-jacqueline-ribes-ultima-reina-francesa-icono-moda-20251231165952-nt.html#vtm_modulosEngag=mod-rel:moda:noticia:2:cmp:2-not\" class=\"v-a-link\" title=\"Muere Jacqueline de Ribes a los 96 a\u00f1os: la '\u00faltima reina francesa', icono de elegancia y musa de Yves Saint Laurent\"><br \/>\n<img loading=\"lazy\" class=\"v-a-img\" src=\"http:\/\/hoycordobaweb.com\/wp-content\/uploads\/2026\/01\/asi-ha-sido-el-desfile-christian-dior-bajo-la-direccion-creativa-de-jonathan-anderson-del-dialogo-entre-la-materia-y-la-creatividad-a-la-delicadeza-floral-2.jpg\" alt=\"Muere Jacqueline de Ribes a los 96 a\u00f1os: la '\u00faltima reina francesa', icono de elegancia y musa de Yves Saint Laurent\"><br \/>\n<\/a><br \/>\n<\/figure>\n<\/div>\n<\/article>\n<\/div>\n<\/div>\n<\/div>\n<\/div>\n<p class=\"voc-paragraph\">Una de las an\u00e9cdotas m\u00e1s comentadas de esta semana ha sido que el propio Jonathan Anderson pidi\u00f3 que Galliano pudiera ver en primicia su colecci\u00f3n de Alta Costura, en un gesto que buscaba, <strong>casi de forma simb\u00f3lica<\/strong>, la aprobaci\u00f3n de un hijo hacia su padre. Un momento de especial carga emocional en el que el cl\u00edmax creativo puede llegar a ser agobiante y estresante. Ya lo vimos en <a href=\"https:\/\/www.mujerhoy.com\/lujo-slow\/jonathan-anderson-nuevo-director-creativo-dior-cronologia-polemica-maria-grazia-chiuri-20250602111447-nt.html\" data-voc-vtm-id=\"in-text-traffic\" title=\"su debut a comienzos de verano\" data-mrf-link=\"www.mujerhoy.com\">su debut a comienzos de verano<\/a>, cuando, en el backstage, Anderson romp\u00eda a llorar al ver desfilar su carrusel de maniqu\u00edes por la pasarela.<\/p>\n<p class=\"voc-paragraph\">Galliano correspondi\u00f3 al gesto con un detalle profundamente \u00edntimo: dos peque\u00f1os ramos de ciclamen atados con cintas de seda negra. Esta flor se convirti\u00f3 en la <a href=\"https:\/\/www.mujerhoy.com\/vivir\/decoracion\/que-significan-misteriosos-platos-blancos-huevos-jonathan-anderson-invitacion-desfile-dior-fascinante-historia-coleccion-decoracion-20250701135718-nt.html\" data-voc-vtm-id=\"in-text-traffic\" title=\"invitaci\u00f3n para los asistentes al desfile\" data-mrf-link=\"www.mujerhoy.com\">invitaci\u00f3n para los asistentes al desfile<\/a>, un detalle sencillo, pero cargado de simbolismo que marc\u00f3 el punto de partida de la colecci\u00f3n. No podemos olvidar que John Galliano fue <strong>un revolucionario dentro de Christian Dior<\/strong> y que, a d\u00eda de hoy, se sigue reconociendo su labor, a pesar de la pol\u00e9mica que en su momento empa\u00f1\u00f3 su brillantez.<\/p>\n<p><h3 class=\"v-cmp-suh\">\nJonathan Anderson se inspira de la naturaleza y la arquitectura para Christian Dior<br \/>\n<\/h3>\n<\/p>\n<p class=\"voc-paragraph\">Momentos antes de comenzar el show, pudimos analizar las peque\u00f1as pistas que Anderson dej\u00f3 en las redes sociales de la firma francesa. La colecci\u00f3n presenta claramente una l\u00ednea muy marcada por <strong>la arquitectura y las flores<\/strong>, pero tambi\u00e9n incorpora elementos de la Tierra, como minerales preciosos y f\u00f3siles. Un punto de partida que sirve como aperitivo, preparando al p\u00fablico antes de que se aten\u00faen las luces y comience el caminar de la primera modelo.<\/p>\n<p class=\"voc-paragraph\">La colecci\u00f3n surge de un trabajo detallado con telas, texturas y proporciones. Cada gesto en el taller est\u00e1 pensado: desde el uso de los bordados hasta <strong>la b\u00fasqueda del volumen perfecto<\/strong>. \u00abEs fascinante ver c\u00f3mo la materia toma forma, c\u00f3mo una idea se convierte en prenda. Todo tiene que ser preciso, pero tambi\u00e9n fluido. Eso es lo esencial\u00bb, nos comenta una voz en off desde el taller de Christian Dior en Par\u00eds momentos antes de comenzar el desfile. <\/p>\n<div class=\"v-c-cmp v-c-cmp--s\">\n<div class=\"v-cmp-m \">\n<article class=\"v-a v-a--cmp-m v-c-cmp--m-z\">\n<div class=\"v-a-img-c \">\n<div class=\"v-a-fig\">\n<button class=\"v-a-link\" popovertarget=\"photo-392\"><br \/>\n<img loading=\"lazy\" src=\"http:\/\/hoycordobaweb.com\/wp-content\/uploads\/2026\/01\/asi-ha-sido-el-desfile-christian-dior-bajo-la-direccion-creativa-de-jonathan-anderson-del-dialogo-entre-la-materia-y-la-creatividad-a-la-delicadeza-floral-3.jpg\" class=\"v-a-img\" width=\"650\" height=\"650\" alt=\"La colecci\u00f3n de alta costura de Christian Dior por Jonathan Anderson.\" data-voc-vtm-id=\"in-text-traffic\"> <\/button><figcaption class=\"v-fc\">\n<span class=\"v-fc__t\"><br \/>\nLa colecci\u00f3n de alta costura de Christian Dior por Jonathan Anderson.<br \/>\n<\/span><br \/>\n<span class=\"v-fc__p\"><br \/>\nLaunchmetrics Spotlight<br \/>\n<\/span><br \/>\n<\/figcaption><\/div>\n<\/div>\n<div id=\"photo-392\" popover class=\"v-mdl v-mdl--fw\">\n<button class=\"v-x\" popovertarget=\"photo-392\" popovertargetaction=\"hide\"><br \/>\n<span class=\"v-i\"><br \/>\n<svg width=\"24\" height=\"23.996\" viewBox=\"0 0 24 23.996\">\n<path data-name=\"Uni\u00f3n 29\" d=\"M12,14.03,2.031,24,0,21.963,9.968,12,0,2.033,2.031,0,12,9.966,21.969,0,24,2.033,14.032,12,24,21.963,21.969,24Z\" \/>\n<\/svg><br \/>\n<\/span><br \/>\n<\/button><\/p>\n<div class=\"v-mdl__c\">\n<div class=\"v-mdl__w\">\n<img loading=\"lazy\" src=\"http:\/\/hoycordobaweb.com\/wp-content\/uploads\/2026\/01\/asi-ha-sido-el-desfile-christian-dior-bajo-la-direccion-creativa-de-jonathan-anderson-del-dialogo-entre-la-materia-y-la-creatividad-a-la-delicadeza-floral-3.jpg\" class=\"v-mdl__img-z\" width=\"650\" height=\"650\" alt>\n<\/div>\n<\/div>\n<\/div>\n<p><span class=\"v-bdp\"><\/span><br \/>\n<\/article>\n<\/div>\n<\/div>\n<p class=\"voc-paragraph\">.El proceso de creaci\u00f3n es, para Anderson, <strong>un equilibrio entre disciplina y libertad<\/strong>: \u00abSiempre estoy aprendiendo, experimentando, incluso improvisando. Cada proyecto es un nuevo reto, nunca se repite. La costura es un di\u00e1logo constante entre la materia y la creatividad\u00bb.<\/p>\n<p class=\"voc-paragraph\">Los dise\u00f1os de Christian Dior para Alta Costura son una oda a lo et\u00e9reo y, en cierta medida, a lo divino, sobre todo por la fluidez de sus tejidos, que casi parecen flotar sobre la pasarela. Los bordados florales destacan de manera especial, una clave que ya se intu\u00eda minutos antes del comienzo del desfile, y <strong>reflejan la delicadeza de la flora<\/strong>. Adem\u00e1s, los complementos poseen una simbolog\u00eda \u00edntima relacionada con Galliano, un gesto que, al parecer, ha marcado profundamente al dise\u00f1ador irland\u00e9s.<\/p>\n<p class=\"voc-paragraph\">Otro de los detalles m\u00e1s impactantes ha sido<strong> el uso del color<\/strong>. No se ha limitado a una paleta plana, como el negro y el blanco, que tambi\u00e9n formaron parte de la escenograf\u00eda, sino que apuesta por la vivacidad de tonos como el naranja, amarillo, celeste metalizado, verde c\u00e9sped y rosa. Sin olvidar, por supuesto,<strong> las piezas escult\u00f3ricas<\/strong>, como vestidos con vol\u00famenes, volantes y cuellos que sobresalen para crear un aire arquitect\u00f3nico, as\u00ed como faldas con efecto globo, dise\u00f1adas para generar movimiento en todo momento.<\/p>\n<p class=\"voc-paragraph\">Nuestro director de moda y belleza, Gervasio P\u00e9rez, nos recalca lo siguiente: \u00abHace solo unos a\u00f1os, las colecciones de costura <strong>hab\u00edan rebajado el tono est\u00e9tico<\/strong>, presentando propuestas m\u00e1s prudentes y cercanas a la vida cotidiana. Sin embargo, el arranque de esta nueva edici\u00f3n de los desfiles de Alta Costura apuesta, por lo contrario: <strong>la hip\u00e9rbole<\/strong>. Los primeros desfiles, con Schiaparelli y Dior a la cabeza, privilegian la teatralidad, el dramatismo de las formas, el preciosismo de los tejidos y la grandilocuencia de discursos concebidos para distanciarse al m\u00e1ximo de la vida cotidiana, ya sea para impresionar a la audiencia de alfombras rojas y festivales o para provocar asombro y admiraci\u00f3n en actos privados y exclusivos.\u00bb<\/p>\n<div class=\"v-c-cmp \">\n<div class=\"v-cmp-m v-cmp-m--t1\">\n<article class=\"v-a v-a--cmp-m v-c-cmp--m-p\">\n<div class=\"v-a-img-c v-a-img-c--fw-xs\">\n<div class=\"v-a-fig\">\n<div class=\"v-a-link\">\n<img loading=\"lazy\" src=\"http:\/\/hoycordobaweb.com\/wp-content\/uploads\/2026\/01\/asi-ha-sido-el-desfile-christian-dior-bajo-la-direccion-creativa-de-jonathan-anderson-del-dialogo-entre-la-materia-y-la-creatividad-a-la-delicadeza-floral-4.jpg\" class=\"v-a-img\" width=\"650\" height=\"975\" alt=\"Look de Christian Dior durante la Semana de la Moda de Par\u00eds.\" data-voc-vtm-id=\"in-text-traffic\">\n<\/div><figcaption class=\"v-fc\">\n<span class=\"v-fc__t\"><br \/>\nLook de Christian Dior durante la Semana de la Moda de Par\u00eds.<br \/>\n<\/span><br \/>\n<span class=\"v-fc__p\"><br \/>\nLaunchmetrics Spotlight<br \/>\n<\/span><br \/>\n<\/figcaption><\/div>\n<\/div>\n<\/article>\n<\/div>\n<\/div>\n<div class=\"v-c-cmp \">\n<div class=\"v-cmp-m v-cmp-m--t1\">\n<article class=\"v-a v-a--cmp-m v-c-cmp--m-p\">\n<div class=\"v-a-img-c v-a-img-c--fw-xs\">\n<div class=\"v-a-fig\">\n<div class=\"v-a-link\">\n<img loading=\"lazy\" src=\"http:\/\/hoycordobaweb.com\/wp-content\/uploads\/2026\/01\/asi-ha-sido-el-desfile-christian-dior-bajo-la-direccion-creativa-de-jonathan-anderson-del-dialogo-entre-la-materia-y-la-creatividad-a-la-delicadeza-floral-5.jpg\" class=\"v-a-img\" width=\"650\" height=\"975\" alt=\"Look de Christian Dior durante la Semana de la Moda de Par\u00eds.\" data-voc-vtm-id=\"in-text-traffic\">\n<\/div><figcaption class=\"v-fc\">\n<span class=\"v-fc__t\"><br \/>\nLook de Christian Dior durante la Semana de la Moda de Par\u00eds.<br \/>\n<\/span><br \/>\n<span class=\"v-fc__p\"><br \/>\nLaunchmetrics Spotlight<br \/>\n<\/span><br \/>\n<\/figcaption><\/div>\n<\/div>\n<\/article>\n<\/div>\n<\/div>\n<div class=\"v-c-cmp \">\n<div class=\"v-cmp-m v-cmp-m--t1\">\n<article class=\"v-a v-a--cmp-m v-c-cmp--m-p\">\n<div class=\"v-a-img-c v-a-img-c--fw-xs\">\n<div class=\"v-a-fig\">\n<div class=\"v-a-link\">\n<img loading=\"lazy\" src=\"http:\/\/hoycordobaweb.com\/wp-content\/uploads\/2026\/01\/asi-ha-sido-el-desfile-christian-dior-bajo-la-direccion-creativa-de-jonathan-anderson-del-dialogo-entre-la-materia-y-la-creatividad-a-la-delicadeza-floral-6.jpg\" class=\"v-a-img\" width=\"650\" height=\"975\" alt=\"Look de Christian Dior durante la Semana de la Moda de Par\u00eds.\" data-voc-vtm-id=\"in-text-traffic\">\n<\/div><figcaption class=\"v-fc\">\n<span class=\"v-fc__t\"><br \/>\nLook de Christian Dior durante la Semana de la Moda de Par\u00eds.<br \/>\n<\/span><br \/>\n<span class=\"v-fc__p\"><br \/>\nLaunchmetrics Spotlight<br \/>\n<\/span><br \/>\n<\/figcaption><\/div>\n<\/div>\n<\/article>\n<\/div>\n<\/div>\n<div class=\"v-c-cmp \">\n<div class=\"v-cmp-m v-cmp-m--t1\">\n<article class=\"v-a v-a--cmp-m v-c-cmp--m-p\">\n<div class=\"v-a-img-c v-a-img-c--fw-xs\">\n<div class=\"v-a-fig\">\n<div class=\"v-a-link\">\n<img loading=\"lazy\" src=\"http:\/\/hoycordobaweb.com\/wp-content\/uploads\/2026\/01\/asi-ha-sido-el-desfile-christian-dior-bajo-la-direccion-creativa-de-jonathan-anderson-del-dialogo-entre-la-materia-y-la-creatividad-a-la-delicadeza-floral-7.jpg\" class=\"v-a-img\" width=\"650\" height=\"975\" alt=\"Look de Christian Dior durante la Semana de la Moda de Par\u00eds.\" data-voc-vtm-id=\"in-text-traffic\">\n<\/div><figcaption class=\"v-fc\">\n<span class=\"v-fc__t\"><br \/>\nLook de Christian Dior durante la Semana de la Moda de Par\u00eds.<br \/>\n<\/span><br \/>\n<span class=\"v-fc__p\"><br \/>\nLaunchmetrics Spotlight<br \/>\n<\/span><br \/>\n<\/figcaption><\/div>\n<\/div>\n<\/article>\n<\/div>\n<\/div>\n<div class=\"v-c-cmp \">\n<div class=\"v-cmp-m v-cmp-m--t1\">\n<article class=\"v-a v-a--cmp-m v-c-cmp--m-p\">\n<div class=\"v-a-img-c v-a-img-c--fw-xs\">\n<div class=\"v-a-fig\">\n<div class=\"v-a-link\">\n<img loading=\"lazy\" src=\"http:\/\/hoycordobaweb.com\/wp-content\/uploads\/2026\/01\/asi-ha-sido-el-desfile-christian-dior-bajo-la-direccion-creativa-de-jonathan-anderson-del-dialogo-entre-la-materia-y-la-creatividad-a-la-delicadeza-floral-8.jpg\" class=\"v-a-img\" width=\"650\" height=\"975\" alt=\"Look de Christian Dior durante la Semana de la Moda de Par\u00eds.\" data-voc-vtm-id=\"in-text-traffic\">\n<\/div><figcaption class=\"v-fc\">\n<span class=\"v-fc__t\"><br \/>\nLook de Christian Dior durante la Semana de la Moda de Par\u00eds.<br \/>\n<\/span><br \/>\n<span class=\"v-fc__p\"><br \/>\nLaunchmetrics Spotlight<br \/>\n<\/span><br \/>\n<\/figcaption><\/div>\n<\/div>\n<\/article>\n<\/div>\n<\/div>\n<div class=\"v-c-cmp \">\n<div class=\"v-cmp-m v-cmp-m--t1\">\n<article class=\"v-a v-a--cmp-m v-c-cmp--m-p\">\n<div class=\"v-a-img-c v-a-img-c--fw-xs\">\n<div class=\"v-a-fig\">\n<div class=\"v-a-link\">\n<img loading=\"lazy\" src=\"http:\/\/hoycordobaweb.com\/wp-content\/uploads\/2026\/01\/asi-ha-sido-el-desfile-christian-dior-bajo-la-direccion-creativa-de-jonathan-anderson-del-dialogo-entre-la-materia-y-la-creatividad-a-la-delicadeza-floral-9.jpg\" class=\"v-a-img\" width=\"650\" height=\"975\" alt=\"Look de Christian Dior durante la Semana de la Moda de Par\u00eds.\" data-voc-vtm-id=\"in-text-traffic\">\n<\/div><figcaption class=\"v-fc\">\n<span class=\"v-fc__t\"><br \/>\nLook de Christian Dior durante la Semana de la Moda de Par\u00eds.<br \/>\n<\/span><br \/>\n<span class=\"v-fc__p\"><br \/>\nLaunchmetrics Spotlight<br \/>\n<\/span><br \/>\n<\/figcaption><\/div>\n<\/div>\n<\/article>\n<\/div>\n<\/div>\n<div class=\"v-c-cmp \">\n<div class=\"v-cmp-m v-cmp-m--t1\">\n<article class=\"v-a v-a--cmp-m v-c-cmp--m-p\">\n<div class=\"v-a-img-c v-a-img-c--fw-xs\">\n<div class=\"v-a-fig\">\n<div class=\"v-a-link\">\n<img loading=\"lazy\" src=\"http:\/\/hoycordobaweb.com\/wp-content\/uploads\/2026\/01\/asi-ha-sido-el-desfile-christian-dior-bajo-la-direccion-creativa-de-jonathan-anderson-del-dialogo-entre-la-materia-y-la-creatividad-a-la-delicadeza-floral-10.jpg\" class=\"v-a-img\" width=\"650\" height=\"975\" alt=\"Look de Christian Dior durante la Semana de la Moda de Par\u00eds.\" data-voc-vtm-id=\"in-text-traffic\">\n<\/div><figcaption class=\"v-fc\">\n<span class=\"v-fc__t\"><br \/>\nLook de Christian Dior durante la Semana de la Moda de Par\u00eds.<br \/>\n<\/span><br \/>\n<span class=\"v-fc__p\"><br \/>\nLaunchmetrics Spotlight<br \/>\n<\/span><br \/>\n<\/figcaption><\/div>\n<\/div>\n<\/article>\n<\/div>\n<\/div>\n<div class=\"v-c-cmp \">\n<div class=\"v-cmp-m v-cmp-m--t1\">\n<article class=\"v-a v-a--cmp-m v-c-cmp--m-p\">\n<div class=\"v-a-img-c v-a-img-c--fw-xs\">\n<div class=\"v-a-fig\">\n<div class=\"v-a-link\">\n<img loading=\"lazy\" src=\"http:\/\/hoycordobaweb.com\/wp-content\/uploads\/2026\/01\/asi-ha-sido-el-desfile-christian-dior-bajo-la-direccion-creativa-de-jonathan-anderson-del-dialogo-entre-la-materia-y-la-creatividad-a-la-delicadeza-floral-11.jpg\" class=\"v-a-img\" width=\"650\" height=\"975\" alt=\"Look de Christian Dior durante la Semana de la Moda de Par\u00eds.\" data-voc-vtm-id=\"in-text-traffic\">\n<\/div><figcaption class=\"v-fc\">\n<span class=\"v-fc__t\"><br \/>\nLook de Christian Dior durante la Semana de la Moda de Par\u00eds.<br \/>\n<\/span><br \/>\n<span class=\"v-fc__p\"><br \/>\nLaunchmetrics Spotlight<br \/>\n<\/span><br \/>\n<\/figcaption><\/div>\n<\/div>\n<\/article>\n<\/div>\n<\/div>\n<div class=\"v-c-cmp \">\n<div class=\"v-cmp-m v-cmp-m--t1\">\n<article class=\"v-a v-a--cmp-m v-c-cmp--m-p\">\n<div class=\"v-a-img-c v-a-img-c--fw-xs\">\n<div class=\"v-a-fig\">\n<div class=\"v-a-link\">\n<img loading=\"lazy\" src=\"http:\/\/hoycordobaweb.com\/wp-content\/uploads\/2026\/01\/asi-ha-sido-el-desfile-christian-dior-bajo-la-direccion-creativa-de-jonathan-anderson-del-dialogo-entre-la-materia-y-la-creatividad-a-la-delicadeza-floral-12.jpg\" class=\"v-a-img\" width=\"650\" height=\"975\" alt=\"Look de Christian Dior durante la Semana de la Moda de Par\u00eds.\" data-voc-vtm-id=\"in-text-traffic\">\n<\/div><figcaption class=\"v-fc\">\n<span class=\"v-fc__t\"><br \/>\nLook de Christian Dior durante la Semana de la Moda de Par\u00eds.<br \/>\n<\/span><br \/>\n<span class=\"v-fc__p\"><br \/>\nLaunchmetrics Spotlight<br \/>\n<\/span><br \/>\n<\/figcaption><\/div>\n<\/div>\n<\/article>\n<\/div>\n<\/div>\n<div class=\"v-c-cmp \">\n<div class=\"v-cmp-m v-cmp-m--t1\">\n<article class=\"v-a v-a--cmp-m v-c-cmp--m-p\">\n<div class=\"v-a-img-c v-a-img-c--fw-xs\">\n<div class=\"v-a-fig\">\n<div class=\"v-a-link\">\n<img loading=\"lazy\" src=\"http:\/\/hoycordobaweb.com\/wp-content\/uploads\/2026\/01\/asi-ha-sido-el-desfile-christian-dior-bajo-la-direccion-creativa-de-jonathan-anderson-del-dialogo-entre-la-materia-y-la-creatividad-a-la-delicadeza-floral-13.jpg\" class=\"v-a-img\" width=\"650\" height=\"975\" alt=\"Look de Christian Dior durante la Semana de la Moda de Par\u00eds.\" data-voc-vtm-id=\"in-text-traffic\">\n<\/div><figcaption class=\"v-fc\">\n<span class=\"v-fc__t\"><br \/>\nLook de Christian Dior durante la Semana de la Moda de Par\u00eds.<br \/>\n<\/span><br \/>\n<span class=\"v-fc__p\"><br \/>\nLaunchmetrics Spotlight<br \/>\n<\/span><br \/>\n<\/figcaption><\/div>\n<\/div>\n<\/article>\n<\/div>\n<\/div>\n<div class=\"v-c-cmp \">\n<div class=\"v-cmp-m v-cmp-m--t1\">\n<article class=\"v-a v-a--cmp-m v-c-cmp--m-p\">\n<div class=\"v-a-img-c v-a-img-c--fw-xs\">\n<div class=\"v-a-fig\">\n<div class=\"v-a-link\">\n<img loading=\"lazy\" src=\"http:\/\/hoycordobaweb.com\/wp-content\/uploads\/2026\/01\/asi-ha-sido-el-desfile-christian-dior-bajo-la-direccion-creativa-de-jonathan-anderson-del-dialogo-entre-la-materia-y-la-creatividad-a-la-delicadeza-floral-14.jpg\" class=\"v-a-img\" width=\"650\" height=\"975\" alt=\"Look de Christian Dior durante la Semana de la Moda de Par\u00eds.\" data-voc-vtm-id=\"in-text-traffic\">\n<\/div><figcaption class=\"v-fc\">\n<span class=\"v-fc__t\"><br \/>\nLook de Christian Dior durante la Semana de la Moda de Par\u00eds.<br \/>\n<\/span><br \/>\n<span class=\"v-fc__p\"><br \/>\nLaunchmetrics Spotlight<br \/>\n<\/span><br \/>\n<\/figcaption><\/div>\n<\/div>\n<\/article>\n<\/div>\n<\/div>\n<div class=\"v-c-cmp \">\n<div class=\"v-cmp-m v-cmp-m--t1\">\n<article class=\"v-a v-a--cmp-m v-c-cmp--m-p\">\n<div class=\"v-a-img-c v-a-img-c--fw-xs\">\n<div class=\"v-a-fig\">\n<div class=\"v-a-link\">\n<img loading=\"lazy\" src=\"http:\/\/hoycordobaweb.com\/wp-content\/uploads\/2026\/01\/asi-ha-sido-el-desfile-christian-dior-bajo-la-direccion-creativa-de-jonathan-anderson-del-dialogo-entre-la-materia-y-la-creatividad-a-la-delicadeza-floral-15.jpg\" class=\"v-a-img\" width=\"650\" height=\"975\" alt=\"Look de Christian Dior durante la Semana de la Moda de Par\u00eds.\" data-voc-vtm-id=\"in-text-traffic\">\n<\/div><figcaption class=\"v-fc\">\n<span class=\"v-fc__t\"><br \/>\nLook de Christian Dior durante la Semana de la Moda de Par\u00eds.<br \/>\n<\/span><br \/>\n<span class=\"v-fc__p\"><br \/>\nLaunchmetrics Spotlight<br \/>\n<\/span><br \/>\n<\/figcaption><\/div>\n<\/div>\n<\/article>\n<\/div>\n<\/div>\n<div class=\"v-c-cmp \">\n<div class=\"v-cmp-m v-cmp-m--t1\">\n<article class=\"v-a v-a--cmp-m v-c-cmp--m-p\">\n<div class=\"v-a-img-c v-a-img-c--fw-xs\">\n<div class=\"v-a-fig\">\n<div class=\"v-a-link\">\n<img loading=\"lazy\" src=\"http:\/\/hoycordobaweb.com\/wp-content\/uploads\/2026\/01\/asi-ha-sido-el-desfile-christian-dior-bajo-la-direccion-creativa-de-jonathan-anderson-del-dialogo-entre-la-materia-y-la-creatividad-a-la-delicadeza-floral-16.jpg\" class=\"v-a-img\" width=\"650\" height=\"975\" alt=\"Look de Christian Dior durante la Semana de la Moda de Par\u00eds.\" data-voc-vtm-id=\"in-text-traffic\">\n<\/div><figcaption class=\"v-fc\">\n<span class=\"v-fc__t\"><br \/>\nLook de Christian Dior durante la Semana de la Moda de Par\u00eds.<br \/>\n<\/span><br \/>\n<span class=\"v-fc__p\"><br \/>\nLaunchmetrics Spotlight<br \/>\n<\/span><br \/>\n<\/figcaption><\/div>\n<\/div>\n<\/article>\n<\/div>\n<\/div>\n<div class=\"v-c-cmp \">\n<div class=\"v-cmp-m v-cmp-m--t1\">\n<article class=\"v-a v-a--cmp-m v-c-cmp--m-p\">\n<div class=\"v-a-img-c v-a-img-c--fw-xs\">\n<div class=\"v-a-fig\">\n<div class=\"v-a-link\">\n<img loading=\"lazy\" src=\"http:\/\/hoycordobaweb.com\/wp-content\/uploads\/2026\/01\/asi-ha-sido-el-desfile-christian-dior-bajo-la-direccion-creativa-de-jonathan-anderson-del-dialogo-entre-la-materia-y-la-creatividad-a-la-delicadeza-floral-17.jpg\" class=\"v-a-img\" width=\"650\" height=\"975\" alt=\"Look de Christian Dior durante la Semana de la Moda de Par\u00eds.\" data-voc-vtm-id=\"in-text-traffic\">\n<\/div><figcaption class=\"v-fc\">\n<span class=\"v-fc__t\"><br \/>\nLook de Christian Dior durante la Semana de la Moda de Par\u00eds.<br \/>\n<\/span><br \/>\n<span class=\"v-fc__p\"><br \/>\nLaunchmetrics Spotlight<br \/>\n<\/span><br \/>\n<\/figcaption><\/div>\n<\/div>\n<\/article>\n<\/div>\n<\/div>\n<p class=\"voc-paragraph\">Y s\u00ed, Jonathan Anderson para Christian Dior consigui\u00f3 una gran ovaci\u00f3n final por parte de los asistentes, un comienzo prometedor para su futuro dentro de la Alta Costura y, sobre todo, para la maison francesa de la que forma parte. Una colecci\u00f3n que refleja a la perfecci\u00f3n <strong>su delicadeza y su savoir-faire<\/strong>, como un aut\u00e9ntico soplo de aire fresco.<\/p>\n<div class=\"v-c-cmp v-c-cmp--t1 \">\n<div class=\"v-cmp-rld v-cmp-rld--2 \">\n<div class=\"v-cnt-m v-cnt-m--m\">\n<div class=\"v-cnt-m__c\">\n<div class=\"v-cnt-m__w v-cnt-m__w--1\">\n<p class=\"v-cnt-m__t\">\nTAMBI\u00c9N TE INTERESA\n<\/p>\n<\/div>\n<\/div>\n<\/div>\n<div class=\"v-g v-g--2-c v-g--bdr-min-xs\">\n<div class=\"v-g__c \">\n<article class=\"v-a v-a--cmp-rld v-a--cmp-rld-2 v-a--p-l\">\n<div class=\"v-a-img-c\">\n<figure class=\"v-a-fig\">\n<a href=\"https:\/\/www.mujerhoy.com\/belleza\/tratamientos\/lujo-silencioso-traduce-estetica-succesion-cosmetica-20251211211231-nt.html#vtm_modulosEngag=mod-rel:moda:noticia:1:cmp:2-not\" class=\"v-a-link\" title=\"Lujo silencioso: c\u00f3mo se traduce la est\u00e9tica \u00abSuccession\u00bb en cosm\u00e9tica\"><br \/>\n<img loading=\"lazy\" class=\"v-a-img\" src=\"http:\/\/hoycordobaweb.com\/wp-content\/uploads\/2026\/01\/asi-ha-sido-el-desfile-christian-dior-bajo-la-direccion-creativa-de-jonathan-anderson-del-dialogo-entre-la-materia-y-la-creatividad-a-la-delicadeza-floral-18.jpg\" alt=\"Lujo silencioso: c\u00f3mo se traduce la est\u00e9tica \u00abSuccession\u00bb en cosm\u00e9tica\"><br \/>\n<\/a><br \/>\n<\/figure>\n<\/div>\n<\/article>\n<\/div>\n<div class=\"v-g__c \">\n<article class=\"v-a v-a--cmp-rld v-a--cmp-rld-2 v-a--p-l\">\n<div class=\"v-a-img-c\">\n<figure class=\"v-a-fig\">\n<a href=\"https:\/\/www.mujerhoy.com\/moda\/pasarelas\/chanel-desfile-debut-matthieu-blazy-iconos-universo-estrellas-tilda-swinton-20251007221849-nt.html#vtm_modulosEngag=mod-rel:moda:noticia:2:cmp:2-not\" class=\"v-a-link\" title=\"As\u00ed ha sido el primer desfile de Chanel bajo la direcci\u00f3n creativa de Matthieu Blazy: del firmamento de estrellas a la reinterpretaci\u00f3n de los iconos de la Maison\"><br \/>\n<img loading=\"lazy\" class=\"v-a-img\" src=\"http:\/\/hoycordobaweb.com\/wp-content\/uploads\/2026\/01\/asi-ha-sido-el-desfile-christian-dior-bajo-la-direccion-creativa-de-jonathan-anderson-del-dialogo-entre-la-materia-y-la-creatividad-a-la-delicadeza-floral-19.jpg\" alt=\"As\u00ed ha sido el primer desfile de Chanel bajo la direcci\u00f3n creativa de Matthieu Blazy: del firmamento de estrellas a la reinterpretaci\u00f3n de los iconos de la Maison\"><br \/>\n<\/a><br \/>\n<\/figure>\n<\/div>\n<\/article>\n<\/div>\n<\/div>\n<\/div>\n<\/div>\n<div class=\"media_block\"><\/div>\n","protected":false},"excerpt":{"rendered":"<p>La Semana de la Alta Costura de Par\u00eds se inaugura con el debut m\u00e1s esperado de la temporada, de la mano de Jonathan Anderson para Christian Dior. La expectaci\u00f3n es m\u00e1xima, especialmente si tenemos en cuenta sus anteriores colecciones pr\u00eat-\u00e0-porter para la firma. Es bien conocida la capacidad de adaptaci\u00f3n del dise\u00f1ador irland\u00e9s, algo que [&hellip;]<\/p>\n","protected":false},"author":1,"featured_media":129613,"comment_status":"closed","ping_status":"closed","sticky":false,"template":"","format":"standard","meta":[],"categories":[],"tags":[],"_links":{"self":[{"href":"http:\/\/hoycordobaweb.com\/index.php\/wp-json\/wp\/v2\/posts\/129612"}],"collection":[{"href":"http:\/\/hoycordobaweb.com\/index.php\/wp-json\/wp\/v2\/posts"}],"about":[{"href":"http:\/\/hoycordobaweb.com\/index.php\/wp-json\/wp\/v2\/types\/post"}],"author":[{"embeddable":true,"href":"http:\/\/hoycordobaweb.com\/index.php\/wp-json\/wp\/v2\/users\/1"}],"replies":[{"embeddable":true,"href":"http:\/\/hoycordobaweb.com\/index.php\/wp-json\/wp\/v2\/comments?post=129612"}],"version-history":[{"count":0,"href":"http:\/\/hoycordobaweb.com\/index.php\/wp-json\/wp\/v2\/posts\/129612\/revisions"}],"wp:featuredmedia":[{"embeddable":true,"href":"http:\/\/hoycordobaweb.com\/index.php\/wp-json\/wp\/v2\/media\/129613"}],"wp:attachment":[{"href":"http:\/\/hoycordobaweb.com\/index.php\/wp-json\/wp\/v2\/media?parent=129612"}],"wp:term":[{"taxonomy":"category","embeddable":true,"href":"http:\/\/hoycordobaweb.com\/index.php\/wp-json\/wp\/v2\/categories?post=129612"},{"taxonomy":"post_tag","embeddable":true,"href":"http:\/\/hoycordobaweb.com\/index.php\/wp-json\/wp\/v2\/tags?post=129612"}],"curies":[{"name":"wp","href":"https:\/\/api.w.org\/{rel}","templated":true}]}}