{"id":129608,"date":"2026-01-26T20:39:07","date_gmt":"2026-01-26T20:39:07","guid":{"rendered":"http:\/\/hoycordobaweb.com\/index.php\/2026\/01\/26\/la-textil-alal-cerro-en-goya-dejo-a-260-familias-en-la-calle-y-apunto-a-las-politicas-economicas-del-gobierno-nacional\/"},"modified":"2026-01-26T20:39:07","modified_gmt":"2026-01-26T20:39:07","slug":"la-textil-alal-cerro-en-goya-dejo-a-260-familias-en-la-calle-y-apunto-a-las-politicas-economicas-del-gobierno-nacional","status":"publish","type":"post","link":"http:\/\/hoycordobaweb.com\/index.php\/2026\/01\/26\/la-textil-alal-cerro-en-goya-dejo-a-260-familias-en-la-calle-y-apunto-a-las-politicas-economicas-del-gobierno-nacional\/","title":{"rendered":"La textil Alal cerr\u00f3 en Goya, dej\u00f3 a 260 familias en la calle y apunt\u00f3 a las pol\u00edticas econ\u00f3micas del Gobierno nacional"},"content":{"rendered":"<div class=\"media_block\"><\/div>\n<div><img src=\"http:\/\/hoycordobaweb.com\/wp-content\/uploads\/2026\/01\/la-textil-alal-cerro-en-goya-dejo-a-260-familias-en-la-calle-y-apunto-a-las-politicas-economicas-del-gobierno-nacional.jpg\" class=\"ff-og-image-inserted\"><\/div>\n<p>En un golpe devastador para la econom\u00eda regional, la emblem\u00e1tica firma <strong>Emilio Alal SACIFI<\/strong> anunci\u00f3 el cierre definitivo de sus plantas de hilados y telas. La medida dej\u00f3 en la calle a <strong>260 trabajadores<\/strong> en la ciudad de <strong>Goya<\/strong> y afect\u00f3 de igual manera a su unidad productiva en <strong>Villa \u00c1ngela<\/strong>, provincia de Chaco.<\/p>\n<p class=\"destacadoNota\"><a target=\"_blank\" href=\"https:\/\/www.perfil.com\/noticias\/nea\/valdes-recibe-a-santilli-para-negociar-la-reforma-laboral-con-los-tres-senadores-bajo-el-brazo.phtml\" rel=\"noopener noreferrer\"><strong>Vald\u00e9s recibe a Santilli para negociar la reforma laboral con los tres senadores bajo el brazo<\/strong><\/a><\/p>\n<p>Los operarios correntinos fueron notificados de manera sorpresiva mediante telegramas de despido, poniendo fin a una historia industrial de un siglo en la regi\u00f3n.<\/p>\n<p>La compa\u00f1\u00eda, una de las <strong>Pymes<\/strong> m\u00e1s importantes del sector textil en el Norte Grande, asegur\u00f3 haber agotado todas las instancias antes de tomar esta decisi\u00f3n \u00abno deseada\u00bb.<\/p>\n<h2><strong>Los motivos: importaciones y falta de competitividad<\/strong><\/h2>\n<p>A trav\u00e9s de un comunicado oficial, la empresa apunt\u00f3 directamente contra las pol\u00edticas econ\u00f3micas del Gobierno nacional. Seg\u00fan la firma, la <strong>apertura indiscriminada de las importaciones<\/strong> de hilados y prendas \u2014provenientes mayoritariamente de Asia\u2014, sumada al ingreso de fardos de ropa usada, torn\u00f3 inviable la competencia para la industria nacional.<\/p>\n<p>\u00abLa ca\u00edda del poder adquisitivo impact\u00f3 negativamente en la demanda de textiles\u00bb, se\u00f1alaron desde la administraci\u00f3n de Alal. Adem\u00e1s, mencionaron un \u00abcombo\u00bb cr\u00edtico que incluye elevados costos energ\u00e9ticos, financieros y laborales, junto a una carga impositiva asfixiante y un marcado <strong>atraso cambiario<\/strong>.<\/p>\n<h2><strong>Crisis terminal en el sector textil<\/strong><\/h2>\n<p>La situaci\u00f3n de la planta de Goya se agrav\u00f3 en los \u00faltimos d\u00edas debido al deterioro en la cadena de pagos y cobranzas del sector. A pesar de que la empresa hab\u00eda invertido recientemente para producir telas con mayor valor agregado y contaba con est\u00e1ndares de exportaci\u00f3n, no logr\u00f3 revertir el escenario financiero.<\/p>\n<p>\u00abLa decisi\u00f3n refleja una crisis que afecta a la mayor\u00eda de las industrias manufactureras y, de manera particular, al <strong>sector textil<\/strong>, que atraviesa el momento m\u00e1s complejo de su historia\u00bb, enfatizaron desde la compa\u00f1\u00eda.<\/p>\n<p class=\"destacadoNota\"><a target=\"_blank\" href=\"https:\/\/www.perfil.com\/noticias\/nea\/sergio-flinta-critico-la-falta-de-respuestas-de-nacion-vienen-a-pedir-y-no-cumplen.phtml\" rel=\"noopener noreferrer\"><strong>Sergio Flinta critic\u00f3 la falta de respuestas de Naci\u00f3n: \u00abVienen a pedir y no cumplen\u00bb<\/strong><\/a><\/p>\n<h2><strong>Impacto social y humano<\/strong><\/h2>\n<p>El cierre de Alal representa una tragedia social para Goya, donde la f\u00e1brica era un pilar fundamental del empleo privado. \u00abEntendemos el profundo impacto social y humano que esto implica\u00bb, expresaron los directivos, agradeciendo a los operarios que fueron el sost\u00e9n de la firma durante d\u00e9cadas.<\/p>\n<p>La noticia genera una fuerte preocupaci\u00f3n en el arco pol\u00edtico y gremial de Corrientes, que observa con alarma el desmantelamiento del <strong>entramado productivo<\/strong> local ante la falta de medidas de protecci\u00f3n para la industria nacional.<\/p>\n<div class=\"article__tags\">\n<p>En esta Nota<\/p>\n<\/p><\/div>\n","protected":false},"excerpt":{"rendered":"<p>En un golpe devastador para la econom\u00eda regional, la emblem\u00e1tica firma Emilio Alal SACIFI anunci\u00f3 el cierre definitivo de sus plantas de hilados y telas. La medida dej\u00f3 en la calle a 260 trabajadores en la ciudad de Goya y afect\u00f3 de igual manera a su unidad productiva en Villa \u00c1ngela, provincia de Chaco. Vald\u00e9s [&hellip;]<\/p>\n","protected":false},"author":1,"featured_media":129609,"comment_status":"closed","ping_status":"closed","sticky":false,"template":"","format":"standard","meta":[],"categories":[19],"tags":[322,2608,2609,2607,2096,2211],"_links":{"self":[{"href":"http:\/\/hoycordobaweb.com\/index.php\/wp-json\/wp\/v2\/posts\/129608"}],"collection":[{"href":"http:\/\/hoycordobaweb.com\/index.php\/wp-json\/wp\/v2\/posts"}],"about":[{"href":"http:\/\/hoycordobaweb.com\/index.php\/wp-json\/wp\/v2\/types\/post"}],"author":[{"embeddable":true,"href":"http:\/\/hoycordobaweb.com\/index.php\/wp-json\/wp\/v2\/users\/1"}],"replies":[{"embeddable":true,"href":"http:\/\/hoycordobaweb.com\/index.php\/wp-json\/wp\/v2\/comments?post=129608"}],"version-history":[{"count":0,"href":"http:\/\/hoycordobaweb.com\/index.php\/wp-json\/wp\/v2\/posts\/129608\/revisions"}],"wp:featuredmedia":[{"embeddable":true,"href":"http:\/\/hoycordobaweb.com\/index.php\/wp-json\/wp\/v2\/media\/129609"}],"wp:attachment":[{"href":"http:\/\/hoycordobaweb.com\/index.php\/wp-json\/wp\/v2\/media?parent=129608"}],"wp:term":[{"taxonomy":"category","embeddable":true,"href":"http:\/\/hoycordobaweb.com\/index.php\/wp-json\/wp\/v2\/categories?post=129608"},{"taxonomy":"post_tag","embeddable":true,"href":"http:\/\/hoycordobaweb.com\/index.php\/wp-json\/wp\/v2\/tags?post=129608"}],"curies":[{"name":"wp","href":"https:\/\/api.w.org\/{rel}","templated":true}]}}