{"id":129604,"date":"2026-01-26T19:23:31","date_gmt":"2026-01-26T19:23:31","guid":{"rendered":"https:\/\/www.ole.com.ar\/futbol-internacional\/espana\/paulinho-barcelona-barsa-messi-lionel-anecdota-fichaje-campnou_0_VI9d5sC3kx.html"},"modified":"2026-01-26T19:23:31","modified_gmt":"2026-01-26T19:23:31","slug":"paulinho-recordo-que-le-dijo-messi-en-pleno-argentina-brasil-antes-de-que-llegue-a-barcelona","status":"publish","type":"post","link":"http:\/\/hoycordobaweb.com\/index.php\/2026\/01\/26\/paulinho-recordo-que-le-dijo-messi-en-pleno-argentina-brasil-antes-de-que-llegue-a-barcelona\/","title":{"rendered":"Paulinho record\u00f3 qu\u00e9 le dijo Messi en pleno Argentina &#8211; Brasil antes de que llegue a Barcelona"},"content":{"rendered":"<p><img src=\"http:\/\/hoycordobaweb.com\/wp-content\/uploads\/2026\/01\/paulinho-recordo-que-le-dijo-messi-en-pleno-argentina-brasil-antes-de-que-llegue-a-barcelona.jpg\"><\/p>\n<p><time class=\"createDate\" datetime=\"2026-01-26T16:23:31-03:00\">26\/01\/2026 16:23hs.<\/time><\/p>\n<div id=\"storyBody\">\n<div id=\"element-body-0\" class=\"sc-136cd478-0 ekTCfV\" readability=\"33.008595988539\">\n<p><strong><a href=\"https:\/\/www.ole.com.ar\/tema\/paulinho.html\" title=\"Paulinho\" alt=\"Paulinho\" class=\"slug\">Paulinho<\/a> record\u00f3 una an\u00e9cdota con <a href=\"https:\/\/www.ole.com.ar\/tema\/lionel-messi.html\" title=\"Lionel Messi\" alt=\"Lionel Messi\" class=\"slug\">Lionel Messi<\/a> que marc\u00f3 el inicio de su llegada al <a href=\"https:\/\/www.ole.com.ar\/tema\/barcelona.html\" title=\"Barcelona\" alt=\"Barcelona\" class=\"slug\">Barcelona<\/a><\/strong> en la temporada 2017-18. El mediocampista brasile\u00f1o ubic\u00f3 la escena en un amistoso entre Brasil y Argentina disputado en Australia, cuando todav\u00eda jugaba en el Guangzhou Evergrande y no hab\u00eda versiones p\u00fablicas sobre un inter\u00e9s del club catal\u00e1n.<\/p>\n<\/div>\n<div id=\"element-body-1\" class=\"sc-136cd478-0 ekTCfV\" readability=\"36\">\n<p><strong>\u00abEntonces \u00bfvamos a Barcelona o no?\u00bb<\/strong>, le lanz\u00f3 Leo a Paulinho. El brasile\u00f1o estaba parado junto a la pelota cuando Messi se acerc\u00f3 y se lo solt\u00f3. Seg\u00fan cont\u00f3 en The Players Tribune, la frase lo tom\u00f3 por sorpresa en plena cancha y le qued\u00f3 dando vueltas durante el resto del amistoso. <\/p>\n<\/div>\n<div id=\"element-body-2\" class=\"sc-136cd478-0 ekTCfV\" readability=\"38\">\n<p>Paulinho explic\u00f3 que al principio lo tom\u00f3 como una broma o una forma de distraerlo. La posibilidad de pasar al Barsa le parec\u00eda lejana, ya que su presente estaba en el f\u00fatbol chino y su nombre no aparec\u00eda en el radar del mercado europeo. <strong> \u00abNi siquiera tuve tiempo de pensar. Simplemente dije: &#8216;\u00a1Si queres llevarme, voy!&#8217;,<\/strong> agreg\u00f3.<\/p>\n<\/div>\n<div class=\"sc-e7b891c4-0 ifHnQL image-embed\" id=\"element-body-3\"><img alt=\"Paulinho con la selecci\u00f3n de Brasil en 2017. (foto: efe) \" loading=\"lazy\" width=\"720\" height=\"100\" decoding=\"async\" data-nimg=\"1\" src=\"http:\/\/hoycordobaweb.com\/wp-content\/uploads\/2026\/01\/paulinho-recordo-que-le-dijo-messi-en-pleno-argentina-brasil-antes-de-que-llegue-a-barcelona-2.jpg\"><span class=\"epigraphe\">Paulinho con la selecci\u00f3n de Brasil en 2017. (foto: efe) <\/span><\/div>\n<p><h2>Del vestuario al llamado<\/h2>\n<\/p>\n<div id=\"element-body-5\" class=\"sc-136cd478-0 ekTCfV\" readability=\"38\">\n<p>Despu\u00e9s del amistoso, el brasile\u00f1o busc\u00f3 una confirmaci\u00f3n. Llam\u00f3 a su representante para saber si hab\u00eda algo concreto detr\u00e1s del comentario. <strong>\u00abLlam\u00e9 a mi agente y le dije: &#8216;\u00a1Jefe, por Dios, me estoy volviendo loco! \u00a1Decime si esto es real o no!&#8217;,<\/strong> cont\u00f3.<\/p>\n<\/div>\n<div id=\"element-body-6\" class=\"sc-136cd478-0 ekTCfV\" readability=\"34\">\n<p>En ese sentido, continu\u00f3: <strong> \u00abEstaba tan desesperado que incluso pens\u00e9 en escribirle a Neymar para ver si sab\u00eda algo\u00bb<\/strong>. <\/p>\n<\/div>\n<div class=\"sc-e7b891c4-0 ifHnQL image-embed\" id=\"element-body-7\"><img alt=\"Paulinho y Nerymar con la selecci\u00f3n brasile\u00f1a. (foto: efe) \" loading=\"lazy\" width=\"720\" height=\"100\" decoding=\"async\" data-nimg=\"1\" src=\"http:\/\/hoycordobaweb.com\/wp-content\/uploads\/2026\/01\/paulinho-recordo-que-le-dijo-messi-en-pleno-argentina-brasil-antes-de-que-llegue-a-barcelona-3.jpg\"><span class=\"epigraphe\">Paulinho y Nerymar con la selecci\u00f3n brasile\u00f1a. (foto: efe) <\/span><\/div>\n<p><h2>La etapa en el Barcelona<\/h2>\n<\/p>\n<div id=\"element-body-9\" class=\"sc-136cd478-0 ekTCfV\" readability=\"37\">\n<p><strong>El pase se cerr\u00f3 en el verano europeo de 2017, cuando el Blaugrana <\/strong>desembols\u00f3 cerca de 40 millones de euros para sacarlo del Guangzhou Evergrande. En la temporada 2017-18, Paulinho disput\u00f3 34 partidos oficiales, convirti\u00f3 10 goles y dio 6 asistencias.<\/p>\n<\/div>\n<div id=\"element-body-10\" class=\"sc-136cd478-0 ekTCfV\" readability=\"34\">\n<p>Fue parte del plantel que gan\u00f3 La Liga y la Copa del Rey. Al final de la temporada, el club acord\u00f3 su regreso al f\u00fatbol chino por una cifra similar a la de su compra.<\/p>\n<\/div>\n<div id=\"element-body-11\" class=\"sc-136cd478-0 ekTCfV\" readability=\"39\">\n<p>Ya retirado, Paulinho volvi\u00f3 sobre ese cruce con Messi como el punto de partida de su paso por el Camp Nou. Una pregunta en medio de un amistoso, un llamado semanas despu\u00e9s y una etapa en uno de los clubes m\u00e1s grandes de Europa que, con el tiempo, se transform\u00f3 en uno de los recuerdos m\u00e1s claros de su carrera.<\/p>\n<\/div>\n<div id=\"element-body-12\" class=\"sc-a7166897-0 eoLsBE\" readability=\"31\">\n<section readability=\"2\"><picture><img alt=\"Sergio Ramos: inversi\u00f3n millonaria con un argentino para la compra del Sevilla\" loading=\"lazy\" width=\"290\" height=\"290\" decoding=\"async\" data-nimg=\"1\" src=\"http:\/\/hoycordobaweb.com\/wp-content\/uploads\/2026\/01\/paulinho-recordo-que-le-dijo-messi-en-pleno-argentina-brasil-antes-de-que-llegue-a-barcelona-4.jpg\"><\/picture>\n<p><span>Mir\u00e1 tambi\u00e9n<\/span><\/p>\n<hr>\n<h3>Sergio Ramos: inversi\u00f3n millonaria con un argentino para la compra del Sevilla<\/h3>\n<\/p>\n<\/section>\n<\/div>\n<div id=\"element-body-13\" class=\"sc-a7166897-0 eoLsBE\" readability=\"31\">\n<section readability=\"2\"><picture><img alt=\"Simeone acelera para tener a dos refuerzos \" loading=\"lazy\" width=\"290\" height=\"290\" decoding=\"async\" data-nimg=\"1\" src=\"http:\/\/hoycordobaweb.com\/wp-content\/uploads\/2026\/01\/paulinho-recordo-que-le-dijo-messi-en-pleno-argentina-brasil-antes-de-que-llegue-a-barcelona-5.jpg\"><\/picture>\n<p><span>Mir\u00e1 tambi\u00e9n<\/span><\/p>\n<hr>\n<h3>Simeone acelera para tener a dos refuerzos <\/h3>\n<\/p>\n<\/section>\n<\/div>\n<div id=\"element-body-14\" class=\"sc-a7166897-0 eoLsBE\" readability=\"31.5\">\n<section readability=\"3\"><picture><img alt=\"Con emoci\u00f3n, Anselmino se despidi\u00f3 de Dortmund y regresa al Chelsea\" loading=\"lazy\" width=\"290\" height=\"290\" decoding=\"async\" data-nimg=\"1\" src=\"http:\/\/hoycordobaweb.com\/wp-content\/uploads\/2026\/01\/paulinho-recordo-que-le-dijo-messi-en-pleno-argentina-brasil-antes-de-que-llegue-a-barcelona-6.jpg\"><\/picture>\n<p><span>Mir\u00e1 tambi\u00e9n<\/span><\/p>\n<hr>\n<h3>Con emoci\u00f3n, Anselmino se despidi\u00f3 de Dortmund y regresa al Chelsea<\/h3>\n<\/p>\n<\/section>\n<\/div>\n<\/div>\n","protected":false},"excerpt":{"rendered":"<p>26\/01\/2026 16:23hs. Paulinho record\u00f3 una an\u00e9cdota con Lionel Messi que marc\u00f3 el inicio de su llegada al Barcelona en la temporada 2017-18. El mediocampista brasile\u00f1o ubic\u00f3 la escena en un amistoso entre Brasil y Argentina disputado en Australia, cuando todav\u00eda jugaba en el Guangzhou Evergrande y no hab\u00eda versiones p\u00fablicas sobre un inter\u00e9s del club [&hellip;]<\/p>\n","protected":false},"author":1,"featured_media":129605,"comment_status":"open","ping_status":"closed","sticky":false,"template":"","format":"standard","meta":[],"categories":[16],"tags":[],"_links":{"self":[{"href":"http:\/\/hoycordobaweb.com\/index.php\/wp-json\/wp\/v2\/posts\/129604"}],"collection":[{"href":"http:\/\/hoycordobaweb.com\/index.php\/wp-json\/wp\/v2\/posts"}],"about":[{"href":"http:\/\/hoycordobaweb.com\/index.php\/wp-json\/wp\/v2\/types\/post"}],"author":[{"embeddable":true,"href":"http:\/\/hoycordobaweb.com\/index.php\/wp-json\/wp\/v2\/users\/1"}],"replies":[{"embeddable":true,"href":"http:\/\/hoycordobaweb.com\/index.php\/wp-json\/wp\/v2\/comments?post=129604"}],"version-history":[{"count":0,"href":"http:\/\/hoycordobaweb.com\/index.php\/wp-json\/wp\/v2\/posts\/129604\/revisions"}],"wp:featuredmedia":[{"embeddable":true,"href":"http:\/\/hoycordobaweb.com\/index.php\/wp-json\/wp\/v2\/media\/129605"}],"wp:attachment":[{"href":"http:\/\/hoycordobaweb.com\/index.php\/wp-json\/wp\/v2\/media?parent=129604"}],"wp:term":[{"taxonomy":"category","embeddable":true,"href":"http:\/\/hoycordobaweb.com\/index.php\/wp-json\/wp\/v2\/categories?post=129604"},{"taxonomy":"post_tag","embeddable":true,"href":"http:\/\/hoycordobaweb.com\/index.php\/wp-json\/wp\/v2\/tags?post=129604"}],"curies":[{"name":"wp","href":"https:\/\/api.w.org\/{rel}","templated":true}]}}