{"id":129602,"date":"2026-01-26T20:32:16","date_gmt":"2026-01-26T20:32:16","guid":{"rendered":"https:\/\/www.ole.com.ar\/futbol-internacional\/espana\/mastantuono-realmadrid-triunfo-confianza_0_Ko1u5jRO1x.html"},"modified":"2026-01-26T20:32:16","modified_gmt":"2026-01-26T20:32:16","slug":"mastantuono-de-me-voy-sintiendo-mejor-a-seria-hermoso-volver-a-river","status":"publish","type":"post","link":"http:\/\/hoycordobaweb.com\/index.php\/2026\/01\/26\/mastantuono-de-me-voy-sintiendo-mejor-a-seria-hermoso-volver-a-river\/","title":{"rendered":"Mastantuono: de \u00abme voy sintiendo mejor\u00bb a \u00abser\u00eda hermoso volver a River\u00bb"},"content":{"rendered":"<p><img src=\"http:\/\/hoycordobaweb.com\/wp-content\/uploads\/2026\/01\/mastantuono-de-me-voy-sintiendo-mejor-a-seria-hermoso-volver-a-river.jpg\"><\/p>\n<p><time class=\"createDate\" datetime=\"2026-01-26T17:32:16-03:00\">26\/01\/2026 17:32hs.<\/time><\/p>\n<div id=\"storyBody\">\n<div id=\"element-body-0\" class=\"sc-136cd478-0 ekTCfV\" readability=\"29.980815347722\">\n<p><strong><a href=\"https:\/\/www.ole.com.ar\/tema\/franco-mastantuono.html\" title=\"Franco Mastantuono\" alt=\"Franco Mastantuono\" class=\"slug\">Franco Mastantuono<\/a><\/strong> expuso su satisfacci\u00f3n luego de sus \u00faltimos dos partidos con el <strong><a href=\"https:\/\/www.ole.com.ar\/tema\/real-madrid.html\" title=\"Real Madrid\" alt=\"Real Madrid\" class=\"slug\">Real Madrid<\/a><\/strong>, la goleada 6 a 1 al Monaco (con un gol) y el triunfo 2 a 0 al Villarreal. En ambos juegos fue titular. \u201cPuede ser que sea mi mejor momento desde que llegu\u00e9\u201d, opin\u00f3. Tras la victoria ante los del Principado, se hab\u00eda defendido con frases contundentes: <a href=\"https:\/\/www.ole.com.ar\/futbol-internacional\/espana\/mastantuono-realmadrid-champions-bernabeu_0_9dAAkeWh65.html\" target=\"_self\" title=\"&quot;No me creo Messi ni la peor compra de la historia del club\" alt=\"&quot;No me creo Messi ni la peor compra de la historia del club\" rel=\"noopener noreferrer\">\u00abNo me creo Messi ni la peor compra de la historia del club<\/a>\u00ab.<\/p>\n<\/div>\n<div id=\"element-body-1\" class=\"sc-136cd478-0 ekTCfV\" readability=\"36\">\n<p>\u201cEs un buen momento para el equipo y para m\u00ed. <strong>Revertimos una situaci\u00f3n que ven\u00eda siendo complicada y estoy muy contento<\/strong> (&#8230;) Este a\u00f1o me he asentado mejor, <strong>me voy sintiendo cada vez mejor\u00bb<\/strong>, agreg\u00f3.<\/p>\n<\/div>\n<div id=\"element-body-2\" class=\"sc-136cd478-0 ekTCfV\" readability=\"35\">\n<p>\u00ab\u00c1lvaro Arbeloa y todo su cuerpo t\u00e9cnico me transmitieron mucha confianza. Eso es lo principal para un jugador. <strong>Estoy jugando un poco m\u00e1s suelto por eso y estoy totalmente agradecido\u00bb<\/strong>, argument\u00f3 sobre el entrenador que reemplaz\u00f3 a Xabi Alonso en el Merengue.<\/p>\n<\/div>\n<div id=\"element-body-3\" class=\"sc-136cd478-0 ekTCfV\" readability=\"40\">\n<p>Adem\u00e1s, valor\u00f3 el aporte de sus compa\u00f1eros. \u201cNo hace falta que lo diga por los jugadores que son, pero sobre todo yo me quedo con la persona, con lo humano: me han recibido muy bien. El d\u00eda a d\u00eda es muy importante para jugar al f\u00fatbol, y con ellos se hace muy f\u00e1cil\u00bb, afirm\u00f3 en di\u00e1logo con D Sports.<\/p>\n<\/div>\n<div class=\"sc-e7b891c4-0 ifHnQL image-embed\" id=\"element-body-4\"><img alt=\"Mastantuono en el partido ante el Villarreal \" loading=\"lazy\" width=\"720\" height=\"100\" decoding=\"async\" data-nimg=\"1\" src=\"http:\/\/hoycordobaweb.com\/wp-content\/uploads\/2026\/01\/mastantuono-de-me-voy-sintiendo-mejor-a-seria-hermoso-volver-a-river-2.jpg\"><span class=\"epigraphe\">Mastantuono en el partido ante el Villarreal <\/span><\/div>\n<div id=\"element-body-5\" class=\"sc-136cd478-0 ekTCfV\" readability=\"40\">\n<p>Esa mejora, consider\u00f3, tambi\u00e9n se debe a su evoluci\u00f3n f\u00edsica y la superaci\u00f3n de la pubalgia. \u201cFue un proceso largo\u2026 Es un dolor muy molesto que no se va\u201d, cont\u00f3. \u201cCon el trabajo de los doctores de ac\u00e1, que son una maravilla, me ayudaron mucho a estar bien hoy\u00bb, argument\u00f3.<\/p>\n<\/div>\n<div id=\"element-body-6\" class=\"sc-136cd478-0 ekTCfV\" readability=\"36\">\n<p>Mastantuono tambi\u00e9n habl\u00f3 de su referencia sudamericana dentro del vestuario blanco: Federico Valverde. \u201cFede es una persona incre\u00edble que me ayuda mucho y tratamos de hablar siempre. Compartimos muchas cosas juntos y es un placer para m\u00ed estar con \u00e9l (&#8230;) Salir los dos de Sudam\u00e9rica\u2026 es algo so\u00f1ado\u00bb, asegur\u00f3 el atacante.<\/p>\n<\/div>\n<div id=\"element-body-7\" class=\"sc-136cd478-0 ekTCfV\" readability=\"37\">\n<p><strong>\u201cEs mi sue\u00f1o ganar los torneos que quedan en el Madrid, <\/strong>la Liga, la Champions. Ser\u00eda una temporada so\u00f1ada para m\u00ed, la primera en el Madrid que podamos llegar a conseguir los objetivos\u201d, dijo.<\/p>\n<\/div>\n<div id=\"element-body-8\" class=\"sc-136cd478-0 ekTCfV\" readability=\"34.175572519084\">\n<p>Adem\u00e1s, marc\u00f3 el potencial que le dio debutar en la <strong><a href=\"https:\/\/www.ole.com.ar\/tema\/seleccion-argentina.html\" title=\"Selecci\u00f3n Argentina\" alt=\"Selecci\u00f3n Argentina\" class=\"slug\">Selecci\u00f3n Argentina<\/a><\/strong>. \u201cEntrar en un vestuario donde hab\u00edan ganado dos Copas Am\u00e9rica, un Mundial y la Finalissima es \u00fanico\u201d, cont\u00f3. \u201cLa humildad de esa gente para recibirme\u2026 un grupo incre\u00edble\u201d.<\/p>\n<\/div>\n<div id=\"element-body-9\" class=\"sc-136cd478-0 ekTCfV\" readability=\"36\">\n<p>\u00abSer\u00eda una temporada so\u00f1ada ganar todo con el Madrid y despu\u00e9s jugar un Mundial con mi Selecci\u00f3n. Obviamente, sue\u00f1o con estar y defender ese t\u00edtulo que mis compa\u00f1eros ganaron con mucho orgullo\u201d, se esperanz\u00f3.<\/p>\n<\/div>\n<div class=\"sc-e7b891c4-0 ifHnQL image-embed\" id=\"element-body-10\"><img alt=\"El festejo de su gol al Monaco.\" loading=\"lazy\" width=\"720\" height=\"100\" decoding=\"async\" data-nimg=\"1\" src=\"http:\/\/hoycordobaweb.com\/wp-content\/uploads\/2026\/01\/mastantuono-de-me-voy-sintiendo-mejor-a-seria-hermoso-volver-a-river-3.jpg\"><span class=\"epigraphe\">El festejo de su gol al Monaco.<\/span><\/div>\n<p><h2><strong>El recuerdo y la ilusi\u00f3n con River<\/strong><\/h2>\n<\/p>\n<div id=\"element-body-12\" class=\"sc-136cd478-0 ekTCfV\" readability=\"34\">\n<p>Mastantuono expuso su cari\u00f1o por River. \u201cSaca jugadores de mucha personalidad y calidad t\u00e9cnica. Le agradezco eternamente; <strong>es el club que amo con todo mi coraz\u00f3n\u201d<\/strong>, afirm\u00f3. <\/p>\n<\/div>\n<div id=\"element-body-13\" class=\"sc-136cd478-0 ekTCfV\" readability=\"33.920903954802\">\n<p>Y record\u00f3 la pol\u00e9mica por su salida: \u201cEntiendo el enojo de algunos hinchas. Fue una decisi\u00f3n dif\u00edcil, pero era la oportunidad de mi vida\u201d. El Real Madrid <a href=\"https:\/\/www.ole.com.ar\/futbol-internacional\/espana\/pago-real-madrid-franco-mastantuono_0_Fyt5LyC9Ro.html\" target=\"_self\" title=\" pag\u00f3 60 millones de euros por su pase\" alt=\" pag\u00f3 60 millones de euros por su pase\" rel=\"noopener noreferrer\"> pag\u00f3 60 millones de euros por su pase<\/a>. A los 45 millones de la cl\u00e1usula, se le agregaron impuestos. Tras esa venta, la dirigencia millonaria resolvi\u00f3 elevar las cl\u00e1usulas de los juveniles.<\/p>\n<\/div>\n<div id=\"element-body-14\" class=\"sc-136cd478-0 ekTCfV\" readability=\"34\">\n<p>\u00abSiempre ser\u00eda hermoso volver a River. Jugar en el Monumental con esa hinchada es algo \u00fanico\u00bb, confes\u00f3 Franco.<\/p>\n<\/div>\n<div id=\"element-body-15\" class=\"sc-a7166897-0 eoLsBE\" readability=\"31.5\">\n<section readability=\"3\"><picture><img alt=\"Flamengo, a un paso de concretar el fichaje de Paquet\u00e1\" loading=\"lazy\" width=\"290\" height=\"290\" decoding=\"async\" data-nimg=\"1\" src=\"http:\/\/hoycordobaweb.com\/wp-content\/uploads\/2026\/01\/mastantuono-de-me-voy-sintiendo-mejor-a-seria-hermoso-volver-a-river-4.jpg\"><\/picture>\n<p><span>Mir\u00e1 tambi\u00e9n<\/span><\/p>\n<hr>\n<h3>Flamengo, a un paso de concretar el fichaje de Paquet\u00e1<\/h3>\n<\/p>\n<\/section>\n<\/div>\n<div id=\"element-body-16\" class=\"sc-a7166897-0 eoLsBE\" readability=\"31.5\">\n<section readability=\"3\"><picture><img alt=\"Paulinho record\u00f3 qu\u00e9 le dijo Messi en pleno Argentina - Brasil antes de que llegue a Barcelona\" loading=\"lazy\" width=\"290\" height=\"290\" decoding=\"async\" data-nimg=\"1\" src=\"http:\/\/hoycordobaweb.com\/wp-content\/uploads\/2026\/01\/mastantuono-de-me-voy-sintiendo-mejor-a-seria-hermoso-volver-a-river-5.jpg\"><\/picture>\n<p><span>Mir\u00e1 tambi\u00e9n<\/span><\/p>\n<hr>\n<h3>Paulinho record\u00f3 qu\u00e9 le dijo Messi en pleno Argentina &#8211; Brasil antes de que llegue a Barcelona<\/h3>\n<\/p>\n<\/section>\n<\/div>\n<\/div>\n","protected":false},"excerpt":{"rendered":"<p>26\/01\/2026 17:32hs. Franco Mastantuono expuso su satisfacci\u00f3n luego de sus \u00faltimos dos partidos con el Real Madrid, la goleada 6 a 1 al Monaco (con un gol) y el triunfo 2 a 0 al Villarreal. En ambos juegos fue titular. \u201cPuede ser que sea mi mejor momento desde que llegu\u00e9\u201d, opin\u00f3. Tras la victoria ante [&hellip;]<\/p>\n","protected":false},"author":1,"featured_media":129603,"comment_status":"open","ping_status":"closed","sticky":false,"template":"","format":"standard","meta":[],"categories":[16],"tags":[],"_links":{"self":[{"href":"http:\/\/hoycordobaweb.com\/index.php\/wp-json\/wp\/v2\/posts\/129602"}],"collection":[{"href":"http:\/\/hoycordobaweb.com\/index.php\/wp-json\/wp\/v2\/posts"}],"about":[{"href":"http:\/\/hoycordobaweb.com\/index.php\/wp-json\/wp\/v2\/types\/post"}],"author":[{"embeddable":true,"href":"http:\/\/hoycordobaweb.com\/index.php\/wp-json\/wp\/v2\/users\/1"}],"replies":[{"embeddable":true,"href":"http:\/\/hoycordobaweb.com\/index.php\/wp-json\/wp\/v2\/comments?post=129602"}],"version-history":[{"count":0,"href":"http:\/\/hoycordobaweb.com\/index.php\/wp-json\/wp\/v2\/posts\/129602\/revisions"}],"wp:featuredmedia":[{"embeddable":true,"href":"http:\/\/hoycordobaweb.com\/index.php\/wp-json\/wp\/v2\/media\/129603"}],"wp:attachment":[{"href":"http:\/\/hoycordobaweb.com\/index.php\/wp-json\/wp\/v2\/media?parent=129602"}],"wp:term":[{"taxonomy":"category","embeddable":true,"href":"http:\/\/hoycordobaweb.com\/index.php\/wp-json\/wp\/v2\/categories?post=129602"},{"taxonomy":"post_tag","embeddable":true,"href":"http:\/\/hoycordobaweb.com\/index.php\/wp-json\/wp\/v2\/tags?post=129602"}],"curies":[{"name":"wp","href":"https:\/\/api.w.org\/{rel}","templated":true}]}}