{"id":129598,"date":"2026-01-26T19:33:12","date_gmt":"2026-01-26T19:33:12","guid":{"rendered":"https:\/\/www.ole.com.ar\/futbol-internacional\/america\/lucas-paqueta-flamengo-westham-flamengo-acuerdo-traspaso_0_0jkHOjqvgq.html"},"modified":"2026-01-26T19:33:12","modified_gmt":"2026-01-26T19:33:12","slug":"flamengo-a-un-paso-de-concretar-el-fichaje-de-paqueta","status":"publish","type":"post","link":"http:\/\/hoycordobaweb.com\/index.php\/2026\/01\/26\/flamengo-a-un-paso-de-concretar-el-fichaje-de-paqueta\/","title":{"rendered":"Flamengo, a un paso de concretar el fichaje de Paquet\u00e1"},"content":{"rendered":"<p><img src=\"http:\/\/hoycordobaweb.com\/wp-content\/uploads\/2026\/01\/flamengo-a-un-paso-de-concretar-el-fichaje-de-paqueta.jpg\"><\/p>\n<p><time class=\"createDate\" datetime=\"2026-01-26T16:33:12-03:00\">26\/01\/2026 16:33hs.<\/time><\/p>\n<div id=\"storyBody\">\n<div id=\"element-body-0\" class=\"sc-136cd478-0 ekTCfV\" readability=\"33.552795031056\">\n<p><strong><a href=\"https:\/\/www.ole.com.ar\/tema\/flamengo.html\" title=\"Flamengo\" alt=\"Flamengo\" class=\"slug\">Flamengo<\/a> est\u00e1 cada vez m\u00e1s cerca de concretar la llegada de <a href=\"https:\/\/www.ole.com.ar\/tema\/lucas-paqueta.html\" title=\"Lucas Paquet\u00e1\" alt=\"Lucas Paquet\u00e1\" class=\"slug\">Lucas Paquet\u00e1<\/a>.<\/strong> Entre el club brasile\u00f1o y el <strong><a href=\"https:\/\/www.ole.com.ar\/tema\/west-ham.html\" title=\"West Ham\" alt=\"West Ham\" class=\"slug\">West Ham<\/a> hay un acuerdo total en el valor del traspaso, una cifra superior a los 40 millones de euros.<\/strong> Sin embargo, a\u00fan discuten los detalles del pago para que el jugador pueda reforzar al equipo lo antes posible.<\/p>\n<\/div>\n<div id=\"element-body-1\" class=\"sc-136cd478-0 ekTCfV\" readability=\"38\">\n<p>En la dirigencia de Flamengo hay optimismo. Aunque el club ingl\u00e9s plante\u00f3 inicialmente recibir el pago en 18 meses, el conjunto carioca propuso un esquema m\u00e1s largo que comenz\u00f3 en 36 meses y luego se redujo a 24. Seg\u00fan fuentes cercanas al club, <strong>ambas partes est\u00e1n a detalles de llegar a un punto medio, con un pago inicial m\u00e1s elevado y cuotas m\u00e1s peque\u00f1as<\/strong> que faciliten la liberaci\u00f3n inmediata de Paquet\u00e1.<\/p>\n<\/div>\n<div class=\"sc-e7b891c4-0 ifHnQL image-embed\" id=\"element-body-2\"><img alt=\"Paquet\u00e1 en el West Ham. (foto: AFP) \" loading=\"lazy\" width=\"720\" height=\"100\" decoding=\"async\" data-nimg=\"1\" src=\"http:\/\/hoycordobaweb.com\/wp-content\/uploads\/2026\/01\/flamengo-a-un-paso-de-concretar-el-fichaje-de-paqueta-2.jpg\"><span class=\"epigraphe\">Paquet\u00e1 en el West Ham. (foto: AFP) <\/span><\/div>\n<p><h2><strong>Detalles del contrato y la llegada inmediata<\/strong><\/h2>\n<\/p>\n<div id=\"element-body-4\" class=\"sc-136cd478-0 ekTCfV\" readability=\"35\">\n<p><strong>El West Ham ya ha mostrado flexibilidad en varios aspectos, incluyendo la liberaci\u00f3n r\u00e1pida del jugador y un valor cercano al ofrecido <\/strong>por Flamengo. El acuerdo econ\u00f3mico est\u00e1 pr\u00e1cticamente cerrado y ahora solo faltan detalles formales. <\/p>\n<\/div>\n<div id=\"element-body-5\" class=\"sc-136cd478-0 ekTCfV\" readability=\"39\">\n<p>Paquet\u00e1 firmar\u00e1 un contrato por cuatro a\u00f1os, con un traspaso de 41,25 millones de euros, sin incluir posibles bonificaciones por rendimiento. El Mengao busca acelerar el proceso para que Paquet\u00e1 <strong>pueda estar disponible en la Supercopa de Brasil, en la que Flamengo ir\u00e1 contra Corinthians este domingo a las 16:00.<\/strong> La lesi\u00f3n de espalda que hab\u00eda tenido el jugador no deber\u00eda ser un impedimento para su debut.<\/p>\n<\/div>\n<div class=\"sc-e7b891c4-0 ifHnQL image-embed\" id=\"element-body-6\"><img alt=\"El jugador estar\u00eda a detalles de ser del Mengao. (foto: AP) \" loading=\"lazy\" width=\"720\" height=\"100\" decoding=\"async\" data-nimg=\"1\" src=\"http:\/\/hoycordobaweb.com\/wp-content\/uploads\/2026\/01\/flamengo-a-un-paso-de-concretar-el-fichaje-de-paqueta-3.jpg\"><span class=\"epigraphe\">El jugador estar\u00eda a detalles de ser del Mengao. (foto: AP) <\/span><\/div>\n<p><h2><strong>La presi\u00f3n del jugador y su recorrido<\/strong><\/h2>\n<\/p>\n<div id=\"element-body-8\" class=\"sc-136cd478-0 ekTCfV\" readability=\"35\">\n<p>La actitud de Paquet\u00e1 fue clave en la negociaci\u00f3n. <strong>El mediocampista presion\u00f3 al West Ham para conseguir su liberaci\u00f3n inmediata,<\/strong> algo que tambi\u00e9n se vio reflejado en que no particip\u00f3 de los \u00faltimos partidos del equipo ingl\u00e9s.<\/p>\n<\/div>\n<div id=\"element-body-9\" class=\"sc-136cd478-0 ekTCfV\" readability=\"36\">\n<p>Descubierto en las divisiones inferiores de Flamengo, Paquet\u00e1 debut\u00f3 en el primer equipo en 2016, se consolid\u00f3 como titular al a\u00f1o siguiente y luego emigr\u00f3 al Mil\u00e1n en 2019. Posteriormente jug\u00f3 en Lyon antes de llegar al West Ham en 2022. <\/p>\n<\/div>\n<div id=\"element-body-10\" class=\"sc-136cd478-0 ekTCfV\" readability=\"36\">\n<p>Su regreso al club brasile\u00f1o, de concretarse, ser\u00eda el fichaje m\u00e1s importante en la historia de un equipo de Brasil, superando incluso la transferencia de Gerson al Cruzeiro.<\/p>\n<\/div>\n<div id=\"element-body-11\" class=\"sc-a7166897-0 eoLsBE\" readability=\"31.5\">\n<section readability=\"3\"><picture><img alt=\"F\u00fatbol ingl\u00e9s en alerta: el 90% de los clubes proyecta p\u00e9rdidas por salarios en 2026\" loading=\"lazy\" width=\"290\" height=\"290\" decoding=\"async\" data-nimg=\"1\" src=\"http:\/\/hoycordobaweb.com\/wp-content\/uploads\/2026\/01\/flamengo-a-un-paso-de-concretar-el-fichaje-de-paqueta-4.jpg\"><\/picture>\n<p><span>Mir\u00e1 tambi\u00e9n<\/span><\/p>\n<hr>\n<h3>F\u00fatbol ingl\u00e9s en alerta: el 90% de los clubes proyecta p\u00e9rdidas por salarios en 2026<\/h3>\n<\/p>\n<\/section>\n<\/div>\n<div id=\"element-body-12\" class=\"sc-a7166897-0 eoLsBE\" readability=\"32.5\">\n<section readability=\"5\"><picture><img alt=\"Riquelme, Francescoli, Palermo y otras estrellas, en Conmebol\" loading=\"lazy\" width=\"290\" height=\"290\" decoding=\"async\" data-nimg=\"1\" src=\"http:\/\/hoycordobaweb.com\/wp-content\/uploads\/2026\/01\/flamengo-a-un-paso-de-concretar-el-fichaje-de-paqueta-5.jpg\"><\/picture>\n<p><span>Mir\u00e1 tambi\u00e9n<\/span><\/p>\n<hr>\n<h3>Riquelme, Francescoli, Palermo y otras estrellas, en Conmebol<\/h3>\n<\/p>\n<\/section>\n<\/div>\n<div id=\"element-body-13\" class=\"sc-a7166897-0 eoLsBE\" readability=\"31.5\">\n<section readability=\"3\"><picture><img alt=\"Oficial: Guido Rodr\u00edguez, nuevo jugador del Valencia\" loading=\"lazy\" width=\"290\" height=\"290\" decoding=\"async\" data-nimg=\"1\" src=\"http:\/\/hoycordobaweb.com\/wp-content\/uploads\/2026\/01\/flamengo-a-un-paso-de-concretar-el-fichaje-de-paqueta-6.jpg\"><\/picture>\n<p><span>Mir\u00e1 tambi\u00e9n<\/span><\/p>\n<hr>\n<h3>Oficial: Guido Rodr\u00edguez, nuevo jugador del Valencia<\/h3>\n<\/p>\n<\/section>\n<\/div>\n<\/div>\n","protected":false},"excerpt":{"rendered":"<p>26\/01\/2026 16:33hs. Flamengo est\u00e1 cada vez m\u00e1s cerca de concretar la llegada de Lucas Paquet\u00e1. Entre el club brasile\u00f1o y el West Ham hay un acuerdo total en el valor del traspaso, una cifra superior a los 40 millones de euros. Sin embargo, a\u00fan discuten los detalles del pago para que el jugador pueda reforzar [&hellip;]<\/p>\n","protected":false},"author":1,"featured_media":129599,"comment_status":"open","ping_status":"closed","sticky":false,"template":"","format":"standard","meta":[],"categories":[16],"tags":[],"_links":{"self":[{"href":"http:\/\/hoycordobaweb.com\/index.php\/wp-json\/wp\/v2\/posts\/129598"}],"collection":[{"href":"http:\/\/hoycordobaweb.com\/index.php\/wp-json\/wp\/v2\/posts"}],"about":[{"href":"http:\/\/hoycordobaweb.com\/index.php\/wp-json\/wp\/v2\/types\/post"}],"author":[{"embeddable":true,"href":"http:\/\/hoycordobaweb.com\/index.php\/wp-json\/wp\/v2\/users\/1"}],"replies":[{"embeddable":true,"href":"http:\/\/hoycordobaweb.com\/index.php\/wp-json\/wp\/v2\/comments?post=129598"}],"version-history":[{"count":0,"href":"http:\/\/hoycordobaweb.com\/index.php\/wp-json\/wp\/v2\/posts\/129598\/revisions"}],"wp:featuredmedia":[{"embeddable":true,"href":"http:\/\/hoycordobaweb.com\/index.php\/wp-json\/wp\/v2\/media\/129599"}],"wp:attachment":[{"href":"http:\/\/hoycordobaweb.com\/index.php\/wp-json\/wp\/v2\/media?parent=129598"}],"wp:term":[{"taxonomy":"category","embeddable":true,"href":"http:\/\/hoycordobaweb.com\/index.php\/wp-json\/wp\/v2\/categories?post=129598"},{"taxonomy":"post_tag","embeddable":true,"href":"http:\/\/hoycordobaweb.com\/index.php\/wp-json\/wp\/v2\/tags?post=129598"}],"curies":[{"name":"wp","href":"https:\/\/api.w.org\/{rel}","templated":true}]}}