{"id":129596,"date":"2026-01-26T19:40:35","date_gmt":"2026-01-26T19:40:35","guid":{"rendered":"https:\/\/www.ole.com.ar\/boca-juniors\/boca-mensaje-ander-herrera-2026-video-hijas-bombonera_0_fXkVmslmEP.html"},"modified":"2026-01-26T19:40:35","modified_gmt":"2026-01-26T19:40:35","slug":"el-mensaje-de-ander-herrera-por-el-triunfo-de-boca-sobre-riestra","status":"publish","type":"post","link":"http:\/\/hoycordobaweb.com\/index.php\/2026\/01\/26\/el-mensaje-de-ander-herrera-por-el-triunfo-de-boca-sobre-riestra\/","title":{"rendered":"El mensaje de Ander Herrera por el triunfo de Boca sobre Riestra"},"content":{"rendered":"<p><img src=\"http:\/\/hoycordobaweb.com\/wp-content\/uploads\/2026\/01\/el-mensaje-de-ander-herrera-por-el-triunfo-de-boca-sobre-riestra.jpg\"><\/p>\n<p><time class=\"createDate\" datetime=\"2026-01-26T16:40:35-03:00\">26\/01\/2026 16:40hs.<\/time><\/p>\n<div id=\"storyBody\">\n<div id=\"element-body-0\" class=\"sc-136cd478-0 ekTCfV\" readability=\"38.294849023091\">\n<p>Dentro del plantel de <strong><a href=\"https:\/\/www.ole.com.ar\/tema\/boca-juniors.html\" title=\"Boca Juniors\" alt=\"Boca Juniors\" class=\"slug\">Boca<\/a> <\/strong>hab\u00eda varios jugadores que en este 2026 buscaban mostrar una cara distinta despu\u00e9s de un 2025 irregular. Entre ellos aparece <strong><a href=\"https:\/\/www.ole.com.ar\/tema\/ander-herrera.html\" title=\"Ander Herrera\" alt=\"Ander Herrera\" class=\"slug\">Ander Herrera<\/a><\/strong>, que intent\u00f3 dejar atr\u00e1s un a\u00f1o marcado por las lesiones y que hab\u00eda cerrado sumando minutos. Tras necesitar solo unos d\u00edas para pensar en Espa\u00f1a, decidi\u00f3 apostar por una segunda oportunidad en el Xeneize. Y, por ahora, la respuesta viene siendo positiva: <strong>buenos rendimientos en la pretemporada, un s\u00f3lido partido ante <a href=\"https:\/\/www.ole.com.ar\/tema\/riestra.html\" title=\"Riestra\" alt=\"Riestra\" class=\"slug\">Riestra<\/a> y un mensaje claro de cara a un a\u00f1o cargado <\/strong>de competencia.<\/p>\n<\/div>\n<div id=\"element-body-1\" class=\"sc-136cd478-0 ekTCfV\" readability=\"37\">\n<p>El Vasco, que en este 2026 tambi\u00e9n busca cumplir otro sue\u00f1o con Boca como es jugar la Copa Libertadores, dej\u00f3 su mensaje tras el triunfo: <strong>\u201cEmpezamos el 2026 de la mejor manera\u201d, acompa\u00f1ado por dos corazones azul y oro.<\/strong><\/p>\n<\/div>\n<div class=\"sc-e7b891c4-0 ifHnQL image-embed\" id=\"element-body-2\"><img alt=\"El Vasco celebr\u00f3 arrancar el a\u00f1o con un triunfo.\" loading=\"lazy\" width=\"720\" height=\"100\" decoding=\"async\" data-nimg=\"1\" src=\"http:\/\/hoycordobaweb.com\/wp-content\/uploads\/2026\/01\/el-mensaje-de-ander-herrera-por-el-triunfo-de-boca-sobre-riestra-2.jpg\"><span class=\"epigraphe\">El Vasco celebr\u00f3 arrancar el a\u00f1o con un triunfo.<\/span><\/div>\n<p><h2><strong>La marca que logr\u00f3 contra Riestra<\/strong><\/h2>\n<\/p>\n<div id=\"element-body-4\" class=\"sc-136cd478-0 ekTCfV\" readability=\"39\">\n<p>Y ese mensaje no solo refleja el arranque con el pie derecho en el Apertura, sino tambi\u00e9n un logro personal. Ante el Guapo, <strong>Herrera fue titular y complet\u00f3 su partido con m\u00e1s minutos desde que lleg\u00f3 al club: 79\u2019 (su anterior marcar hab\u00eda sido 75&#8242;). <\/strong>Luego pidi\u00f3 el cambio, lo que gener\u00f3 cierta preocupaci\u00f3n, pero el propio jugador aclar\u00f3 que fue por cansancio y no por una molestia muscular. L\u00f3gico despu\u00e9s de tanto sin jugar esa cantidad de minutos.<\/p>\n<\/div>\n<p><h2><strong>El paseo en la Bombonera con su familia<\/strong><\/h2>\n<\/p>\n<div id=\"element-body-6\" class=\"sc-136cd478-0 ekTCfV\" readability=\"36.547770700637\">\n<p>Pero la jornada no termin\u00f3 ah\u00ed para Ander. Despu\u00e9s del triunfo y el festejo en redes, <strong>el mediocampista comparti\u00f3 un momento especial junto a su pareja y sus tres hijos, recorriendo el c\u00e9sped de <a href=\"https:\/\/www.ole.com.ar\/tema\/la-bombonera.html\" title=\"La Bombonera\" alt=\"La Bombonera\" class=\"slug\">la Bombonera<\/a><\/strong>y disfrutando del estadio vac\u00edo, en una postal familiar que cerr\u00f3 una noche redonda para el espa\u00f1ol.<\/p>\n<\/div>\n<div class=\"sc-e7b891c4-0 ifHnQL image-embed\" id=\"element-body-7\"><img alt=\"El paseo familia de Ander y su familia despu\u00e9s de la victoria.\" loading=\"lazy\" width=\"720\" height=\"100\" decoding=\"async\" data-nimg=\"1\" src=\"http:\/\/hoycordobaweb.com\/wp-content\/uploads\/2026\/01\/el-mensaje-de-ander-herrera-por-el-triunfo-de-boca-sobre-riestra-3.jpg\"><span class=\"epigraphe\">El paseo familia de Ander y su familia despu\u00e9s de la victoria.<\/span><\/div>\n<div id=\"element-body-8\" class=\"sc-a7166897-0 eoLsBE\" readability=\"31.5\">\n<section readability=\"3\"><picture><img alt=\"Cinco particularidades y an\u00e9cdotas top de Ascacibar, cerca de Boca\" loading=\"lazy\" width=\"290\" height=\"290\" decoding=\"async\" data-nimg=\"1\" src=\"http:\/\/hoycordobaweb.com\/wp-content\/uploads\/2026\/01\/el-mensaje-de-ander-herrera-por-el-triunfo-de-boca-sobre-riestra-4.jpg\"><\/picture>\n<p><span>Mir\u00e1 tambi\u00e9n<\/span><\/p>\n<hr>\n<h3>Cinco particularidades y an\u00e9cdotas top de Ascacibar, cerca de Boca<\/h3>\n<\/p>\n<\/section>\n<\/div>\n<div id=\"element-body-9\" class=\"sc-a7166897-0 eoLsBE\" readability=\"31\">\n<section readability=\"2\"><picture><img alt=\"Se confirm\u00f3 la nueva lesi\u00f3n de Velasco: dos meses afuera por la rodilla\" loading=\"lazy\" width=\"290\" height=\"290\" decoding=\"async\" data-nimg=\"1\" src=\"http:\/\/hoycordobaweb.com\/wp-content\/uploads\/2026\/01\/el-mensaje-de-ander-herrera-por-el-triunfo-de-boca-sobre-riestra-5.jpg\"><\/picture>\n<p><span>Mir\u00e1 tambi\u00e9n<\/span><\/p>\n<hr>\n<h3>Se confirm\u00f3 la nueva lesi\u00f3n de Velasco: dos meses afuera por la rodilla<\/h3>\n<\/p>\n<\/section>\n<\/div>\n<div id=\"element-body-10\" class=\"sc-a7166897-0 eoLsBE\" readability=\"31\">\n<section readability=\"2\"><picture><img alt=\"Cavani hizo f\u00fatbol y se anota para el partido con Estudiantes\" loading=\"lazy\" width=\"290\" height=\"290\" decoding=\"async\" data-nimg=\"1\" src=\"http:\/\/hoycordobaweb.com\/wp-content\/uploads\/2026\/01\/el-mensaje-de-ander-herrera-por-el-triunfo-de-boca-sobre-riestra-6.jpg\"><\/picture>\n<p><span>Mir\u00e1 tambi\u00e9n<\/span><\/p>\n<hr>\n<h3>Cavani hizo f\u00fatbol y se anota para el partido con Estudiantes<\/h3>\n<\/p>\n<\/section>\n<\/div>\n<div id=\"element-body-11\" class=\"sc-a7166897-0 eoLsBE\" readability=\"31\">\n<section readability=\"2\"><picture><img alt=\"La respuesta de Paredes ante el pedido de Riquelme de \u201cdarle t\u00edtulos al hincha\u201d\" loading=\"lazy\" width=\"290\" height=\"290\" decoding=\"async\" data-nimg=\"1\" src=\"http:\/\/hoycordobaweb.com\/wp-content\/uploads\/2026\/01\/el-mensaje-de-ander-herrera-por-el-triunfo-de-boca-sobre-riestra-7.jpg\"><\/picture>\n<p><span>Mir\u00e1 tambi\u00e9n<\/span><\/p>\n<hr>\n<h3>La respuesta de Paredes ante el pedido de Riquelme de \u201cdarle t\u00edtulos al hincha\u201d<\/h3>\n<\/p>\n<\/section>\n<\/div>\n<div id=\"element-body-12\" class=\"sc-a7166897-0 eoLsBE\" readability=\"31.5\">\n<section readability=\"3\"><picture><img alt=\"Ubeda, de la &quot;paciencia&quot; que tuvo Boca al pase de Ascacibar: &quot;Tiene jerarqu\u00eda&quot;\" loading=\"lazy\" width=\"290\" height=\"290\" decoding=\"async\" data-nimg=\"1\" src=\"http:\/\/hoycordobaweb.com\/wp-content\/uploads\/2026\/01\/el-mensaje-de-ander-herrera-por-el-triunfo-de-boca-sobre-riestra-8.jpg\"><\/picture>\n<p><span>Mir\u00e1 tambi\u00e9n<\/span><\/p>\n<hr>\n<h3>Ubeda, de la \u00abpaciencia\u00bb que tuvo Boca al pase de Ascacibar: \u00abTiene jerarqu\u00eda\u00bb<\/h3>\n<\/p>\n<\/section>\n<\/div>\n<div id=\"element-body-13\" class=\"sc-a7166897-0 eoLsBE\" readability=\"31\">\n<section readability=\"2\"><picture><img alt=\"El colmo de Boca: cuarto delantero lesionado\" loading=\"lazy\" width=\"290\" height=\"290\" decoding=\"async\" data-nimg=\"1\" src=\"http:\/\/hoycordobaweb.com\/wp-content\/uploads\/2026\/01\/el-mensaje-de-ander-herrera-por-el-triunfo-de-boca-sobre-riestra-9.jpg\"><\/picture>\n<p><span>Mir\u00e1 tambi\u00e9n<\/span><\/p>\n<hr>\n<h3>El colmo de Boca: cuarto delantero lesionado<\/h3>\n<\/p>\n<\/section>\n<\/div>\n<div id=\"element-body-14\" class=\"sc-a7166897-0 eoLsBE\" readability=\"31\">\n<section readability=\"2\"><picture><img alt=\"El uno por uno del triunfo de Boca vs. Riestra en el debut del torneo Apertura\" loading=\"lazy\" width=\"290\" height=\"290\" decoding=\"async\" data-nimg=\"1\" src=\"http:\/\/hoycordobaweb.com\/wp-content\/uploads\/2026\/01\/el-mensaje-de-ander-herrera-por-el-triunfo-de-boca-sobre-riestra-10.jpg\"><\/picture>\n<p><span>Mir\u00e1 tambi\u00e9n<\/span><\/p>\n<hr>\n<h3>El uno por uno del triunfo de Boca vs. Riestra en el debut del torneo Apertura<\/h3>\n<\/p>\n<\/section>\n<\/div>\n<div id=\"element-body-15\" class=\"sc-a7166897-0 eoLsBE\" readability=\"31.5\">\n<section readability=\"3\"><picture><img alt=\"Por una cabeza, Boca le gan\u00f3 un partido muy chivo a Deportivo Riestra\" loading=\"lazy\" width=\"290\" height=\"290\" decoding=\"async\" data-nimg=\"1\" src=\"http:\/\/hoycordobaweb.com\/wp-content\/uploads\/2026\/01\/el-mensaje-de-ander-herrera-por-el-triunfo-de-boca-sobre-riestra-11.jpg\"><\/picture>\n<p><span>Mir\u00e1 tambi\u00e9n<\/span><\/p>\n<hr>\n<h3>Por una cabeza, Boca le gan\u00f3 un partido muy chivo a Deportivo Riestra<\/h3>\n<\/p>\n<\/section>\n<\/div>\n<\/div>\n","protected":false},"excerpt":{"rendered":"<p>26\/01\/2026 16:40hs. Dentro del plantel de Boca hab\u00eda varios jugadores que en este 2026 buscaban mostrar una cara distinta despu\u00e9s de un 2025 irregular. Entre ellos aparece Ander Herrera, que intent\u00f3 dejar atr\u00e1s un a\u00f1o marcado por las lesiones y que hab\u00eda cerrado sumando minutos. Tras necesitar solo unos d\u00edas para pensar en Espa\u00f1a, decidi\u00f3 [&hellip;]<\/p>\n","protected":false},"author":1,"featured_media":129597,"comment_status":"open","ping_status":"closed","sticky":false,"template":"","format":"standard","meta":[],"categories":[16],"tags":[],"_links":{"self":[{"href":"http:\/\/hoycordobaweb.com\/index.php\/wp-json\/wp\/v2\/posts\/129596"}],"collection":[{"href":"http:\/\/hoycordobaweb.com\/index.php\/wp-json\/wp\/v2\/posts"}],"about":[{"href":"http:\/\/hoycordobaweb.com\/index.php\/wp-json\/wp\/v2\/types\/post"}],"author":[{"embeddable":true,"href":"http:\/\/hoycordobaweb.com\/index.php\/wp-json\/wp\/v2\/users\/1"}],"replies":[{"embeddable":true,"href":"http:\/\/hoycordobaweb.com\/index.php\/wp-json\/wp\/v2\/comments?post=129596"}],"version-history":[{"count":0,"href":"http:\/\/hoycordobaweb.com\/index.php\/wp-json\/wp\/v2\/posts\/129596\/revisions"}],"wp:featuredmedia":[{"embeddable":true,"href":"http:\/\/hoycordobaweb.com\/index.php\/wp-json\/wp\/v2\/media\/129597"}],"wp:attachment":[{"href":"http:\/\/hoycordobaweb.com\/index.php\/wp-json\/wp\/v2\/media?parent=129596"}],"wp:term":[{"taxonomy":"category","embeddable":true,"href":"http:\/\/hoycordobaweb.com\/index.php\/wp-json\/wp\/v2\/categories?post=129596"},{"taxonomy":"post_tag","embeddable":true,"href":"http:\/\/hoycordobaweb.com\/index.php\/wp-json\/wp\/v2\/tags?post=129596"}],"curies":[{"name":"wp","href":"https:\/\/api.w.org\/{rel}","templated":true}]}}