{"id":129594,"date":"2026-01-26T19:56:13","date_gmt":"2026-01-26T19:56:13","guid":{"rendered":"https:\/\/www.ole.com.ar\/boca-juniors\/rodrigo-battaglia-lesion-operacion-recuperacion-varios-meses-afuera-claudio-ubeda_0_wILKVF4q9p.html"},"modified":"2026-01-26T19:56:13","modified_gmt":"2026-01-26T19:56:13","slug":"boca-pierde-una-pieza-clave-ubeda-confirmo-la-intervencion-quirurgica-de-un-jugador","status":"publish","type":"post","link":"http:\/\/hoycordobaweb.com\/index.php\/2026\/01\/26\/boca-pierde-una-pieza-clave-ubeda-confirmo-la-intervencion-quirurgica-de-un-jugador\/","title":{"rendered":"Boca pierde una pieza clave: Ubeda confirm\u00f3 la intervenci\u00f3n quir\u00fargica de un jugador"},"content":{"rendered":"<p><img src=\"http:\/\/hoycordobaweb.com\/wp-content\/uploads\/2026\/01\/boca-pierde-una-pieza-clave-ubeda-confirmo-la-intervencion-quirurgica-de-un-jugador.jpg\"><\/p>\n<p><time class=\"createDate\" datetime=\"2026-01-26T16:56:13-03:00\">26\/01\/2026 16:56hs.<\/time><\/p>\n<div id=\"storyBody\">\n<div id=\"element-body-0\" class=\"sc-136cd478-0 ekTCfV\" readability=\"26.184701492537\">\n<p>La mezcla de sensaciones y sabores despu\u00e9s de la victoria contra Riestra es total. Si el 1-0 en el debut en el torneo Apertura no termina de ser redondo para <strong><a href=\"https:\/\/www.ole.com.ar\/tema\/boca-juniors.html\" title=\"Boca Juniors\" alt=\"Boca Juniors\" class=\"slug\">Boca<\/a><\/strong>es porque las primeras noticias de este lunes no fueron las mejores. En la vuelta a las pr\u00e1cticas en Ezeiza <strong><a href=\"https:\/\/www.ole.com.ar\/boca-juniors\/boca-alan-velasco-molestia-rodilla-izquierda-hielo-duda-estudiantes_0_jzZRburVlo.html\" target=\"_self\" title=\"se confirm\u00f3 la grave lesi\u00f3n de Alan Velasco en la rodilla que lo dejar\u00eda al menos dos meses afuera\" alt=\"se confirm\u00f3 la grave lesi\u00f3n de Alan Velasco en la rodilla que lo dejar\u00eda al menos dos meses afuera\" rel=\"noopener noreferrer\">se confirm\u00f3 la grave lesi\u00f3n de Alan Velasco en la rodilla que lo dejar\u00eda al menos dos meses afuera<\/a><\/strong> y antes de eso fue el propio <strong><a href=\"https:\/\/www.ole.com.ar\/tema\/claudio-ubeda.html\" title=\"Claudio Ubeda\" alt=\"Claudio Ubeda\" class=\"slug\">Claudio Ubeda<\/a><\/strong> el que revel\u00f3 que <strong><a href=\"https:\/\/www.ole.com.ar\/tema\/rodrigo-battaglia.html\" title=\"Rodrigo Battaglia\" alt=\"Rodrigo Battaglia\" class=\"slug\">Rodrigo Battaglia<\/a> tendr\u00e1 que operarse y se perder\u00eda casi toda la temporada. Baldazo de agua fr\u00eda.<\/strong><\/p>\n<\/div>\n<div id=\"element-body-1\" class=\"sc-136cd478-0 ekTCfV\" readability=\"37\">\n<p><strong>\u00abLo de Rodrigo (Battaglia) es quir\u00fargico, es una baja importante no s\u00f3lo por lo que nos puede dar futbol\u00edsticamente, sino por su personalidad y su forma de ser en el grupo. Lo vamos a sentir\u00bb,<\/strong> confes\u00f3 el DT de Boca despu\u00e9s del partido contra Riestra.<\/p>\n<\/div>\n<div id=\"element-body-2\" class=\"sc-136cd478-0 ekTCfV\" readability=\"38\">\n<p>El mediocampista de 34 a\u00f1os que lleg\u00f3 desde Atl\u00e9tico Mineiro el a\u00f1o pasado hab\u00eda comenzado con los dolores a fines del 2025. <strong> \u00abTendinopat\u00eda insercional del tend\u00f3n de Aquiles\u00bb<\/strong>, fue el primer diagn\u00f3stico de los m\u00e9dicos del club. Y si bien en un primer momento pensaron que pod\u00eda recuperarse sin necesidad de una intervenci\u00f3n, <strong> el dolor persistente en el jugador y la poca evoluci\u00f3n en estas semanas, hicieron tomar esta decisi\u00f3n.<\/strong><\/p>\n<\/div>\n<p><h2><strong>DE SEIS A OCHO MESES, LA RECUPERACI\u00d3N DE BATTAGLIA<\/strong><\/h2>\n<\/p>\n<div id=\"element-body-4\" class=\"sc-136cd478-0 ekTCfV\" readability=\"39\">\n<p>En principio, <strong>la recuperaci\u00f3n de Battaglia le demandar\u00eda entre seis y ocho meses, con lo que estar\u00eda afuera la mayor parte de la competencia.<\/strong> Sin dudas, una baja de mucho peso para Ubeda, que pierde a un futbolista que si bien no ven\u00eda siendo titular puede ocupar varios roles y darle soluciones en diferetes sectores del campo.<\/p>\n<\/div>\n<div class=\"sc-e7b891c4-0 ifHnQL image-embed\" id=\"element-body-5\"><img alt=\"Rodrigo Battaglia ser\u00e1 intervenido quir\u00fagicamente en el tend\u00f3n de Aquiles y tendr\u00e1 al menos entre seis y ocho meses de recuperaci\u00f3n (Prensa Boca).\" loading=\"lazy\" width=\"720\" height=\"100\" decoding=\"async\" data-nimg=\"1\" src=\"http:\/\/hoycordobaweb.com\/wp-content\/uploads\/2026\/01\/boca-pierde-una-pieza-clave-ubeda-confirmo-la-intervencion-quirurgica-de-un-jugador-2.jpg\"><span class=\"epigraphe\">Rodrigo Battaglia ser\u00e1 intervenido quir\u00fagicamente en el tend\u00f3n de Aquiles y tendr\u00e1 al menos entre seis y ocho meses de recuperaci\u00f3n (Prensa Boca).<\/span><\/div>\n<div id=\"element-body-6\" class=\"sc-136cd478-0 ekTCfV\" readability=\"37.116991643454\">\n<p>De hecho, apenas lleg\u00f3, el ex Hurac\u00e1n y Racing <strong>empez\u00f3 jugando de marcador central de la mano de <a href=\"https:\/\/www.ole.com.ar\/tema\/miguel-angel-russo.html\" title=\"Miguel Angel Russo\" alt=\"Miguel Angel Russo\" class=\"slug\">Miguel \u00c1ngel Russo<\/a>.<\/strong> En esa posici\u00f3n disput\u00f3, por ejemplo, el Mundial de Clubes de Estados Unidos y hasta le convirti\u00f3 un gol al Benfica en el debut de Boca. Despu\u00e9s, <strong>casi que por pedido de <a href=\"https:\/\/www.ole.com.ar\/tema\/leandro-paredes.html\" title=\"Leandro Paredes\" alt=\"Leandro Paredes\" class=\"slug\">Leandro Paredes<\/a>, se mud\u00f3 al mediocampo para conformar el doble 5.<\/strong><\/p>\n<\/div>\n<div id=\"element-body-7\" class=\"sc-136cd478-0 ekTCfV\" readability=\"38.624078624079\">\n<p>Y no le fue mal, aunque <strong> tampoco terminar\u00eda de lograr continuidad en ese puesto porque primero se lesion\u00f3 y despu\u00e9s termin\u00f3 perdiendo el puesto con <a href=\"https:\/\/www.ole.com.ar\/tema\/milton-delgado.html\" title=\"Milton Delgado\" alt=\"Milton Delgado\" class=\"slug\">Milton Delgado<\/a>. <\/strong>Pudo volver, s\u00ed, pero sum\u00f3 apenas 18&#8242; en tres partidos (Talleres, Argentinos y Racing), pero luego comenzaron fuertes os dolores en el Tal\u00f3n de Aquiles y termin\u00f3 el 2025 a pura evoluci\u00f3n; y de hecho empez\u00f3 este a\u00f1o de la misma forma.<\/p>\n<\/div>\n<div id=\"element-body-8\" class=\"sc-136cd478-0 ekTCfV\" readability=\"25.414012738854\">\n<p>En parte, es por esta decisi\u00f3n de la operaci\u00f3n que en parte <strong><a href=\"https:\/\/www.ole.com.ar\/boca-juniors\/boca-quiere-cerrar-ascacibar-nueva-oferta-optimismo_0_RRlmVTAPdy.html\" target=\"_self\" title=\"Boca opt\u00f3 por ir en busca de otro mediocampista y aceler\u00f3 en los \u00faltimos d\u00edas por Santiago Ascacibar\" alt=\"Boca opt\u00f3 por ir en busca de otro mediocampista y aceler\u00f3 en los \u00faltimos d\u00edas por Santiago Ascacibar\" rel=\"noopener noreferrer\">Boca opt\u00f3 por ir en busca de otro mediocampista y aceler\u00f3 en los \u00faltimos d\u00edas por Santiago Ascacibar<\/a><\/strong>, m\u00e1s all\u00e1 de que el Ruso no juega precisamente de lo mismo que Battaglia, que por lo visto tendr\u00e1 que dedicar el 2026 a una larga recuperaci\u00f3n.<\/p>\n<\/div>\n<div id=\"element-body-9\" class=\"sc-3c5a76cc-1 idjLTd\">\n<div class=\"JWvideoNota_title\">\n<p>Video: ESPN<\/p>\n<\/div>\n<\/div>\n<p><h2><strong>EL CASO DE MILTON GIM\u00c9NEZ, \u00bfES OPERABLE TAMBI\u00c9N?<\/strong><\/h2>\n<\/p>\n<div id=\"element-body-11\" class=\"sc-136cd478-0 ekTCfV\" readability=\"36.240740740741\">\n<p>Antes de esta confirmaci\u00f3n de Ubeda sobre Battaglia, tambi\u00e9n hab\u00eda trascendido que el otro que podr\u00eda ser intervenido quir\u00fargicamente es <strong><a href=\"https:\/\/www.ole.com.ar\/tema\/milton-gimenez.html\" title=\"Milton Gim\u00e9nez\" alt=\"Milton Gim\u00e9nez\" class=\"slug\">Milton Gim\u00e9nez<\/a><\/strong>. <strong>El delantero de 29 a\u00f1os disput\u00f3 el \u00faltimo partido del 2025 contra Racing y desde ese momento no pudo volver a entrenarse con normalidad, menos jugar, claro est\u00e1.<\/strong><\/p>\n<\/div>\n<div id=\"element-body-12\" class=\"sc-136cd478-0 ekTCfV\" readability=\"38\">\n<p>Sin embargo, por ahora el Sif\u00f3n no habl\u00f3 de operaci\u00f3n&#8230; <strong>\u00abLos dem\u00e1s est\u00e1n en etapa de recuperaci\u00f3n, est\u00e1n en etapas distintas. Espero que se sumen r\u00e1pido y que la tenga dif\u00edcil yo para decidir qui\u00e9n juega\u00bb,<\/strong> cont\u00f3 el t\u00e9cnico, que de igual manera todav\u00eda no puede contar con uno de los 9.<\/p>\n<\/div>\n<div class=\"sc-e7b891c4-0 ifHnQL image-embed\" id=\"element-body-13\"><img alt=\"Pubalgia para Mitlon Gim\u00e9nez, que en lo va del a\u00f1o todav\u00eda no pudo trabajar con normalidad (Prensa Boca).\" loading=\"lazy\" width=\"720\" height=\"100\" decoding=\"async\" data-nimg=\"1\" src=\"http:\/\/hoycordobaweb.com\/wp-content\/uploads\/2026\/01\/boca-pierde-una-pieza-clave-ubeda-confirmo-la-intervencion-quirurgica-de-un-jugador-3.jpg\"><span class=\"epigraphe\">Pubalgia para Mitlon Gim\u00e9nez, que en lo va del a\u00f1o todav\u00eda no pudo trabajar con normalidad (Prensa Boca).<\/span><\/div>\n<div id=\"element-body-14\" class=\"sc-a7166897-0 eoLsBE\" readability=\"31\">\n<section readability=\"2\"><picture><img alt=\"La respuesta de Paredes ante el pedido de Riquelme de \u201cdarle t\u00edtulos al hincha\u201d\" loading=\"lazy\" width=\"290\" height=\"290\" decoding=\"async\" data-nimg=\"1\" src=\"http:\/\/hoycordobaweb.com\/wp-content\/uploads\/2026\/01\/boca-pierde-una-pieza-clave-ubeda-confirmo-la-intervencion-quirurgica-de-un-jugador-4.jpg\"><\/picture>\n<p><span>Mir\u00e1 tambi\u00e9n<\/span><\/p>\n<hr>\n<h3>La respuesta de Paredes ante el pedido de Riquelme de \u201cdarle t\u00edtulos al hincha\u201d<\/h3>\n<\/p>\n<\/section>\n<\/div>\n<div id=\"element-body-15\" class=\"sc-a7166897-0 eoLsBE\" readability=\"31\">\n<section readability=\"2\"><picture><img alt=\"Cavani hizo f\u00fatbol y se anota para el partido con Estudiantes\" loading=\"lazy\" width=\"290\" height=\"290\" decoding=\"async\" data-nimg=\"1\" src=\"http:\/\/hoycordobaweb.com\/wp-content\/uploads\/2026\/01\/boca-pierde-una-pieza-clave-ubeda-confirmo-la-intervencion-quirurgica-de-un-jugador-5.jpg\"><\/picture>\n<p><span>Mir\u00e1 tambi\u00e9n<\/span><\/p>\n<hr>\n<h3>Cavani hizo f\u00fatbol y se anota para el partido con Estudiantes<\/h3>\n<\/p>\n<\/section>\n<\/div>\n<div id=\"element-body-16\" class=\"sc-a7166897-0 eoLsBE\" readability=\"31\">\n<section readability=\"2\"><picture><img alt=\"Se confirm\u00f3 la nueva lesi\u00f3n de Velasco: dos meses afuera por la rodilla\" loading=\"lazy\" width=\"290\" height=\"290\" decoding=\"async\" data-nimg=\"1\" src=\"http:\/\/hoycordobaweb.com\/wp-content\/uploads\/2026\/01\/boca-pierde-una-pieza-clave-ubeda-confirmo-la-intervencion-quirurgica-de-un-jugador-6.jpg\"><\/picture>\n<p><span>Mir\u00e1 tambi\u00e9n<\/span><\/p>\n<hr>\n<h3>Se confirm\u00f3 la nueva lesi\u00f3n de Velasco: dos meses afuera por la rodilla<\/h3>\n<\/p>\n<\/section>\n<\/div>\n<div id=\"element-body-17\" class=\"sc-a7166897-0 eoLsBE\" readability=\"31\">\n<section readability=\"2\"><picture><img alt=\"El uno por uno del triunfo de Boca vs. Riestra en el debut del torneo Apertura\" loading=\"lazy\" width=\"290\" height=\"290\" decoding=\"async\" data-nimg=\"1\" src=\"http:\/\/hoycordobaweb.com\/wp-content\/uploads\/2026\/01\/boca-pierde-una-pieza-clave-ubeda-confirmo-la-intervencion-quirurgica-de-un-jugador-7.jpg\"><\/picture>\n<p><span>Mir\u00e1 tambi\u00e9n<\/span><\/p>\n<hr>\n<h3>El uno por uno del triunfo de Boca vs. Riestra en el debut del torneo Apertura<\/h3>\n<\/p>\n<\/section>\n<\/div>\n<\/div>\n","protected":false},"excerpt":{"rendered":"<p>26\/01\/2026 16:56hs. La mezcla de sensaciones y sabores despu\u00e9s de la victoria contra Riestra es total. Si el 1-0 en el debut en el torneo Apertura no termina de ser redondo para Bocaes porque las primeras noticias de este lunes no fueron las mejores. En la vuelta a las pr\u00e1cticas en Ezeiza se confirm\u00f3 la [&hellip;]<\/p>\n","protected":false},"author":1,"featured_media":129595,"comment_status":"open","ping_status":"closed","sticky":false,"template":"","format":"standard","meta":[],"categories":[16],"tags":[],"_links":{"self":[{"href":"http:\/\/hoycordobaweb.com\/index.php\/wp-json\/wp\/v2\/posts\/129594"}],"collection":[{"href":"http:\/\/hoycordobaweb.com\/index.php\/wp-json\/wp\/v2\/posts"}],"about":[{"href":"http:\/\/hoycordobaweb.com\/index.php\/wp-json\/wp\/v2\/types\/post"}],"author":[{"embeddable":true,"href":"http:\/\/hoycordobaweb.com\/index.php\/wp-json\/wp\/v2\/users\/1"}],"replies":[{"embeddable":true,"href":"http:\/\/hoycordobaweb.com\/index.php\/wp-json\/wp\/v2\/comments?post=129594"}],"version-history":[{"count":0,"href":"http:\/\/hoycordobaweb.com\/index.php\/wp-json\/wp\/v2\/posts\/129594\/revisions"}],"wp:featuredmedia":[{"embeddable":true,"href":"http:\/\/hoycordobaweb.com\/index.php\/wp-json\/wp\/v2\/media\/129595"}],"wp:attachment":[{"href":"http:\/\/hoycordobaweb.com\/index.php\/wp-json\/wp\/v2\/media?parent=129594"}],"wp:term":[{"taxonomy":"category","embeddable":true,"href":"http:\/\/hoycordobaweb.com\/index.php\/wp-json\/wp\/v2\/categories?post=129594"},{"taxonomy":"post_tag","embeddable":true,"href":"http:\/\/hoycordobaweb.com\/index.php\/wp-json\/wp\/v2\/tags?post=129594"}],"curies":[{"name":"wp","href":"https:\/\/api.w.org\/{rel}","templated":true}]}}