{"id":12957,"date":"2021-02-17T15:23:00","date_gmt":"2021-02-17T15:23:00","guid":{"rendered":"http:\/\/hoycordobaweb.com\/index.php\/2021\/02\/17\/rodriguez-larreta-es-un-dia-de-muchisimo-orgullo-y-alegria-y-tan-necesario-para-los-chicos\/"},"modified":"2021-02-17T15:23:00","modified_gmt":"2021-02-17T15:23:00","slug":"rodriguez-larreta-es-un-dia-de-muchisimo-orgullo-y-alegria-y-tan-necesario-para-los-chicos","status":"publish","type":"post","link":"http:\/\/hoycordobaweb.com\/index.php\/2021\/02\/17\/rodriguez-larreta-es-un-dia-de-muchisimo-orgullo-y-alegria-y-tan-necesario-para-los-chicos\/","title":{"rendered":"Rodr\u00edguez Larreta: \u00abEs un d\u00eda de much\u00edsimo orgullo y alegr\u00eda, y tan necesario para los chicos\u00bb"},"content":{"rendered":"<p><img src=\"http:\/\/hoycordobaweb.com\/wp-content\/uploads\/2021\/02\/rodriguez-larreta-es-un-dia-de-muchisimo-orgullo-y-alegria-y-tan-necesario-para-los-chicos.jpg\"><\/p>\n<div class=\"image\" id=\"image\" readability=\"7\"> <img src=\"http:\/\/hoycordobaweb.com\/wp-content\/uploads\/2021\/02\/rodriguez-larreta-es-un-dia-de-muchisimo-orgullo-y-alegria-y-tan-necesario-para-los-chicos-2.jpg\" alt=\"La Ciudad puso a disposici\u00f3n tres centros de testeo para que el personal docente y no docente\" title=\"La Ciudad puso a disposici\u00f3n tres centros de testeo para que el personal docente y no docente\"><\/p>\n<p>La Ciudad puso a disposici\u00f3n tres centros de testeo para que el personal docente y no docente<\/p>\n<\/div>\n<p>El jefe de Gobierno porte\u00f1o, Horacio Rodr\u00edguez Larreta, afirm\u00f3 este mi\u00e9rcoles que \u00abes un d\u00eda de much\u00edsimo orgullo y alegr\u00eda, tan necesario adem\u00e1s para los chicos\u00bb, al inaugurar el inicio del ciclo lectivo 2021, que de manera presencial comenz\u00f3 este mi\u00e9rcoles en los 2.117 establecimientos educativos porte\u00f1os de gesti\u00f3n estatal y privados a los que concurren 785.152 alumnos.<\/p>\n<p><strong>\u00abNos hab\u00edamos comprometido a empezar hoy y empezamos, pero se ven\u00eda trabajando much\u00edsimo para poder llegar a este d\u00eda y tener a los chicos con la mayor presencialidad posible y de forma cuidada\u00bb<\/strong>, dijo Rodr\u00edguez Larreta, que junto a la ministra de Educaci\u00f3n porte\u00f1a, Soledad Acu\u00f1a, visit\u00f3 hoy la Escuela N\u00b0 9 D.E. 9, Juan Cris\u00f3stomo Lafinur.<\/p>\n<p>Asimismo, el jefe de Gobierno expres\u00f3: \u00abEstoy muy contento y s\u00faperagradecido con toda la familia educativa, los directivos, los docentes, los chicos y los familiares que tuvieron paciencia a lo largo del a\u00f1o pasado para acompa\u00f1arlos con la virtualidad\u00bb.<\/p>\n<p>Por su parte,<strong> la ministra Acu\u00f1a <\/strong>remarc\u00f3 que hoy despu\u00e9s de tanto tiempo <strong>\u00abel 100% de las escuelas de la Ciudad abri\u00f3 sus puertas para que finalmente los chicos est\u00e9n en las aulas aprendiendo y divirti\u00e9ndose con sus amigos\u00bb.<\/strong><\/p>\n<p>Adem\u00e1s, sobre el protocolo para las escuelas record\u00f3 que \u00abtodos los chicos que ingresan tienen que utilizar tapabocas durante todo el d\u00eda, los docentes usan una mascarilla para cuidarse, y hay distanciamiento de un metro y medio\u00bb.<\/p>\n<p>\u00abLos recreos siguen existiendo pero no se van a cruzar las burbujas, y en las aulas y en los espacios donde vamos a trabajar, tiene que haber mucha ventilaci\u00f3n\u00bb, aclar\u00f3.<\/p>\n<div class=\"js-code\" readability=\"7.6851385390428\">\n<blockquote class=\"twitter-tweet\" readability=\"9.3929471032746\">\n<p lang=\"es\" dir=\"ltr\">En la Escuela N\u00b0 9 D.E. 9 acompa\u00f1amos con <a href=\"https:\/\/twitter.com\/Soledad_Acunia?ref_src=twsrc%5Etfw\">@Soledad_Acunia<\/a> a las alumnas y alumnos que empezaron el primer d\u00eda de clases presenciales. Gracias a los docentes por estar nuevamente al frente del aula, poniendo toda su dedicaci\u00f3n. Y gracias, tambi\u00e9n, a las familias por el esfuerzo. <a href=\"https:\/\/t.co\/e0oajxvEGH\">pic.twitter.com\/e0oajxvEGH<\/a><\/p>\n<p>\u2014 Horacio Rodr\u00edguez Larreta \u270b\ud83c\udffc\ud83e\uddfc\ud83e\udd1a\ud83c\udffc (@horaciorlarreta) <a href=\"https:\/\/twitter.com\/horaciorlarreta\/status\/1362033761215520768?ref_src=twsrc%5Etfw\">February 17, 2021<\/a><\/p><\/blockquote><\/div>\n<p>Seg\u00fan un comunicado de la cartera educativa de la Ciudad, esta ma\u00f1ana comenzaron las clases 370.493 estudiantes de los niveles maternal, inicial, 1\u00b0, 2\u00b0 y 3\u00b0 grado de primaria, y 1\u00b0 y 2\u00b0 a\u00f1o del secundario.<\/p>\n<p>En tanto, el 22 de febrero se incorporar\u00e1n 144.596 estudiantes de primaria; el 1 de marzo se sumar\u00e1n 90.073 de secundaria; el 8 de marzo ser\u00e1n 26.918 j\u00f3venes y adultos, y el 22 de marzo, 152.172 estudiantes de nivel superior.<\/p>\n<p><strong>La Ciudad puso a disposici\u00f3n tres centros de testeo para que el personal docente y no docente, <\/strong>estimado en unos 110.000 trabajadores, pueda testearse de manera r\u00e1pida y gratuita para evitar la propagaci\u00f3n del coronavirus.<\/p>\n<p>Estos centros de testeo est\u00e1n ubicados en La Rural, Palermo (de 8 a 20 de lunes a domingos); en la Usina del Arte (de 9 a 15 de lunes a viernes) y en la Sede Comunal 7 (de 9 a 15 de lunes a viernes), en Flores.<\/p>\n<p><strong>Para esta etapa, se compraron 185.000 barbijos, 1.650 pedaleras para alcohol en gel, 75.000 mascarillas, 53.000 litros de alcohol, 33.000 litros de alcohol en gel y 125.000 pares de guantes,<\/strong> inform\u00f3 el Gobierno porte\u00f1o. <\/p>\n","protected":false},"excerpt":{"rendered":"<p>La Ciudad puso a disposici\u00f3n tres centros de testeo para que el personal docente y no docente El jefe de Gobierno porte\u00f1o, Horacio Rodr\u00edguez Larreta, afirm\u00f3 este mi\u00e9rcoles que \u00abes un d\u00eda de much\u00edsimo orgullo y alegr\u00eda, tan necesario adem\u00e1s para los chicos\u00bb, al inaugurar el inicio del ciclo lectivo 2021, que de manera presencial [&hellip;]<\/p>\n","protected":false},"author":1,"featured_media":12958,"comment_status":"open","ping_status":"closed","sticky":false,"template":"","format":"standard","meta":[],"categories":[19],"tags":[],"_links":{"self":[{"href":"http:\/\/hoycordobaweb.com\/index.php\/wp-json\/wp\/v2\/posts\/12957"}],"collection":[{"href":"http:\/\/hoycordobaweb.com\/index.php\/wp-json\/wp\/v2\/posts"}],"about":[{"href":"http:\/\/hoycordobaweb.com\/index.php\/wp-json\/wp\/v2\/types\/post"}],"author":[{"embeddable":true,"href":"http:\/\/hoycordobaweb.com\/index.php\/wp-json\/wp\/v2\/users\/1"}],"replies":[{"embeddable":true,"href":"http:\/\/hoycordobaweb.com\/index.php\/wp-json\/wp\/v2\/comments?post=12957"}],"version-history":[{"count":0,"href":"http:\/\/hoycordobaweb.com\/index.php\/wp-json\/wp\/v2\/posts\/12957\/revisions"}],"wp:featuredmedia":[{"embeddable":true,"href":"http:\/\/hoycordobaweb.com\/index.php\/wp-json\/wp\/v2\/media\/12958"}],"wp:attachment":[{"href":"http:\/\/hoycordobaweb.com\/index.php\/wp-json\/wp\/v2\/media?parent=12957"}],"wp:term":[{"taxonomy":"category","embeddable":true,"href":"http:\/\/hoycordobaweb.com\/index.php\/wp-json\/wp\/v2\/categories?post=12957"},{"taxonomy":"post_tag","embeddable":true,"href":"http:\/\/hoycordobaweb.com\/index.php\/wp-json\/wp\/v2\/tags?post=12957"}],"curies":[{"name":"wp","href":"https:\/\/api.w.org\/{rel}","templated":true}]}}