{"id":129500,"date":"2026-01-25T19:52:49","date_gmt":"2026-01-25T19:52:49","guid":{"rendered":"https:\/\/www.ole.com.ar\/independiente\/independiente_0_pvcYmuuJOD.html"},"modified":"2026-01-25T19:52:49","modified_gmt":"2026-01-25T19:52:49","slug":"independiente-arias-llega-al-pais-y-el-9-sigue-sin-aparecer","status":"publish","type":"post","link":"http:\/\/hoycordobaweb.com\/index.php\/2026\/01\/25\/independiente-arias-llega-al-pais-y-el-9-sigue-sin-aparecer\/","title":{"rendered":"Independiente: Arias llega al pa\u00eds y el 9 sigue sin aparecer"},"content":{"rendered":"<p><img src=\"http:\/\/hoycordobaweb.com\/wp-content\/uploads\/2026\/01\/independiente-arias-llega-al-pais-y-el-9-sigue-sin-aparecer.jpg\"><\/p>\n<p><time class=\"createDate\" datetime=\"2026-01-25T16:52:49-03:00\">25\/01\/2026 16:52hs.<\/time><\/p>\n<div id=\"storyBody\">\n<div id=\"element-body-0\" class=\"sc-136cd478-0 ekTCfV\" readability=\"32.27130044843\">\n<p><strong><a href=\"https:\/\/www.ole.com.ar\/tema\/club-atletico-independiente.html\" title=\"Club Atl\u00e9tico Independiente\" alt=\"Club Atl\u00e9tico Independiente\" class=\"slug\">Independiente<\/a> <\/strong>acelera en el mercado de pases con un objetivo claro: cerrar los refuerzos que <strong> <a href=\"https:\/\/www.ole.com.ar\/tema\/gustavo-quinteros.html\" title=\"Gustavo Quinteros\" alt=\"Gustavo Quinteros\" class=\"slug\">Gustavo Quinteros<\/a> <\/strong>considera indispensables para encarar el Torneo Apertura. Tras el debut con empate 1-1 ante <a href=\"https:\/\/www.ole.com.ar\/tema\/estudiantes-de-la-plata.html\" title=\"Estudiantes de La Plata\" alt=\"Estudiantes de La Plata\" class=\"slug\">Estudiantes<\/a> en el Libertadores de Am\u00e9rica-Ricardo Enrique Bochini, el entrenador volvi\u00f3 a marcar la necesidad de sumar un <strong>lateral derecho <\/strong>y un <strong>centrodelantero<\/strong>, en un mercado que hasta el momento solo registr\u00f3 la llegada de <strong><a href=\"https:\/\/www.ole.com.ar\/tema\/ignacio-malcorra.html\" title=\"Ignacio Malcorra\" alt=\"Ignacio Malcorra\" class=\"slug\"> Ignacio Malcorra<\/a><\/strong>.<\/p>\n<\/div>\n<div class=\"sc-e7b891c4-0 ifHnQL image-embed\" id=\"element-body-1\"><img alt=\"Ignacio Malcorra es el \u00fanico refuerzo hasta el momento. (Foto:@SerieRdeLP) \" loading=\"lazy\" width=\"720\" height=\"100\" decoding=\"async\" data-nimg=\"1\" src=\"http:\/\/hoycordobaweb.com\/wp-content\/uploads\/2026\/01\/independiente-arias-llega-al-pais-y-el-9-sigue-sin-aparecer-2.jpg\"><span class=\"epigraphe\">Ignacio Malcorra es el \u00fanico refuerzo hasta el momento. (Foto:@SerieRdeLP)<br \/>\n<\/span><\/div>\n<p><h2>La llegada de Arias<\/h2>\n<\/p>\n<div id=\"element-body-3\" class=\"sc-136cd478-0 ekTCfV\" readability=\"38.203125\">\n<p>La salida de <strong>Federico Vera a Hurac\u00e1n<\/strong> dej\u00f3 un hueco sensible en el costado derecho de la defensa. Hoy, <a href=\"https:\/\/www.ole.com.ar\/tema\/gustavo-quinteros.html\" title=\"Gustavo Quinteros\" alt=\"Gustavo Quinteros\" class=\"slug\">Quinteros<\/a> cuenta \u00fanicamente con <strong>Leonardo Godoy<\/strong> para ese puesto y por eso la dirigencia se movi\u00f3 con rapidez. En un primer momento apareci\u00f3 el nombre de Mart\u00edn Ortega, libre de Tigre, pero las diferencias econ\u00f3micas enfriaron la negociaci\u00f3n. En ese contexto, el foco pas\u00f3 r\u00e1pidamente a <strong> <a href=\"https:\/\/www.ole.com.ar\/tema\/santiago-arias.html\" title=\"Santiago Arias\" alt=\"Santiago Arias\" class=\"slug\">Santiago Arias<\/a><\/strong>, con quien las charlas avanzaron sin mayores obst\u00e1culos y ser\u00e1 la <strong>segunda incorporaci\u00f3n<\/strong> del club.<\/p>\n<\/div>\n<div id=\"element-body-4\" class=\"sc-136cd478-0 ekTCfV\" readability=\"41\">\n<p>El colombiano, de amplia trayectoria internacional, <strong>llegar\u00e1 este lunes<\/strong> por la madrugada al pa\u00eds para someterse a la revisi\u00f3n m\u00e9dica y luego <strong>firmar su contrato por dos a\u00f1os<\/strong>. Su arribo representa una apuesta por experiencia y jerarqu\u00eda, algo que el DT valor\u00f3 p\u00fablicamente tras el estreno en el campeonato. <strong>\u201cTiene experiencia, es un jugador de selecci\u00f3n, que jug\u00f3 en equipos grandes y espero que le vaya bien\u201d<\/strong>, destac\u00f3 Quinteros en su \u00faltima conferencia de prensa.<\/p>\n<\/div>\n<div class=\"sc-e7b891c4-0 ifHnQL image-embed\" id=\"element-body-5\"><img alt=\"Gustavo Quinteros destac\u00f3 la llegada de Santiago Arias. (Foto: Prensa Independiente) \" loading=\"lazy\" width=\"720\" height=\"100\" decoding=\"async\" data-nimg=\"1\" src=\"http:\/\/hoycordobaweb.com\/wp-content\/uploads\/2026\/01\/independiente-arias-llega-al-pais-y-el-9-sigue-sin-aparecer-3.jpg\"><span class=\"epigraphe\">Gustavo Quinteros destac\u00f3 la llegada de Santiago Arias. (Foto: Prensa Independiente)<br \/>\n<\/span><\/div>\n<p><h2>La b\u00fasqueda de un 9<\/h2>\n<\/p>\n<div id=\"element-body-7\" class=\"sc-136cd478-0 ekTCfV\" readability=\"37.40350877193\">\n<p>Mientras tanto, la otra gran b\u00fasqueda sigue siendo la del centrodelantero. <strong><a href=\"https:\/\/www.ole.com.ar\/tema\/club-atletico-independiente.html\" title=\"Club Atl\u00e9tico Independiente\" alt=\"Club Atl\u00e9tico Independiente\" class=\"slug\">Independiente<\/a> a\u00fan no logr\u00f3 cerrar a un punta que complete el plantel y le d\u00e9 variantes ofensivas al entrenador<\/strong>. La intenci\u00f3n del cuerpo t\u00e9cnico es clara: sumar un nueve que permita reordenar el ataque y potenciar a los extremos. \u201cIncorporando a un delantero, <a href=\"https:\/\/www.ole.com.ar\/tema\/ignacio-pussetto.html\" title=\"Ignacio Pussetto\" alt=\"Ignacio Pussetto\" class=\"slug\">Pussetto<\/a> puede jugar m\u00e1s de extremo. Uno trata de tener jugadores con diferentes caracter\u00edsticas\u201d, explic\u00f3 el DT, dejando en evidencia la importancia de ese refuerzo.<\/p>\n<\/div>\n<div id=\"element-body-8\" class=\"sc-136cd478-0 ekTCfV\" readability=\"35.477848101266\">\n<p>Con un inicio de torneo que dej\u00f3 sensaciones encontradas y un mercado de pases austero, <strong><a href=\"https:\/\/www.ole.com.ar\/tema\/club-atletico-independiente.html\" title=\"Club Atl\u00e9tico Independiente\" alt=\"Club Atl\u00e9tico Independiente\" class=\"slug\">Independiente<\/a> apunta a cerrar estas dos incorporaciones para retirarse de la b\u00fasqueda<\/strong>. La llegada de Arias est\u00e1 encaminada; ahora, el desaf\u00edo pasa por encontrar el delantero que termine de darle forma al equipo de Quinteros.<\/p>\n<\/div>\n<div class=\"sc-e7b891c4-0 ifHnQL image-embed\" id=\"element-body-9\"><img alt=\"El arribo de un punta har\u00eda que Pussetto pueda ser opci\u00f3n como extremo. (Foto: Maxi Failla)\" loading=\"lazy\" width=\"720\" height=\"100\" decoding=\"async\" data-nimg=\"1\" src=\"http:\/\/hoycordobaweb.com\/wp-content\/uploads\/2026\/01\/independiente-arias-llega-al-pais-y-el-9-sigue-sin-aparecer-4.jpg\"><span class=\"epigraphe\">El arribo de un punta har\u00eda que Pussetto pueda ser opci\u00f3n como extremo. (Foto: Maxi Failla)<\/span><\/div>\n<div id=\"element-body-10\" class=\"sc-a7166897-0 eoLsBE\" readability=\"31.5\">\n<section readability=\"3\"><picture><img alt=\"Gran trabajo de Nicol\u00e1s Varrone, cuarto en las 24 Horas de Daytona\" loading=\"lazy\" width=\"290\" height=\"290\" decoding=\"async\" data-nimg=\"1\" src=\"http:\/\/hoycordobaweb.com\/wp-content\/uploads\/2026\/01\/independiente-arias-llega-al-pais-y-el-9-sigue-sin-aparecer-5.jpg\"><\/picture>\n<p><span>Mir\u00e1 tambi\u00e9n<\/span><\/p>\n<hr>\n<h3>Gran trabajo de Nicol\u00e1s Varrone, cuarto en las 24 Horas de Daytona<\/h3>\n<\/p>\n<\/section>\n<\/div>\n<div id=\"element-body-11\" class=\"sc-a7166897-0 eoLsBE\" readability=\"31\">\n<section readability=\"2\"><picture><img alt=\"Video: otro buen gol de Mateo Retegui en Arabia Saudita \" loading=\"lazy\" width=\"290\" height=\"290\" decoding=\"async\" data-nimg=\"1\" src=\"http:\/\/hoycordobaweb.com\/wp-content\/uploads\/2026\/01\/independiente-arias-llega-al-pais-y-el-9-sigue-sin-aparecer-6.jpg\"><\/picture>\n<p><span>Mir\u00e1 tambi\u00e9n<\/span><\/p>\n<hr>\n<h3>Video: otro buen gol de Mateo Retegui en Arabia Saudita <\/h3>\n<\/p>\n<\/section>\n<\/div>\n<div id=\"element-body-12\" class=\"sc-a7166897-0 eoLsBE\" readability=\"31.5\">\n<section readability=\"3\"><picture><img alt=\"Mundial 2026: el uno por uno de los 16 estadios y las sedes en las que jugar\u00e1 Argentina\" loading=\"lazy\" width=\"290\" height=\"290\" decoding=\"async\" data-nimg=\"1\" src=\"http:\/\/hoycordobaweb.com\/wp-content\/uploads\/2026\/01\/independiente-arias-llega-al-pais-y-el-9-sigue-sin-aparecer-7.jpg\"><\/picture>\n<p><span>Mir\u00e1 tambi\u00e9n<\/span><\/p>\n<hr>\n<h3>Mundial 2026: el uno por uno de los 16 estadios y las sedes en las que jugar\u00e1 Argentina<\/h3>\n<\/p>\n<\/section>\n<\/div>\n<\/div>\n","protected":false},"excerpt":{"rendered":"<p>25\/01\/2026 16:52hs. Independiente acelera en el mercado de pases con un objetivo claro: cerrar los refuerzos que Gustavo Quinteros considera indispensables para encarar el Torneo Apertura. Tras el debut con empate 1-1 ante Estudiantes en el Libertadores de Am\u00e9rica-Ricardo Enrique Bochini, el entrenador volvi\u00f3 a marcar la necesidad de sumar un lateral derecho y un [&hellip;]<\/p>\n","protected":false},"author":1,"featured_media":129501,"comment_status":"open","ping_status":"closed","sticky":false,"template":"","format":"standard","meta":[],"categories":[16],"tags":[],"_links":{"self":[{"href":"http:\/\/hoycordobaweb.com\/index.php\/wp-json\/wp\/v2\/posts\/129500"}],"collection":[{"href":"http:\/\/hoycordobaweb.com\/index.php\/wp-json\/wp\/v2\/posts"}],"about":[{"href":"http:\/\/hoycordobaweb.com\/index.php\/wp-json\/wp\/v2\/types\/post"}],"author":[{"embeddable":true,"href":"http:\/\/hoycordobaweb.com\/index.php\/wp-json\/wp\/v2\/users\/1"}],"replies":[{"embeddable":true,"href":"http:\/\/hoycordobaweb.com\/index.php\/wp-json\/wp\/v2\/comments?post=129500"}],"version-history":[{"count":0,"href":"http:\/\/hoycordobaweb.com\/index.php\/wp-json\/wp\/v2\/posts\/129500\/revisions"}],"wp:featuredmedia":[{"embeddable":true,"href":"http:\/\/hoycordobaweb.com\/index.php\/wp-json\/wp\/v2\/media\/129501"}],"wp:attachment":[{"href":"http:\/\/hoycordobaweb.com\/index.php\/wp-json\/wp\/v2\/media?parent=129500"}],"wp:term":[{"taxonomy":"category","embeddable":true,"href":"http:\/\/hoycordobaweb.com\/index.php\/wp-json\/wp\/v2\/categories?post=129500"},{"taxonomy":"post_tag","embeddable":true,"href":"http:\/\/hoycordobaweb.com\/index.php\/wp-json\/wp\/v2\/tags?post=129500"}],"curies":[{"name":"wp","href":"https:\/\/api.w.org\/{rel}","templated":true}]}}