{"id":129498,"date":"2026-01-25T20:04:17","date_gmt":"2026-01-25T20:04:17","guid":{"rendered":"https:\/\/www.ole.com.ar\/river-plate\/river-nacho-fernandez-monumental-gimnasia_0_drEn8alPTI.html"},"modified":"2026-01-25T20:04:17","modified_gmt":"2026-01-25T20:04:17","slug":"como-espera-en-river-el-regreso-de-nacho-fernandez-al-monumental-con-gimnasia","status":"publish","type":"post","link":"http:\/\/hoycordobaweb.com\/index.php\/2026\/01\/25\/como-espera-en-river-el-regreso-de-nacho-fernandez-al-monumental-con-gimnasia\/","title":{"rendered":"C\u00f3mo espera en River el regreso de Nacho Fern\u00e1ndez al Monumental con Gimnasia"},"content":{"rendered":"<p><img src=\"http:\/\/hoycordobaweb.com\/wp-content\/uploads\/2026\/01\/como-espera-en-river-el-regreso-de-nacho-fernandez-al-monumental-con-gimnasia.jpg\"><\/p>\n<p><span class=\"createDate\">25\/01\/2026 17:04hs.<\/span><time class=\"modificatedDate\" datetime=\"2026-01-25T17:22:23-03:00\"> Actualizado al 25\/01\/2026 17:22hs.<\/time><\/p>\n<div id=\"storyBody\">\n<div id=\"element-body-0\" class=\"sc-136cd478-0 ekTCfV\" readability=\"26.441666666667\">\n<p>El partido de <strong><a href=\"https:\/\/www.ole.com.ar\/tema\/river-plate.html\" title=\"River Plate\" alt=\"River Plate\" class=\"slug\">River<\/a><\/strong>ante <strong><a href=\"https:\/\/www.ole.com.ar\/tema\/gimnasia-la-plata.html\" title=\"Gimnasia La Plata\" alt=\"Gimnasia La Plata\" class=\"slug\"> Gimnasia<\/a><\/strong> de este mi\u00e9rcoles, por la segunda fecha del Apertura, contar\u00e1 con <strong>el retorno de <a href=\"https:\/\/www.ole.com.ar\/tema\/nacho-fernandez.html\" title=\"Nacho Fern\u00e1ndez\" alt=\"Nacho Fern\u00e1ndez\" class=\"slug\">Nacho Fern\u00e1ndez<\/a> al <a href=\"https:\/\/www.ole.com.ar\/tema\/estadio-monumental.html\" title=\"Estadio Monumental\" alt=\"Estadio Monumental\" class=\"slug\">Monumental<\/a> tras su salida del club de N\u00fa\u00f1ez por decisi\u00f3n de<\/strong> <strong><a href=\"https:\/\/www.ole.com.ar\/tema\/marcelo-gallardo.html\" title=\"Marcelo Gallardo\" alt=\"Marcelo Gallardo\" class=\"slug\">Marcelo Gallardo<\/a><\/strong>y <a href=\"https:\/\/www.ole.com.ar\/gimnasia-y-esgrima\/anuncio-gimnasia-vuelta-nacho-fernandez_3_a3g7C1JzDp.html\" target=\"_self\" title=\"la vuelta del zurdo de 36 a\u00f1os a la instituci\u00f3n de La Plata en la que comenz\u00f3 su carrera\" alt=\"la vuelta del zurdo de 36 a\u00f1os a la instituci\u00f3n de La Plata en la que comenz\u00f3 su carrera\" rel=\"noopener noreferrer\">la vuelta del zurdo de 36 a\u00f1os a la instituci\u00f3n de La Plata en la que comenz\u00f3 su carrera<\/a>. Por eso, los dirigentes del CARP tienen pensado hacerle un homenaje especial a uno de los h\u00e9roes de Madrid y un futbolista que marc\u00f3 una \u00e9poca en el equipo del Mu\u00f1eco.<\/p>\n<\/div>\n<div id=\"element-body-1\" class=\"sc-136cd478-0 ekTCfV\" readability=\"39\">\n<p>Si bien por el momento no se conocen en detalle de que constar\u00e1 el reconocimiento para Nacho, las autoridades del club le confirmaron a Ol\u00e9 que est\u00e1n preparado un agasajo significativo para el zurdo que, como m\u00ednimo, ser\u00eda la entrega de una plaqueta por su glorioso pasado en River, como ocurrir\u00e1 en la cuarta fecha del campeonato cuando el Pity Mart\u00ednez visita el equipo del Mu\u00f1eco con Tigre.<\/p>\n<\/div>\n<div class=\"sc-e7b891c4-0 ifHnQL image-embed\" id=\"element-body-2\"><img alt=\"El ex Cerebro del equipo de Gallardo fue clave en el triunfo del Lobo ante Racing en el Bosque: jug\u00f3 70 minutos (Foto: Juano Tesone).\" loading=\"lazy\" width=\"720\" height=\"100\" decoding=\"async\" data-nimg=\"1\" src=\"http:\/\/hoycordobaweb.com\/wp-content\/uploads\/2026\/01\/como-espera-en-river-el-regreso-de-nacho-fernandez-al-monumental-con-gimnasia-2.jpg\"><span class=\"epigraphe\">El ex Cerebro del equipo de Gallardo fue clave en el triunfo del Lobo ante Racing en el Bosque: jug\u00f3 70 minutos (Foto: Juano Tesone).<\/span><\/div>\n<div id=\"element-body-3\" class=\"sc-136cd478-0 ekTCfV\" readability=\"38.608919382504\">\n<p>El \u00faltimo partido de los 315 que jug\u00f3 Nacho en River fue casualmente contra Gimnasia, el 2 de noviembre de 2025, cuando <a href=\"https:\/\/www.ole.com.ar\/futbol-primera\/river-vs-gimnasia-partido-torneo-clausura-2025-minuto-minuto_0_Dm092kPJmV.html\" target=\"_self\" title=\"el Lobo gan\u00f3 1-0 en el Monumental\" alt=\"el Lobo gan\u00f3 1-0 en el Monumental\" rel=\"noopener noreferrer\">el Lobo gan\u00f3 1-0 en el Monumental<\/a>. Ahora, el volante creativo que logr\u00f3 diez t\u00edtulos en el CARP (Copa Libertadores 2018 y Recopa Sudamericana 2016 y 2019 a nivel internacional, m\u00e1s tres Copa Argentina, dos Supercopa Argentina, un Trofeo de Campeones y la Liga Profesional 2023 en el \u00e1mbito local) volver\u00e1 a pisar el c\u00e9sped del Liberti y a recibir el afecto de los 85.000 hinchas de la Banda que estar\u00e1n en las tribunas para agradecerle tantas alegr\u00edas.<\/p>\n<\/div>\n<div class=\"sc-e7b891c4-0 ifHnQL image-embed\" id=\"element-body-4\"><img alt=\"Nacho festeja su gol a Boca en la ida de la semi de la Libertadores 2019 en el Monumental. (EFE\/Mat\u00edas Napoli Escalero).\" loading=\"lazy\" width=\"720\" height=\"100\" decoding=\"async\" data-nimg=\"1\" src=\"http:\/\/hoycordobaweb.com\/wp-content\/uploads\/2026\/01\/como-espera-en-river-el-regreso-de-nacho-fernandez-al-monumental-con-gimnasia-3.jpg\"><span class=\"epigraphe\">Nacho festeja su gol a Boca en la ida de la semi de la Libertadores 2019 en el Monumental. (EFE\/Mat\u00edas Napoli Escalero).<\/span><\/div>\n<div id=\"element-body-5\" class=\"sc-136cd478-0 ekTCfV\" readability=\"26.520833333333\">\n<p>Nacho Fern\u00e1ndez <a href=\"https:\/\/www.ole.com.ar\/river-plate\/nacho-fernandez-gol-river-lloro_0_SIxFdNV4R.html\" target=\"_self\" title=\"ya hab\u00eda visitado el Monumental como rival de River en su etapa en Atl\u00e9tico Mineiro, en la ida de cuartos de final de la Copa Libertadores 2021\" alt=\"ya hab\u00eda visitado el Monumental como rival de River en su etapa en Atl\u00e9tico Mineiro, en la ida de cuartos de final de la Copa Libertadores 2021\" rel=\"noopener noreferrer\">ya hab\u00eda visitado el Monumental como rival de River en su etapa en Atl\u00e9tico Mineiro, en la ida de cuartos de final de la Copa Libertadores 2021<\/a>. Ese 11 de agosto, el zurdo no recibi\u00f3 ning\u00fan reconocimiento del CARP pero s\u00ed se emocion\u00f3 hasta las l\u00e1grimas en los abrazos con Gallardo y en ese entonces sus es compa\u00f1eros. Es m\u00e1s, Nacho convirti\u00f3 el gol del triunfo del Mineiro y no lo festej\u00f3 en un estadio sin p\u00fablico a\u00fan por los efectos de la pandemia. <\/p>\n<\/div>\n<div class=\"sc-e7b891c4-0 ifHnQL image-embed\" id=\"element-body-6\"><img alt=\"El sentido abrazo de Nacho con Gallardo en la Libertadores 2021 en el Monumental.\" loading=\"lazy\" width=\"720\" height=\"100\" decoding=\"async\" data-nimg=\"1\" src=\"http:\/\/hoycordobaweb.com\/wp-content\/uploads\/2026\/01\/como-espera-en-river-el-regreso-de-nacho-fernandez-al-monumental-con-gimnasia-4.jpg\"><span class=\"epigraphe\">El sentido abrazo de Nacho con Gallardo en la Libertadores 2021 en el Monumental.<\/span><\/div>\n<p><h2>Contra Tigre, homenaje para el Pity Mart\u00ednez<\/h2>\n<\/p>\n<div id=\"element-body-8\" class=\"sc-136cd478-0 ekTCfV\" readability=\"37.424878836834\">\n<p>Diez d\u00edas despu\u00e9s del regreso de Nacho al Monumental se producir\u00e1 otro reencuentro emotivo entre los hinchas y otro de los h\u00e9roes de Madrid: nada menos que el del Pity Mart\u00ednez, el autor del eterno 3-1 contra Boca en el Bernab\u00e9u en la final de la Libertadores 2018. El zurdo de 32 a\u00f1os y f <a href=\"https:\/\/www.ole.com.ar\/futbol-primera\/tigre-gonzalo-pity-martinez-river_0_xnHQuZsOCn.html\" target=\"_self\" title=\"lamante refuerzo de Tigre\" alt=\"lamante refuerzo de Tigre\" rel=\"noopener noreferrer\">lamante refuerzo de Tigre<\/a> visitar\u00e1 al equipo de Gallardo en el Liberti el 7 de febrero por la cuarta fecha del Apertura y, seguramente, se le piantar\u00e1 m\u00e1s de una l\u00e1grima al escuchar una nueva ovaci\u00f3n de los hinchas y el cl\u00e1sico \u00abel Pity Mart\u00ednez, qu\u00e9 loco que est\u00e1&#8230;\u00bb en alusi\u00f3n a su racha como verdugo de Boca.<\/p>\n<\/div>\n<p><h2>El reencuentro con Enzo P\u00e9rez, en La Paternal<\/h2>\n<\/p>\n<div id=\"element-body-10\" class=\"sc-136cd478-0 ekTCfV\" readability=\"39\">\n<p>El excapit\u00e1n de River e \u00eddolo eterno en N\u00fa\u00f1ez tambi\u00e9n ser\u00e1 homenajeado por el club, a pesar de que el partido ante Argentinos por la quinta fecha el Apertura se jugar\u00e1 en La Paternal, el 12 de febrero. L\u00f3gicamente, este reconocimiento no contar\u00e1 con el marco del Monumental repleto por m\u00e1s de 85.000 hinchas, pero se tratar\u00e1 de un mimo para otros de los h\u00e9roes de Madrid que dejaron una huella para todos los tiempos con la Banda.<\/p>\n<\/div>\n<div class=\"sc-e7b891c4-0 ifHnQL image-embed\" id=\"element-body-11\"><img alt=\"Los amigos mendocinos Enzo P\u00e9rez y el Pity Mart\u00ednez con la Libertadores 2018 en el Bernab\u00e9u (REUTERS\/Sergio Perez).\" loading=\"lazy\" width=\"720\" height=\"100\" decoding=\"async\" data-nimg=\"1\" src=\"http:\/\/hoycordobaweb.com\/wp-content\/uploads\/2026\/01\/como-espera-en-river-el-regreso-de-nacho-fernandez-al-monumental-con-gimnasia-5.jpg\"><span class=\"epigraphe\">Los amigos mendocinos Enzo P\u00e9rez y el Pity Mart\u00ednez con la Libertadores 2018 en el Bernab\u00e9u (REUTERS\/Sergio Perez).<\/span><\/div>\n<\/div>\n","protected":false},"excerpt":{"rendered":"<p>25\/01\/2026 17:04hs. Actualizado al 25\/01\/2026 17:22hs. El partido de Riverante Gimnasia de este mi\u00e9rcoles, por la segunda fecha del Apertura, contar\u00e1 con el retorno de Nacho Fern\u00e1ndez al Monumental tras su salida del club de N\u00fa\u00f1ez por decisi\u00f3n de Marcelo Gallardoy la vuelta del zurdo de 36 a\u00f1os a la instituci\u00f3n de La Plata en [&hellip;]<\/p>\n","protected":false},"author":1,"featured_media":129499,"comment_status":"open","ping_status":"closed","sticky":false,"template":"","format":"standard","meta":[],"categories":[16],"tags":[],"_links":{"self":[{"href":"http:\/\/hoycordobaweb.com\/index.php\/wp-json\/wp\/v2\/posts\/129498"}],"collection":[{"href":"http:\/\/hoycordobaweb.com\/index.php\/wp-json\/wp\/v2\/posts"}],"about":[{"href":"http:\/\/hoycordobaweb.com\/index.php\/wp-json\/wp\/v2\/types\/post"}],"author":[{"embeddable":true,"href":"http:\/\/hoycordobaweb.com\/index.php\/wp-json\/wp\/v2\/users\/1"}],"replies":[{"embeddable":true,"href":"http:\/\/hoycordobaweb.com\/index.php\/wp-json\/wp\/v2\/comments?post=129498"}],"version-history":[{"count":0,"href":"http:\/\/hoycordobaweb.com\/index.php\/wp-json\/wp\/v2\/posts\/129498\/revisions"}],"wp:featuredmedia":[{"embeddable":true,"href":"http:\/\/hoycordobaweb.com\/index.php\/wp-json\/wp\/v2\/media\/129499"}],"wp:attachment":[{"href":"http:\/\/hoycordobaweb.com\/index.php\/wp-json\/wp\/v2\/media?parent=129498"}],"wp:term":[{"taxonomy":"category","embeddable":true,"href":"http:\/\/hoycordobaweb.com\/index.php\/wp-json\/wp\/v2\/categories?post=129498"},{"taxonomy":"post_tag","embeddable":true,"href":"http:\/\/hoycordobaweb.com\/index.php\/wp-json\/wp\/v2\/tags?post=129498"}],"curies":[{"name":"wp","href":"https:\/\/api.w.org\/{rel}","templated":true}]}}