{"id":129414,"date":"2026-01-24T12:50:35","date_gmt":"2026-01-24T12:50:35","guid":{"rendered":"https:\/\/www.mujerhoy.com\/moda\/no-te-pierdas\/maxima-holanda-reina-letizia-look-rojo-ideas-vestir-bien-20260124151726-nt.html"},"modified":"2026-01-24T12:50:35","modified_gmt":"2026-01-24T12:50:35","slug":"de-maxima-de-holanda-a-la-reina-letizia-por-que-todas-las-royals-recurren-al-total-look-rojo","status":"publish","type":"post","link":"http:\/\/hoycordobaweb.com\/index.php\/2026\/01\/24\/de-maxima-de-holanda-a-la-reina-letizia-por-que-todas-las-royals-recurren-al-total-look-rojo\/","title":{"rendered":"De M\u00e1xima de Holanda a la reina Letizia: por qu\u00e9 todas las royals recurren al total look rojo"},"content":{"rendered":"<p><!-- AUTHOR --><\/p>\n<div class=\"voc-author-timesocial \">\n<!-- AUTHOR --><\/p>\n<div class=\"voc-author-timesocial__signature \">\n<!-- IMAGE AUTHOR -->\n<picture class=\"voc-image-signature\">\n<img class=\"voc-image-signature__img\" src=\"http:\/\/hoycordobaweb.com\/wp-content\/uploads\/2026\/01\/de-maxima-de-holanda-a-la-reina-letizia-por-que-todas-las-royals-recurren-al-total-look-rojo.jpg\" alt=\"Raquel Rodr\u00edguez\">\n<\/picture>\n<!-- INFO AUTHOR --> <\/div><\/div>\n<p><!-- COMPONENTS --><\/p>\n<p class=\"voc-paragraph\">La \u00faltima aparici\u00f3n p\u00fablica de <a href=\"https:\/\/www.mujerhoy.com\/temas\/personajes\/maxima-de-holanda.html\" title=\"www.mujerhoy.com\" data-voc-vtm-id=\"in-text-traffic\" data-mrf-link=\"www.mujerhoy.com\">M\u00e1xima de Holanda<\/a> nos ha recordado cu\u00e1l es uno de los trucos de estilo favoritos de las royals. Y no, no hablamos de su gusto por los trajes de chaqueta, los stilettos en color nude o las prendas lisas con siluetas marcadas en la cintura. Nos referimos a su<strong> amor por el color rojo<\/strong>.<\/p>\n<p class=\"voc-paragraph\">Este tono, que las expertas en moda se\u00f1alan como uno de los m\u00e1s favorecedores, es m\u00e1s que habitual en el armario de las mujeres mejor vestidas de la realeza. Fue el <strong>color fetiche de do\u00f1a Letizia <\/strong>durante much\u00edsimo tiempo y, a d\u00eda de hoy, sigue siendo ese tono al que recurrir cuando quieres elevar un estilismo sin complicarte demasiado.<\/p>\n<div class=\"v-c-cmp v-c-cmp--t1 \">\n<div class=\"v-cmp-rld v-cmp-rld--2 \">\n<div class=\"v-cnt-m v-cnt-m--m\">\n<div class=\"v-cnt-m__c\">\n<div class=\"v-cnt-m__w v-cnt-m__w--1\">\n<p class=\"v-cnt-m__t\">\nTAMBI\u00c9N TE INTERESA\n<\/p>\n<\/div>\n<\/div>\n<\/div>\n<div class=\"v-g v-g--2-c v-g--bdr-min-xs\">\n<div class=\"v-g__c \">\n<article class=\"v-a v-a--cmp-rld v-a--cmp-rld-2 v-a--p-l\">\n<div class=\"v-a-img-c\">\n<figure class=\"v-a-fig\">\n<a href=\"https:\/\/www.mujerhoy.com\/moda\/no-te-pierdas\/reina-letizia-look-valencia-traje-morado-bolso-carolina-herrera-20260114125822-nt.html#vtm_modulosEngag=mod-rel:moda:noticia:1:cmp:2-not\" class=\"v-a-link\" title=\"La reina Letizia vuelve a Valencia y se viste de luto con un traje morado y bolso de Carolina Herrera\"><br \/>\n<img loading=\"lazy\" class=\"v-a-img\" src=\"http:\/\/hoycordobaweb.com\/wp-content\/uploads\/2026\/01\/de-maxima-de-holanda-a-la-reina-letizia-por-que-todas-las-royals-recurren-al-total-look-rojo-1.jpg\" alt=\"La reina Letizia vuelve a Valencia y se viste de luto con un traje morado y bolso de Carolina Herrera\"><br \/>\n<\/a><br \/>\n<\/figure>\n<\/div>\n<\/article>\n<\/div>\n<div class=\"v-g__c \">\n<article class=\"v-a v-a--cmp-rld v-a--cmp-rld-2 v-a--p-l\">\n<div class=\"v-a-img-c\">\n<figure class=\"v-a-fig\">\n<a href=\"https:\/\/www.mujerhoy.com\/moda\/no-te-pierdas\/bolso-made-spain-repite-kate-middleton-demellier-london-marron-chocolate-20260112125016-nt.html#vtm_modulosEngag=mod-rel:moda:noticia:2:cmp:2-not\" class=\"v-a-link\" title=\"Este es el bolso made in Spain que m\u00e1s repite Kate Middleton\"><br \/>\n<img loading=\"lazy\" class=\"v-a-img\" src=\"http:\/\/hoycordobaweb.com\/wp-content\/uploads\/2026\/01\/de-maxima-de-holanda-a-la-reina-letizia-por-que-todas-las-royals-recurren-al-total-look-rojo-2.jpg\" alt=\"Este es el bolso made in Spain que m\u00e1s repite Kate Middleton\"><br \/>\n<\/a><br \/>\n<\/figure>\n<\/div>\n<\/article>\n<\/div>\n<\/div>\n<\/div>\n<\/div>\n<p class=\"voc-paragraph\">A pesar de ser un color vibrante e intenso, al que muchas todav\u00eda tienen cierto respeto, lo cierto es que se trata de <strong>un acierto seguro en cualquier ocasi\u00f3n<\/strong>. Da igual si lo eliges para una cita informal de ma\u00f1ana o si se convierte en el gran protagonista de tu look de invitada: el resultado siempre ser\u00e1 de matr\u00edcula de honor.<\/p>\n<p class=\"voc-paragraph\">Eso s\u00ed, el secreto est\u00e1 en aplicar la f\u00f3rmula que siguen mujeres como M\u00e1xima de Holanda o Kate Middleton, y que consiste en completar las prendas rojas con <strong>complementos y zapatos en el mismo tono<\/strong>. Es decir, apostar por un total look rojo, una elecci\u00f3n que funciona especialmente bien y que destila elegancia. Ejemplo de ello son estos estilismos que te mostramos a continuaci\u00f3n y que demuestran lo f\u00e1cil y sencillo que es copiar esta tendencia con \u00e9xito.<\/p>\n<div class=\"v-c-cmp v-c-cmp--s\">\n<div class=\"v-cmp-m \">\n<article class=\"v-a v-a--cmp-m v-c-cmp--m-z\">\n<div class=\"v-a-img-c \">\n<div class=\"v-a-fig\">\n<button class=\"v-a-link\" popovertarget=\"photo-156\"><br \/>\n<img loading=\"lazy\" src=\"http:\/\/hoycordobaweb.com\/wp-content\/uploads\/2026\/01\/de-maxima-de-holanda-a-la-reina-letizia-por-que-todas-las-royals-recurren-al-total-look-rojo-3.jpg\" class=\"v-a-img\" width=\"650\" height=\"650\" alt data-voc-vtm-id=\"in-text-traffic\"> <\/button><figcaption class=\"v-fc\">\n<span class=\"v-fc__p\"><br \/>\ngtres<br \/>\n<\/span><br \/>\n<\/figcaption><\/div>\n<\/div>\n<div id=\"photo-156\" popover class=\"v-mdl v-mdl--fw\">\n<button class=\"v-x\" popovertarget=\"photo-156\" popovertargetaction=\"hide\"><br \/>\n<span class=\"v-i\"><br \/>\n<svg width=\"24\" height=\"23.996\" viewBox=\"0 0 24 23.996\">\n<path data-name=\"Uni\u00f3n 29\" d=\"M12,14.03,2.031,24,0,21.963,9.968,12,0,2.033,2.031,0,12,9.966,21.969,0,24,2.033,14.032,12,24,21.963,21.969,24Z\" \/>\n<\/svg><br \/>\n<\/span><br \/>\n<\/button><\/p>\n<div class=\"v-mdl__c\">\n<div class=\"v-mdl__w\">\n<img loading=\"lazy\" src=\"http:\/\/hoycordobaweb.com\/wp-content\/uploads\/2026\/01\/de-maxima-de-holanda-a-la-reina-letizia-por-que-todas-las-royals-recurren-al-total-look-rojo-3.jpg\" class=\"v-mdl__img-z\" width=\"650\" height=\"650\" alt>\n<\/div>\n<\/div>\n<\/div>\n<p><span class=\"v-bdp\"><\/span><br \/>\n<\/article>\n<\/div>\n<\/div>\n<p><h3 class=\"v-cmp-suh\">\nM\u00e1xima de Holanda: look de invierno<br \/>\n<\/h3>\n<\/p>\n<p class=\"voc-paragraph\">M\u00e1xima de Holanda reaparec\u00eda hace unos d\u00edas con el mejor ejemplo de c\u00f3mo llevar un total look rojo en invierno. La reina a\u00f1ad\u00eda un abrigo de pa\u00f1o con cintur\u00f3n a una combinaci\u00f3n de pantal\u00f3n de traje y jersey, todo en el mismo tono. Un estilismo impecable que completaba con salones, bolso y guantes de piel, tambi\u00e9n en rojo.<\/p>\n<p class=\"voc-paragraph\">Abrigo de <strong>Ecoalf<\/strong>: rebajado a 380 euros.<\/p>\n<p class=\"voc-paragraph\">Pantalones de<strong> Roberto Ve<\/strong>rino: rebajados a 108 euros.<\/p>\n<p class=\"voc-paragraph\">Guantes de <strong>Sfera<\/strong>: 29,99 euros.<\/p>\n<div class=\"v-c-cmp v-c-cmp--s\">\n<div class=\"v-cmp-m \">\n<article class=\"v-a v-a--cmp-m v-c-cmp--m-z\">\n<div class=\"v-a-img-c \">\n<div class=\"v-a-fig\">\n<button class=\"v-a-link\" popovertarget=\"photo-868\"><br \/>\n<img loading=\"lazy\" src=\"http:\/\/hoycordobaweb.com\/wp-content\/uploads\/2026\/01\/de-maxima-de-holanda-a-la-reina-letizia-por-que-todas-las-royals-recurren-al-total-look-rojo-4.jpg\" class=\"v-a-img\" width=\"650\" height=\"650\" alt data-voc-vtm-id=\"in-text-traffic\"> <\/button><figcaption class=\"v-fc\">\n<span class=\"v-fc__p\"><br \/>\ngtres<br \/>\n<\/span><br \/>\n<\/figcaption><\/div>\n<\/div>\n<div id=\"photo-868\" popover class=\"v-mdl v-mdl--fw\">\n<button class=\"v-x\" popovertarget=\"photo-868\" popovertargetaction=\"hide\"><br \/>\n<span class=\"v-i\"><br \/>\n<svg width=\"24\" height=\"23.996\" viewBox=\"0 0 24 23.996\">\n<path data-name=\"Uni\u00f3n 29\" d=\"M12,14.03,2.031,24,0,21.963,9.968,12,0,2.033,2.031,0,12,9.966,21.969,0,24,2.033,14.032,12,24,21.963,21.969,24Z\" \/>\n<\/svg><br \/>\n<\/span><br \/>\n<\/button><\/p>\n<div class=\"v-mdl__c\">\n<div class=\"v-mdl__w\">\n<img loading=\"lazy\" src=\"http:\/\/hoycordobaweb.com\/wp-content\/uploads\/2026\/01\/de-maxima-de-holanda-a-la-reina-letizia-por-que-todas-las-royals-recurren-al-total-look-rojo-4.jpg\" class=\"v-mdl__img-z\" width=\"650\" height=\"650\" alt>\n<\/div>\n<\/div>\n<\/div>\n<p><span class=\"v-bdp\"><\/span><br \/>\n<\/article>\n<\/div>\n<\/div>\n<p><h3 class=\"v-cmp-suh\">\nKate Middleton: falda plisada<br \/>\n<\/h3>\n<\/p>\n<p class=\"voc-paragraph\">Kate Middleton mostraba la versi\u00f3n m\u00e1s elegante de esta f\u00f3rmula hace unos meses con una falda plisada larga, combinada con un jersey de cuello vuelto ajustado. Una propuesta especialmente favorecedora que completaba con unos salones nude, una elecci\u00f3n perfecta para suavizar el conjunto y mantener la elegancia.<\/p>\n<p class=\"voc-paragraph\">Jersey de <strong>Tezenis<\/strong>: 22,99 euros.<\/p>\n<p class=\"voc-paragraph\">Falda de <strong>H&amp;M<\/strong>: 44,99 euros.<\/p>\n<div class=\"v-c-cmp v-c-cmp--s\">\n<div class=\"v-cmp-m \">\n<article class=\"v-a v-a--cmp-m v-c-cmp--m-z\">\n<div class=\"v-a-img-c \">\n<div class=\"v-a-fig\">\n<button class=\"v-a-link\" popovertarget=\"photo-890\"><br \/>\n<img loading=\"lazy\" src=\"http:\/\/hoycordobaweb.com\/wp-content\/uploads\/2026\/01\/de-maxima-de-holanda-a-la-reina-letizia-por-que-todas-las-royals-recurren-al-total-look-rojo-5.jpg\" class=\"v-a-img\" width=\"650\" height=\"650\" alt data-voc-vtm-id=\"in-text-traffic\"> <\/button><figcaption class=\"v-fc\">\n<span class=\"v-fc__p\"><br \/>\ngtres<br \/>\n<\/span><br \/>\n<\/figcaption><\/div>\n<\/div>\n<div id=\"photo-890\" popover class=\"v-mdl v-mdl--fw\">\n<button class=\"v-x\" popovertarget=\"photo-890\" popovertargetaction=\"hide\"><br \/>\n<span class=\"v-i\"><br \/>\n<svg width=\"24\" height=\"23.996\" viewBox=\"0 0 24 23.996\">\n<path data-name=\"Uni\u00f3n 29\" d=\"M12,14.03,2.031,24,0,21.963,9.968,12,0,2.033,2.031,0,12,9.966,21.969,0,24,2.033,14.032,12,24,21.963,21.969,24Z\" \/>\n<\/svg><br \/>\n<\/span><br \/>\n<\/button><\/p>\n<div class=\"v-mdl__c\">\n<div class=\"v-mdl__w\">\n<img loading=\"lazy\" src=\"http:\/\/hoycordobaweb.com\/wp-content\/uploads\/2026\/01\/de-maxima-de-holanda-a-la-reina-letizia-por-que-todas-las-royals-recurren-al-total-look-rojo-5.jpg\" class=\"v-mdl__img-z\" width=\"650\" height=\"650\" alt>\n<\/div>\n<\/div>\n<\/div>\n<p><span class=\"v-bdp\"><\/span><br \/>\n<\/article>\n<\/div>\n<\/div>\n<p><h3 class=\"v-cmp-suh\">\nRania de Jordania: efecto reductor<br \/>\n<\/h3>\n<\/p>\n<p class=\"voc-paragraph\">Rania de Jordania se convert\u00eda en la mejor vestida de un acto en Egipto repleto de autoridades y representantes pol\u00edticos. \u00bfC\u00f3mo lo hac\u00eda? Apostando por un total look rojo formado por un top ajustado de cuello redondo y manga larga, combinado con una falda con nudo en la cintura. Este detalle, uno de los favoritos para disimular el abdomen y lograr un efecto reductor y moldeador, suele ser siempre un acierto. En esta ocasi\u00f3n, Rania romp\u00eda el monocromatismo con complementos blancos, a\u00f1adiendo un clutch y unos zapatos de tac\u00f3n.<\/p>\n<p class=\"voc-paragraph\">Vestido de <strong>Mango<\/strong>: 119,99 euros.<\/p>\n<div class=\"v-c-cmp v-c-cmp--s\">\n<div class=\"v-cmp-m \">\n<article class=\"v-a v-a--cmp-m v-c-cmp--m-z\">\n<div class=\"v-a-img-c \">\n<div class=\"v-a-fig\">\n<button class=\"v-a-link\" popovertarget=\"photo-600\"><br \/>\n<img loading=\"lazy\" src=\"http:\/\/hoycordobaweb.com\/wp-content\/uploads\/2026\/01\/de-maxima-de-holanda-a-la-reina-letizia-por-que-todas-las-royals-recurren-al-total-look-rojo-6.jpg\" class=\"v-a-img\" width=\"650\" height=\"650\" alt data-voc-vtm-id=\"in-text-traffic\"> <\/button><figcaption class=\"v-fc\">\n<span class=\"v-fc__p\"><br \/>\ngtres<br \/>\n<\/span><br \/>\n<\/figcaption><\/div>\n<\/div>\n<div id=\"photo-600\" popover class=\"v-mdl v-mdl--fw\">\n<button class=\"v-x\" popovertarget=\"photo-600\" popovertargetaction=\"hide\"><br \/>\n<span class=\"v-i\"><br \/>\n<svg width=\"24\" height=\"23.996\" viewBox=\"0 0 24 23.996\">\n<path data-name=\"Uni\u00f3n 29\" d=\"M12,14.03,2.031,24,0,21.963,9.968,12,0,2.033,2.031,0,12,9.966,21.969,0,24,2.033,14.032,12,24,21.963,21.969,24Z\" \/>\n<\/svg><br \/>\n<\/span><br \/>\n<\/button><\/p>\n<div class=\"v-mdl__c\">\n<div class=\"v-mdl__w\">\n<img loading=\"lazy\" src=\"http:\/\/hoycordobaweb.com\/wp-content\/uploads\/2026\/01\/de-maxima-de-holanda-a-la-reina-letizia-por-que-todas-las-royals-recurren-al-total-look-rojo-6.jpg\" class=\"v-mdl__img-z\" width=\"650\" height=\"650\" alt>\n<\/div>\n<\/div>\n<\/div>\n<p><span class=\"v-bdp\"><\/span><br \/>\n<\/article>\n<\/div>\n<\/div>\n<p><h3 class=\"v-cmp-suh\">\nSassa de Osma: traje de chaqueta<br \/>\n<\/h3>\n<\/p>\n<p class=\"voc-paragraph\">Para quienes buscan ideas m\u00e1s f\u00e1ciles de adaptar al d\u00eda a d\u00eda, en esta selecci\u00f3n no pod\u00eda faltar el traje de chaqueta y pantal\u00f3n que llev\u00f3 Sassa de Osma. Aunque pueda parecer una f\u00f3rmula muy elegante y formal, ella demostr\u00f3 que tambi\u00e9n funciona en clave casual si se combina con piezas m\u00e1s relajadas, como una bufanda de cuadros, un bolso bandolera y unos botines negros.<\/p>\n<p class=\"voc-paragraph\">Traje de <strong>Sumissura<\/strong>: 289 euros.<\/p>\n<p class=\"voc-paragraph\">Bufanda de <strong>Sams\u00f8e Sams\u00f8e<\/strong>: 130 euros.<\/p>\n<div class=\"v-c-cmp v-c-cmp--s\">\n<div class=\"v-cmp-m \">\n<article class=\"v-a v-a--cmp-m v-c-cmp--m-z\">\n<div class=\"v-a-img-c \">\n<div class=\"v-a-fig\">\n<button class=\"v-a-link\" popovertarget=\"photo-590\"><br \/>\n<img loading=\"lazy\" src=\"http:\/\/hoycordobaweb.com\/wp-content\/uploads\/2026\/01\/de-maxima-de-holanda-a-la-reina-letizia-por-que-todas-las-royals-recurren-al-total-look-rojo-7.jpg\" class=\"v-a-img\" width=\"650\" height=\"650\" alt data-voc-vtm-id=\"in-text-traffic\"> <\/button><figcaption class=\"v-fc\">\n<span class=\"v-fc__p\"><br \/>\ngtres<br \/>\n<\/span><br \/>\n<\/figcaption><\/div>\n<\/div>\n<div id=\"photo-590\" popover class=\"v-mdl v-mdl--fw\">\n<button class=\"v-x\" popovertarget=\"photo-590\" popovertargetaction=\"hide\"><br \/>\n<span class=\"v-i\"><br \/>\n<svg width=\"24\" height=\"23.996\" viewBox=\"0 0 24 23.996\">\n<path data-name=\"Uni\u00f3n 29\" d=\"M12,14.03,2.031,24,0,21.963,9.968,12,0,2.033,2.031,0,12,9.966,21.969,0,24,2.033,14.032,12,24,21.963,21.969,24Z\" \/>\n<\/svg><br \/>\n<\/span><br \/>\n<\/button><\/p>\n<div class=\"v-mdl__c\">\n<div class=\"v-mdl__w\">\n<img loading=\"lazy\" src=\"http:\/\/hoycordobaweb.com\/wp-content\/uploads\/2026\/01\/de-maxima-de-holanda-a-la-reina-letizia-por-que-todas-las-royals-recurren-al-total-look-rojo-7.jpg\" class=\"v-mdl__img-z\" width=\"650\" height=\"650\" alt>\n<\/div>\n<\/div>\n<\/div>\n<p><span class=\"v-bdp\"><\/span><br \/>\n<\/article>\n<\/div>\n<\/div>\n<p><h3 class=\"v-cmp-suh\">\nReina Letizia: pantalones de piel<br \/>\n<\/h3>\n<\/p>\n<p class=\"voc-paragraph\">Si hablamos de dominar el rojo, la aut\u00e9ntica reina de esta f\u00f3rmula es do\u00f1a Letizia. Son muchos los estilismos que ha elegido en este color, pero para esta selecci\u00f3n nos hemos centrado en uno de sus looks m\u00e1s inspiradores: un pantal\u00f3n de piel de talle alto combinado con un jersey de cuello redondo y manga larga, rematado con salones a juego.<\/p>\n<p class=\"voc-paragraph\">Jersey de <strong>Hug&amp;Clau<\/strong>: rebajado a 19,99 euros.<\/p>\n<p class=\"voc-paragraph\">Pantalones de <strong>Wild Pony<\/strong>: rebajados a 71,99 euros.<\/p>\n<p class=\"voc-paragraph\">Zapatos de <strong>PINKCHIC guagua<\/strong>: rebajados a 109 euros.<\/p>\n<div class=\"v-c-cmp v-c-cmp--s\">\n<div class=\"v-cmp-m \">\n<article class=\"v-a v-a--cmp-m v-c-cmp--m-z\">\n<div class=\"v-a-img-c \">\n<div class=\"v-a-fig\">\n<button class=\"v-a-link\" popovertarget=\"photo-900\"><br \/>\n<img loading=\"lazy\" src=\"http:\/\/hoycordobaweb.com\/wp-content\/uploads\/2026\/01\/de-maxima-de-holanda-a-la-reina-letizia-por-que-todas-las-royals-recurren-al-total-look-rojo-8.jpg\" class=\"v-a-img\" width=\"650\" height=\"650\" alt data-voc-vtm-id=\"in-text-traffic\"> <\/button><figcaption class=\"v-fc\">\n<span class=\"v-fc__p\"><br \/>\ngtres<br \/>\n<\/span><br \/>\n<\/figcaption><\/div>\n<\/div>\n<div id=\"photo-900\" popover class=\"v-mdl v-mdl--fw\">\n<button class=\"v-x\" popovertarget=\"photo-900\" popovertargetaction=\"hide\"><br \/>\n<span class=\"v-i\"><br \/>\n<svg width=\"24\" height=\"23.996\" viewBox=\"0 0 24 23.996\">\n<path data-name=\"Uni\u00f3n 29\" d=\"M12,14.03,2.031,24,0,21.963,9.968,12,0,2.033,2.031,0,12,9.966,21.969,0,24,2.033,14.032,12,24,21.963,21.969,24Z\" \/>\n<\/svg><br \/>\n<\/span><br \/>\n<\/button><\/p>\n<div class=\"v-mdl__c\">\n<div class=\"v-mdl__w\">\n<img loading=\"lazy\" src=\"http:\/\/hoycordobaweb.com\/wp-content\/uploads\/2026\/01\/de-maxima-de-holanda-a-la-reina-letizia-por-que-todas-las-royals-recurren-al-total-look-rojo-8.jpg\" class=\"v-mdl__img-z\" width=\"650\" height=\"650\" alt>\n<\/div>\n<\/div>\n<\/div>\n<p><span class=\"v-bdp\"><\/span><br \/>\n<\/article>\n<\/div>\n<\/div>\n<p><h3 class=\"v-cmp-suh\">\nCarolina de M\u00f3naco: mezcla de estampados<br \/>\n<\/h3>\n<\/p>\n<p class=\"voc-paragraph\">La mism\u00edsima Carolina de M\u00f3naco tambi\u00e9n ha demostrado que el total look rojo funciona de maravilla en verano. Lo hizo con un vestido largo de falda fluida y tejido floreado que combin\u00f3 de manera muy original: mezclando estampados con unas bailarinas de rayas en tonos rojos. Complet\u00f3 el estilismo, como no pod\u00eda ser de otra forma, con un bolso de cadena dorada.<\/p>\n<p class=\"voc-paragraph\">Vestido de <strong>The Are<\/strong>: 139,95 euros.<\/p>\n<p class=\"voc-paragraph\">Bolso de <strong>Monpiel<\/strong>: rebajado a 127,90 euros.<\/p>\n<p class=\"voc-paragraph\">Bailarinas de <strong>Pretty Ballerinas<\/strong>: rebajadas a 99,50 euros.<\/p>\n<div class=\"v-c-cmp v-c-cmp--s\">\n<div class=\"v-cmp-m \">\n<article class=\"v-a v-a--cmp-m v-c-cmp--m-z\">\n<div class=\"v-a-img-c \">\n<div class=\"v-a-fig\">\n<button class=\"v-a-link\" popovertarget=\"photo-529\"><br \/>\n<img loading=\"lazy\" src=\"http:\/\/hoycordobaweb.com\/wp-content\/uploads\/2026\/01\/de-maxima-de-holanda-a-la-reina-letizia-por-que-todas-las-royals-recurren-al-total-look-rojo-9.jpg\" class=\"v-a-img\" width=\"650\" height=\"650\" alt data-voc-vtm-id=\"in-text-traffic\"> <\/button><figcaption class=\"v-fc\">\n<span class=\"v-fc__p\"><br \/>\ngtres<br \/>\n<\/span><br \/>\n<\/figcaption><\/div>\n<\/div>\n<div id=\"photo-529\" popover class=\"v-mdl v-mdl--fw\">\n<button class=\"v-x\" popovertarget=\"photo-529\" popovertargetaction=\"hide\"><br \/>\n<span class=\"v-i\"><br \/>\n<svg width=\"24\" height=\"23.996\" viewBox=\"0 0 24 23.996\">\n<path data-name=\"Uni\u00f3n 29\" d=\"M12,14.03,2.031,24,0,21.963,9.968,12,0,2.033,2.031,0,12,9.966,21.969,0,24,2.033,14.032,12,24,21.963,21.969,24Z\" \/>\n<\/svg><br \/>\n<\/span><br \/>\n<\/button><\/p>\n<div class=\"v-mdl__c\">\n<div class=\"v-mdl__w\">\n<img loading=\"lazy\" src=\"http:\/\/hoycordobaweb.com\/wp-content\/uploads\/2026\/01\/de-maxima-de-holanda-a-la-reina-letizia-por-que-todas-las-royals-recurren-al-total-look-rojo-9.jpg\" class=\"v-mdl__img-z\" width=\"650\" height=\"650\" alt>\n<\/div>\n<\/div>\n<\/div>\n<p><span class=\"v-bdp\"><\/span><br \/>\n<\/article>\n<\/div>\n<\/div>\n<p><h3 class=\"v-cmp-suh\">\nBeatrice Borromeo: look de invitada<br \/>\n<\/h3>\n<\/p>\n<p class=\"voc-paragraph\">Por \u00faltimo, el rojo se confirma como una opci\u00f3n perfecta para bodas y eventos especiales. El mejor ejemplo lo encontramos en Beatrice Borromeo, que apost\u00f3 por este dos piezas de Dior acompa\u00f1ado de pamela durante el D\u00eda Nacional de M\u00f3naco. Un look elegant\u00edsimo que recomendamos copiar si tienes una cita de este tipo pr\u00f3ximamente.<\/p>\n<p class=\"voc-paragraph\">Conjunto de<strong> Loreto Mart\u00ednez Studio<\/strong>: falda 139 euros y chaqueta 269 euros.<\/p>\n<p class=\"voc-paragraph\">Pamela de <strong>Marcela &amp; Co.<\/strong>: 180 euros.<\/p>\n<div class=\"v-c-cmp v-c-cmp--t1 \">\n<div class=\"v-cmp-rld v-cmp-rld--2 \">\n<div class=\"v-cnt-m v-cnt-m--m\">\n<div class=\"v-cnt-m__c\">\n<div class=\"v-cnt-m__w v-cnt-m__w--1\">\n<p class=\"v-cnt-m__t\">\nTAMBI\u00c9N TE INTERESA\n<\/p>\n<\/div>\n<\/div>\n<\/div>\n<div class=\"v-g v-g--2-c v-g--bdr-min-xs\">\n<div class=\"v-g__c \">\n<article class=\"v-a v-a--cmp-rld v-a--cmp-rld-2 v-a--p-l\">\n<div class=\"v-a-img-c\">\n<figure class=\"v-a-fig\">\n<a href=\"https:\/\/www.mujerhoy.com\/moda\/no-te-pierdas\/reina-letizia-repite-blusa-lazada-hugo-boss-20260113183256-nt.html#vtm_modulosEngag=mod-rel:moda:noticia:1:cmp:2-not\" class=\"v-a-link\" title=\"La reina Letizia sorprende en los Premios Zenda: repite blusa de Hugo Boss y pantalones de Sybilla\"><br \/>\n<img loading=\"lazy\" class=\"v-a-img\" src=\"http:\/\/hoycordobaweb.com\/wp-content\/uploads\/2026\/01\/de-maxima-de-holanda-a-la-reina-letizia-por-que-todas-las-royals-recurren-al-total-look-rojo-10.jpg\" alt=\"La reina Letizia sorprende en los Premios Zenda: repite blusa de Hugo Boss y pantalones de Sybilla\"><br \/>\n<\/a><br \/>\n<\/figure>\n<\/div>\n<\/article>\n<\/div>\n<div class=\"v-g__c \">\n<article class=\"v-a v-a--cmp-rld v-a--cmp-rld-2 v-a--p-l\">\n<div class=\"v-a-img-c\">\n<figure class=\"v-a-fig\">\n<a href=\"https:\/\/www.mujerhoy.com\/moda\/no-te-pierdas\/amal-clooney-globos-oro-2026-invitada-mejor-vestida-alfombra-roja-20260112031729-nt.html#vtm_modulosEngag=mod-rel:moda:noticia:2:cmp:2-not\" class=\"v-a-link\" title=\"Amal Clooney nunca falla: c\u00f3mo ser la invitada perfecta en los Globos de Oro 2026 con un vestido rojo espectacular\"><br \/>\n<img loading=\"lazy\" class=\"v-a-img\" src=\"http:\/\/hoycordobaweb.com\/wp-content\/uploads\/2026\/01\/de-maxima-de-holanda-a-la-reina-letizia-por-que-todas-las-royals-recurren-al-total-look-rojo-11.jpg\" alt=\"Amal Clooney nunca falla: c\u00f3mo ser la invitada perfecta en los Globos de Oro 2026 con un vestido rojo espectacular\"><br \/>\n<\/a><br \/>\n<\/figure>\n<\/div>\n<\/article>\n<\/div>\n<\/div>\n<\/div>\n<\/div>\n<div class=\"media_block\"><\/div>\n","protected":false},"excerpt":{"rendered":"<p>La \u00faltima aparici\u00f3n p\u00fablica de M\u00e1xima de Holanda nos ha recordado cu\u00e1l es uno de los trucos de estilo favoritos de las royals. Y no, no hablamos de su gusto por los trajes de chaqueta, los stilettos en color nude o las prendas lisas con siluetas marcadas en la cintura. Nos referimos a su amor [&hellip;]<\/p>\n","protected":false},"author":1,"featured_media":129415,"comment_status":"closed","ping_status":"closed","sticky":false,"template":"","format":"standard","meta":[],"categories":[],"tags":[],"_links":{"self":[{"href":"http:\/\/hoycordobaweb.com\/index.php\/wp-json\/wp\/v2\/posts\/129414"}],"collection":[{"href":"http:\/\/hoycordobaweb.com\/index.php\/wp-json\/wp\/v2\/posts"}],"about":[{"href":"http:\/\/hoycordobaweb.com\/index.php\/wp-json\/wp\/v2\/types\/post"}],"author":[{"embeddable":true,"href":"http:\/\/hoycordobaweb.com\/index.php\/wp-json\/wp\/v2\/users\/1"}],"replies":[{"embeddable":true,"href":"http:\/\/hoycordobaweb.com\/index.php\/wp-json\/wp\/v2\/comments?post=129414"}],"version-history":[{"count":0,"href":"http:\/\/hoycordobaweb.com\/index.php\/wp-json\/wp\/v2\/posts\/129414\/revisions"}],"wp:featuredmedia":[{"embeddable":true,"href":"http:\/\/hoycordobaweb.com\/index.php\/wp-json\/wp\/v2\/media\/129415"}],"wp:attachment":[{"href":"http:\/\/hoycordobaweb.com\/index.php\/wp-json\/wp\/v2\/media?parent=129414"}],"wp:term":[{"taxonomy":"category","embeddable":true,"href":"http:\/\/hoycordobaweb.com\/index.php\/wp-json\/wp\/v2\/categories?post=129414"},{"taxonomy":"post_tag","embeddable":true,"href":"http:\/\/hoycordobaweb.com\/index.php\/wp-json\/wp\/v2\/tags?post=129414"}],"curies":[{"name":"wp","href":"https:\/\/api.w.org\/{rel}","templated":true}]}}