{"id":129400,"date":"2026-01-24T20:03:34","date_gmt":"2026-01-24T20:03:34","guid":{"rendered":"https:\/\/www.ole.com.ar\/river-plate\/river-plate-santiago-beltran_0_2pW1RDVMev.html"},"modified":"2026-01-24T20:03:34","modified_gmt":"2026-01-24T20:03:34","slug":"con-beltran-los-52-juveniles-que-debutaron-en-river-con-gallardo","status":"publish","type":"post","link":"http:\/\/hoycordobaweb.com\/index.php\/2026\/01\/24\/con-beltran-los-52-juveniles-que-debutaron-en-river-con-gallardo\/","title":{"rendered":"Con Beltr\u00e1n, los 52 juveniles que debutaron en River con Gallardo"},"content":{"rendered":"<p><img src=\"http:\/\/hoycordobaweb.com\/wp-content\/uploads\/2026\/01\/con-beltran-los-52-juveniles-que-debutaron-en-river-con-gallardo.jpg\"><\/p>\n<p><time class=\"createDate\" datetime=\"2026-01-24T17:03:34-03:00\">24\/01\/2026 17:03hs.<\/time><\/p>\n<div id=\"storyBody\">\n<div id=\"element-body-0\" class=\"sc-136cd478-0 ekTCfV\" readability=\"37.564220183486\">\n<p>Si bien este fue su cuarto partido con la Primera Divisi\u00f3n de <strong><a href=\"https:\/\/www.ole.com.ar\/tema\/river-plate.html\" title=\"River Plate\" alt=\"River Plate\" class=\"slug\">River<\/a><\/strong>, el encuentro disputado en el estadio Chiqui Tapia ante Barracas tuvo un sabor distinto para <strong>Santiago Beltr\u00e1n<\/strong>: es el primero por los puntos. Este s\u00e1bado, como consecuencia de las lesiones de Franco Armani y Ezequiel Centuri\u00f3n, <strong>el arquero se convirti\u00f3 en el juvenil n\u00famero 52 en debutar oficialmente en la Primera del CARP bajo la conducci\u00f3n de Marcelo Gallardo.<\/strong><\/p>\n<\/div>\n<div class=\"sc-e7b891c4-0 ifHnQL image-embed\" id=\"element-body-1\"><img alt=\"Santiago Beltr\u00e1n debuta en primera. Foto: River\" loading=\"lazy\" width=\"720\" height=\"100\" decoding=\"async\" data-nimg=\"1\" src=\"http:\/\/hoycordobaweb.com\/wp-content\/uploads\/2026\/01\/con-beltran-los-52-juveniles-que-debutaron-en-river-con-gallardo-2.jpg\"><span class=\"epigraphe\">Santiago Beltr\u00e1n debuta en primera. Foto: River<\/span><\/div>\n<div id=\"element-body-2\" class=\"sc-136cd478-0 ekTCfV\" readability=\"50\">\n<p><strong>Con los primeros minutos de Beltr\u00e1n en Primera, se dio adem\u00e1s el primer debut juvenil de 2026:<\/strong> fue el primer pibe en estrenarse en la m\u00e1xima categor\u00eda en este nuevo a\u00f1o. Una temporada que arranca con un estreno, luego de lo que fue un 2025 en el que Gallardo tuvo su temporada con mayor cantidad de debuts juveniles: fueron nueve, superando los ocho de 2015 (Leandro Vega, Franco L\u00f3pez, Pablo Carreras, Abel Casquete, Claudio Salto, Lautaro Arellano, Exquiel Palacios y Luis Olivera) y 2017 (Maxi Velazco, Zacar\u00edas Mor\u00e1n Correa, Alan Picazzo, Santiago Vera, Augusto Aguirre, Kevin Sibille, Nahuel Gallardo y Cristian Ferreira).<\/p>\n<\/div>\n<div class=\"sc-e7b891c4-0 ifHnQL image-embed\" id=\"element-body-3\"><img alt=\"Foto: EFE\/ Gaston Britos\" loading=\"lazy\" width=\"720\" height=\"100\" decoding=\"async\" data-nimg=\"1\" src=\"http:\/\/hoycordobaweb.com\/wp-content\/uploads\/2026\/01\/con-beltran-los-52-juveniles-que-debutaron-en-river-con-gallardo-3.jpg\"><span class=\"epigraphe\">Foto: EFE\/ Gaston Britos<\/span><\/div>\n<p><h2><strong>Los debuts del 2025<\/strong><\/h2>\n<\/p>\n<div id=\"element-body-5\" class=\"sc-136cd478-0 ekTCfV\" readability=\"40\">\n<p><strong>Giorgio Costantini <\/strong>fue el primero en sumar su experiencia inicial en Primera: el 9 de marzo, en un 1-0 a Atl\u00e9tico Tucum\u00e1n, entr\u00f3 para jugar un pu\u00f1ado de minutos del tiempo de descuento porque hab\u00eda sido expulsado Santiago Sim\u00f3n. En total, el brasile\u00f1o de 19 a\u00f1os, quien se recupera de una rotura del ligamento cruzado anterior y menisco de su rodilla izquierda, acumul\u00f3 49&#8242; en tres encuentros.<\/p>\n<\/div>\n<div class=\"sc-e7b891c4-0 ifHnQL image-embed\" id=\"element-body-6\"><img alt=\"Giorgio Costantini en el entrenamiento de River.\" loading=\"lazy\" width=\"720\" height=\"100\" decoding=\"async\" data-nimg=\"1\" src=\"http:\/\/hoycordobaweb.com\/wp-content\/uploads\/2026\/01\/con-beltran-los-52-juveniles-que-debutaron-en-river-con-gallardo-4.jpg\"><span class=\"epigraphe\">Giorgio Costantini en el entrenamiento de River.<\/span><\/div>\n<div id=\"element-body-7\" class=\"sc-136cd478-0 ekTCfV\" readability=\"39\">\n<p>10 d\u00edas despu\u00e9s, en un c\u00f3modo triunfo ante Ciudad de Bol\u00edvar por los 32vos de la Copa Argentina, le lleg\u00f3 el turno al central <strong>Ulises Gim\u00e9nez<\/strong>: fueron solo cuatro minutos en cancha, en un contexto de rotaci\u00f3n pr\u00e1cticamente total. Luego, fue tres veces al banco, pero sin ingresar.<\/p>\n<\/div>\n<div class=\"sc-e7b891c4-0 ifHnQL image-embed\" id=\"element-body-8\"><img alt=\"Ulises Gim\u00e9nez en su primera pretemporada con el plantel profesional. Prensa River.\" loading=\"lazy\" width=\"720\" height=\"100\" decoding=\"async\" data-nimg=\"1\" src=\"http:\/\/hoycordobaweb.com\/wp-content\/uploads\/2026\/01\/con-beltran-los-52-juveniles-que-debutaron-en-river-con-gallardo-5.jpg\"><span class=\"epigraphe\">Ulises Gim\u00e9nez en su primera pretemporada con el plantel profesional. Prensa River.<\/span><\/div>\n<div id=\"element-body-9\" class=\"sc-136cd478-0 ekTCfV\" readability=\"39\">\n<p>De la lista, el m\u00e1s joven es <strong>Juan Cruz Meza<\/strong>, quien tuvo su tan ansiado d\u00eda el 13 de julio, en la primera fecha del Clausura (Platense): el chico de 17 a\u00f1os irrumpi\u00f3 r\u00e1pidamente y cautiv\u00f3 con su talento y buen pase como interno, pero \u00faltimamente fue perdiendo lugar. Suma 218&#8242; en ocho encuentros.<\/p>\n<\/div>\n<div class=\"sc-e7b891c4-0 ifHnQL image-embed\" id=\"element-body-10\"><img alt=\"Juan Cruz Meza\nPrensa River\" loading=\"lazy\" width=\"720\" height=\"100\" decoding=\"async\" data-nimg=\"1\" src=\"http:\/\/hoycordobaweb.com\/wp-content\/uploads\/2026\/01\/con-beltran-los-52-juveniles-que-debutaron-en-river-con-gallardo-6.jpg\"><span class=\"epigraphe\">Juan Cruz Meza<br \/>\nPrensa River<\/span><\/div>\n<div id=\"element-body-11\" class=\"sc-136cd478-0 ekTCfV\" readability=\"37\">\n<p>Casi un mes despu\u00e9s, el 17 de agosto, Bautista Dad\u00edn sorprendi\u00f3 con sus buenos movimientos y sociedades en un 4-2 a Godoy Cruz en el Monumental. Algunas lesiones en la delantera le abrieron la puerta, aunque para este 2026 se march\u00f3 a pr\u00e9stamo a Independiente Rivadavia.<\/p>\n<\/div>\n<div class=\"sc-e7b891c4-0 ifHnQL image-embed\" id=\"element-body-12\"><img alt=\"Bautista Dad\u00edn, en su debut en River contra Godoy Cruz (Prensa River).\" loading=\"lazy\" width=\"720\" height=\"100\" decoding=\"async\" data-nimg=\"1\" src=\"http:\/\/hoycordobaweb.com\/wp-content\/uploads\/2026\/01\/con-beltran-los-52-juveniles-que-debutaron-en-river-con-gallardo-7.jpg\"><span class=\"epigraphe\">Bautista Dad\u00edn, en su debut en River contra Godoy Cruz (Prensa River).<\/span><\/div>\n<div id=\"element-body-13\" class=\"sc-136cd478-0 ekTCfV\" readability=\"37\">\n<p>La visita a Atl\u00e9tico Tucum\u00e1n, entre medio de la serie contra Palmeiras por los cuartos de la Libertadores, se present\u00f3 como una oportunidad para Gallardo para darles rodaje a varios con pocas oportunidades y a algunos canteranos. As\u00ed fue como <strong>Agust\u00edn de la Cuesta (titular) y Thiago Acosta (entr\u00f3 en el segundo tiempo) <\/strong>se estrenaron en el primer equipo. Solo el segundo volvi\u00f3 a sumar minutos: jug\u00f3 contra Sarmiento y V\u00e9lez.<\/p>\n<\/div>\n<div class=\"sc-e7b891c4-0 ifHnQL image-embed\" id=\"element-body-14\"><img alt=\"Agust\u00edn De La Cuesta. Foto: Instagram\" loading=\"lazy\" width=\"720\" height=\"100\" decoding=\"async\" data-nimg=\"1\" src=\"http:\/\/hoycordobaweb.com\/wp-content\/uploads\/2026\/01\/con-beltran-los-52-juveniles-que-debutaron-en-river-con-gallardo-8.jpg\"><span class=\"epigraphe\">Agust\u00edn De La Cuesta. Foto: Instagram<\/span><\/div>\n<div id=\"element-body-15\" class=\"sc-136cd478-0 ekTCfV\" readability=\"37\">\n<p>Ante el Verde, justamente, hizo su debut el que hasta este fin de semana ostentaba el mote de haber sido el \u00faltimo: <strong> Cristian Jaime<\/strong>, quien a sus 19 a\u00f1os cautiv\u00f3 a muchos hinchas con el talento de su zurda. Suma 75&#8242; entre ese partido y el de Gimnasia.<\/p>\n<\/div>\n<div class=\"sc-e7b891c4-0 ifHnQL image-embed\" id=\"element-body-16\"><img alt=\"Cristian Jaime, la nueva joyita de River.\" loading=\"lazy\" width=\"720\" height=\"100\" decoding=\"async\" data-nimg=\"1\" src=\"http:\/\/hoycordobaweb.com\/wp-content\/uploads\/2026\/01\/con-beltran-los-52-juveniles-que-debutaron-en-river-con-gallardo-9.jpg\"><span class=\"epigraphe\">Cristian Jaime, la nueva joyita de River.<\/span><\/div>\n<div id=\"element-body-17\" class=\"sc-136cd478-0 ekTCfV\" readability=\"40\">\n<p>En la \u00faltima fecha de la fase regular del Clausura, ante V\u00e9lez, debutaron los \u00faltimos dos del 2025: <strong> Agust\u00edn Obreg\u00f3n y Joaqu\u00edn Freitas.<\/strong> Obreg\u00f3n comenz\u00f3 el 2026 siendo tenido en cuenta por Gallardo y viajando a la pretemporada. Por su parte, Freitas, sin integrar el plantel de Primera, se qued\u00f3 a pelear un lugar en la Reserva. <\/p>\n<\/div>\n<div class=\"sc-e7b891c4-0 ifHnQL image-embed\" id=\"element-body-18\"><img alt=\"Joaqu\u00edn Freitas en la conferencia previa al supercl\u00e1sico de Reserva. Foto: prensa Liga Profesional\" loading=\"lazy\" width=\"720\" height=\"100\" decoding=\"async\" data-nimg=\"1\" src=\"http:\/\/hoycordobaweb.com\/wp-content\/uploads\/2026\/01\/con-beltran-los-52-juveniles-que-debutaron-en-river-con-gallardo-10.jpg\"><span class=\"epigraphe\">Joaqu\u00edn Freitas en la conferencia previa al supercl\u00e1sico de Reserva. Foto: prensa Liga Profesional<\/span><\/div>\n<p><h2><strong>Los 52 jugadores que debutaron con Gallardo, a\u00f1o por a\u00f1o<\/strong><\/h2>\n<\/p>\n<div id=\"element-body-20\" class=\"sc-136cd478-0 ekTCfV\" readability=\"32\">\n<p><strong>2014\u200b: <\/strong>1) Lucas Boy\u00e9 2) Emanuel Mammana 3) Guido Rodr\u00edguez.<\/p>\n<\/div>\n<div id=\"element-body-21\" class=\"sc-136cd478-0 ekTCfV\" readability=\"40\">\n<p><strong>2015: <\/strong>4) Leandro Vega, 5) Franco L\u00f3pez, 6) Pablo Carreras, 7) Abel Casquete, 8) Claudio Salto, 9) Lautaro Arellano, 10) Exequiel Palacios, 11) Luis Olivera.<\/p>\n<\/div>\n<div id=\"element-body-22\" class=\"sc-136cd478-0 ekTCfV\" readability=\"37\">\n<p><strong>2016:<\/strong> 12) Augusto Batalla, 13) Gonzalo Montiel, 14) Tom\u00e1s Andrade, 15) Lucas Mart\u00ednez Quarta, 16) Mat\u00edas Moya.<\/p>\n<\/div>\n<div id=\"element-body-23\" class=\"sc-136cd478-0 ekTCfV\" readability=\"40\">\n<p><strong>2017:<\/strong> 17) Maximiliano Velazco, 18) Zacar\u00edas Mor\u00e1n Correa, 19) Alan Marcel Picazzo, 20) Santiago Vera, 21) Augusto Aguirre, 22) Kevin Sibille, 23) Nahuel Gallardo, 24) Cristian Ferreira.<\/p>\n<\/div>\n<div id=\"element-body-24\" class=\"sc-136cd478-0 ekTCfV\" readability=\"35\">\n<p><strong>2018:<\/strong> 25) Santiago Sosa, 26) Juli\u00e1n \u00c1lvarez, 27) David Mart\u00ednez, 28) Lucas Beltr\u00e1n.<\/p>\n<\/div>\n<div id=\"element-body-25\" class=\"sc-136cd478-0 ekTCfV\" readability=\"35\">\n<p><strong>2019: <\/strong>29) Federico Girotti, 30) Hern\u00e1n L\u00f3pez, 31) Benjamin Rollheiser, 32) El\u00edas L\u00f3pez.<\/p>\n<\/div>\n<div id=\"element-body-26\" class=\"sc-136cd478-0 ekTCfV\" readability=\"35\">\n<p><strong>2020: <\/strong>33) Franco Paredes, 34) Enzo Fern\u00e1ndez, 35) Santiago Sim\u00f3n, 36) Tom\u00e1s Castro Ponce.<\/p>\n<\/div>\n<div id=\"element-body-27\" class=\"sc-136cd478-0 ekTCfV\" readability=\"38\">\n<p><strong>2021: <\/strong>37) Alan Leonardo D\u00edaz, 38) Tom\u00e1s Galv\u00e1n, 39) Daniel Lucero, 40) <strong> <\/strong>Tom\u00e1s Lecanda, 41) Felipe Pe\u00f1a Biafore, 42) Felipe Salomoni.<\/p>\n<\/div>\n<div id=\"element-body-28\" class=\"sc-136cd478-0 ekTCfV\" readability=\"32\">\n<p><strong>2022:<\/strong> no debutaron jugadores.<\/p>\n<\/div>\n<div id=\"element-body-29\" class=\"sc-136cd478-0 ekTCfV\" readability=\"32\">\n<p><strong>2024:<\/strong> no debutaron jugadores.<\/p>\n<\/div>\n<div id=\"element-body-30\" class=\"sc-136cd478-0 ekTCfV\" readability=\"41\">\n<p><strong>2025:<\/strong> 43) Giorgio Costantini, 44) Ulises Gim\u00e9nez, 45) Juan Cruz Meza, 46) Bautista Dad\u00edn, 47) Agust\u00edn de la Cuesta, 48) Thiago Acosta, 49) Cristian Jaime, 50) Agust\u00edn Obreg\u00f3n y 51) Joaqu\u00edn Freitas.<\/p>\n<\/div>\n<div id=\"element-body-31\" class=\"sc-136cd478-0 ekTCfV\" readability=\"32\">\n<p><strong>2026:<\/strong> 52) Santiago Beltr\u00e1n<\/p>\n<\/div>\n<\/div>\n","protected":false},"excerpt":{"rendered":"<p>24\/01\/2026 17:03hs. Si bien este fue su cuarto partido con la Primera Divisi\u00f3n de River, el encuentro disputado en el estadio Chiqui Tapia ante Barracas tuvo un sabor distinto para Santiago Beltr\u00e1n: es el primero por los puntos. Este s\u00e1bado, como consecuencia de las lesiones de Franco Armani y Ezequiel Centuri\u00f3n, el arquero se convirti\u00f3 [&hellip;]<\/p>\n","protected":false},"author":1,"featured_media":129401,"comment_status":"open","ping_status":"closed","sticky":false,"template":"","format":"standard","meta":[],"categories":[16],"tags":[],"_links":{"self":[{"href":"http:\/\/hoycordobaweb.com\/index.php\/wp-json\/wp\/v2\/posts\/129400"}],"collection":[{"href":"http:\/\/hoycordobaweb.com\/index.php\/wp-json\/wp\/v2\/posts"}],"about":[{"href":"http:\/\/hoycordobaweb.com\/index.php\/wp-json\/wp\/v2\/types\/post"}],"author":[{"embeddable":true,"href":"http:\/\/hoycordobaweb.com\/index.php\/wp-json\/wp\/v2\/users\/1"}],"replies":[{"embeddable":true,"href":"http:\/\/hoycordobaweb.com\/index.php\/wp-json\/wp\/v2\/comments?post=129400"}],"version-history":[{"count":0,"href":"http:\/\/hoycordobaweb.com\/index.php\/wp-json\/wp\/v2\/posts\/129400\/revisions"}],"wp:featuredmedia":[{"embeddable":true,"href":"http:\/\/hoycordobaweb.com\/index.php\/wp-json\/wp\/v2\/media\/129401"}],"wp:attachment":[{"href":"http:\/\/hoycordobaweb.com\/index.php\/wp-json\/wp\/v2\/media?parent=129400"}],"wp:term":[{"taxonomy":"category","embeddable":true,"href":"http:\/\/hoycordobaweb.com\/index.php\/wp-json\/wp\/v2\/categories?post=129400"},{"taxonomy":"post_tag","embeddable":true,"href":"http:\/\/hoycordobaweb.com\/index.php\/wp-json\/wp\/v2\/tags?post=129400"}],"curies":[{"name":"wp","href":"https:\/\/api.w.org\/{rel}","templated":true}]}}