{"id":129398,"date":"2026-01-24T20:04:34","date_gmt":"2026-01-24T20:04:34","guid":{"rendered":"https:\/\/www.ole.com.ar\/futbol-internacional\/espana\/real-madrid-vs-villarreal-franco-mastantuono-juan-foyth-vivo-liga_0_8ezIxnQn8t.html"},"modified":"2026-01-24T20:04:34","modified_gmt":"2026-01-24T20:04:34","slug":"en-vivo-con-mastantuono-titular-el-real-madrid-visita-al-villarreal-de-foyth-por-la-liga","status":"publish","type":"post","link":"http:\/\/hoycordobaweb.com\/index.php\/2026\/01\/24\/en-vivo-con-mastantuono-titular-el-real-madrid-visita-al-villarreal-de-foyth-por-la-liga\/","title":{"rendered":"EN VIVO: con Mastantuono titular, el Real Madrid visita al Villarreal de Foyth por La Liga"},"content":{"rendered":"<p><img src=\"http:\/\/hoycordobaweb.com\/wp-content\/uploads\/2026\/01\/en-vivo-con-mastantuono-titular-el-real-madrid-visita-al-villarreal-de-foyth-por-la-liga.jpg\"><\/p>\n<p><span class=\"createDate\">24\/01\/2026 17:04hs.<\/span><time class=\"modificatedDate\" datetime=\"2026-01-24T17:20:03-03:00\"> Actualizado al 24\/01\/2026 17:20hs.<\/time><\/p>\n<div id=\"storyBody\">\n<div id=\"element-body-0\" class=\"sc-136cd478-0 ekTCfV\" readability=\"30.033950617284\">\n<p><strong><a href=\"https:\/\/www.ole.com.ar\/tema\/franco-mastantuono.html\" title=\"Franco Mastantuono\" alt=\"Franco Mastantuono\" class=\"slug\">Franco Mastantuono<\/a><\/strong> va por otra noche blanca: el argentino ser\u00e1 titular en el cruce entre el <strong><a href=\"https:\/\/www.ole.com.ar\/tema\/real-madrid.html\" title=\"Real Madrid\" alt=\"Real Madrid\" class=\"slug\">Real Madrid<\/a><\/strong> y el <strong><a href=\"https:\/\/www.ole.com.ar\/tema\/villarreal.html\" title=\"Villarreal\" alt=\"Villarreal\" class=\"slug\">Villarreal<\/a><\/strong> por la fecha 21 de <strong><a href=\"https:\/\/www.ole.com.ar\/tema\/la-liga.html\" title=\"La Liga\" alt=\"La Liga\" class=\"slug\">La Liga<\/a><\/strong>. Con el ex <a href=\"https:\/\/www.ole.com.ar\/tema\/river-plate.html\" title=\"River Plate\" alt=\"River Plate\" class=\"slug\">River<\/a> del lado de la Casa Blanca, el Submarino Amarillo contar\u00e1 con la presencia de <strong><a href=\"https:\/\/www.ole.com.ar\/tema\/juan-foyth.html\" title=\"Juan Foyth\" alt=\"Juan Foyth\" class=\"slug\">Juan Foyth<\/a><\/strong> entre sus titulares. <strong>Segu\u00ed el minuto a minuto en Ol\u00e9, como siempre.<\/strong><\/p>\n<\/div>\n<div class=\"sc-e7b891c4-0 ifHnQL image-embed\" id=\"element-body-1\"><img alt=\"Kylian Mbapp\u00e9 y compa\u00f1\u00eda, en el calentamiento previo. (AP Photo\/Alberto Saiz).\" loading=\"lazy\" width=\"720\" height=\"100\" decoding=\"async\" data-nimg=\"1\" src=\"http:\/\/hoycordobaweb.com\/wp-content\/uploads\/2026\/01\/en-vivo-con-mastantuono-titular-el-real-madrid-visita-al-villarreal-de-foyth-por-la-liga-2.jpg\"><span class=\"epigraphe\">Kylian Mbapp\u00e9 y compa\u00f1\u00eda, en el calentamiento previo. (AP Photo\/Alberto Saiz).<\/span><\/div>\n<p><h2><strong>EN VIVO: Villarreal vs. Real Madrid, por La Liga<\/strong><\/h2>\n<\/p>\n<p><h2><strong>Alineaciones de Villarreal vs. Real Madrid<\/strong><\/h2>\n<\/p>\n<div class=\"sc-136cd478-0 ekTCfV\" readability=\"14\">\n<p><strong>Villarreal: <\/strong>Luiz Junior; Pau Navarro, Foyth, Renato Veiga, Alfonso Pedraza; Daniel Parejo, Gueye, Buchanan, Moleiro; Gerard y Mikautadze.<\/p>\n<\/div>\n<div class=\"sc-136cd478-0 ekTCfV\" readability=\"14\">\n<p><strong>Real Madrid: <\/strong>Courtois; Valverde, Asencio, Huijsen, Carreras; Camavinga, G\u00fcler, Bellingham; Mastantuono, Mbapp\u00e9 y Vinicius.<\/p>\n<\/div>\n<div id=\"element-body-4\" class=\"sc-a7166897-0 eoLsBE\" readability=\"31\">\n<section readability=\"2\"><picture><img alt=\"Video: otro gol del Cuti Romero y empate ag\u00f3nico del Tottenham en la Premier League\" loading=\"lazy\" width=\"290\" height=\"290\" decoding=\"async\" data-nimg=\"1\" src=\"http:\/\/hoycordobaweb.com\/wp-content\/uploads\/2026\/01\/en-vivo-con-mastantuono-titular-el-real-madrid-visita-al-villarreal-de-foyth-por-la-liga-3.jpg\"><\/picture>\n<p><span>Mir\u00e1 tambi\u00e9n<\/span><\/p>\n<hr>\n<h3>Video: otro gol del Cuti Romero y empate ag\u00f3nico del Tottenham en la Premier League<\/h3>\n<\/p>\n<\/section>\n<\/div>\n<div id=\"element-body-5\" class=\"sc-a7166897-0 eoLsBE\" readability=\"31.5\">\n<section readability=\"3\"><picture><img alt=\"Sorpresa en la Bundesliga: al Bayern Munich le quit\u00f3 el invicto un equipo que lucha por no descender\" loading=\"lazy\" width=\"290\" height=\"290\" decoding=\"async\" data-nimg=\"1\" src=\"http:\/\/hoycordobaweb.com\/wp-content\/uploads\/2026\/01\/en-vivo-con-mastantuono-titular-el-real-madrid-visita-al-villarreal-de-foyth-por-la-liga-4.jpg\"><\/picture>\n<p><span>Mir\u00e1 tambi\u00e9n<\/span><\/p>\n<hr>\n<h3>Sorpresa en la Bundesliga: al Bayern Munich le quit\u00f3 el invicto un equipo que lucha por no descender<\/h3>\n<\/p>\n<\/section>\n<\/div>\n<div id=\"element-body-6\" class=\"sc-a7166897-0 eoLsBE\" readability=\"32\">\n<section readability=\"4\"><picture><img alt=\"Con un gol al \u00faltimo minuto, el Bournemouth de Senesi sorprendi\u00f3 al Liverpool de Mac Allister y le sac\u00f3 el invicto\" loading=\"lazy\" width=\"290\" height=\"290\" decoding=\"async\" data-nimg=\"1\" src=\"http:\/\/hoycordobaweb.com\/wp-content\/uploads\/2026\/01\/en-vivo-con-mastantuono-titular-el-real-madrid-visita-al-villarreal-de-foyth-por-la-liga-5.jpg\"><\/picture>\n<p><span>Mir\u00e1 tambi\u00e9n<\/span><\/p>\n<hr>\n<h3>Con un gol al \u00faltimo minuto, el Bournemouth de Senesi sorprendi\u00f3 al Liverpool de Mac Allister y le sac\u00f3 el invicto<\/h3>\n<\/p>\n<\/section>\n<\/div>\n<\/div>\n","protected":false},"excerpt":{"rendered":"<p>24\/01\/2026 17:04hs. Actualizado al 24\/01\/2026 17:20hs. Franco Mastantuono va por otra noche blanca: el argentino ser\u00e1 titular en el cruce entre el Real Madrid y el Villarreal por la fecha 21 de La Liga. Con el ex River del lado de la Casa Blanca, el Submarino Amarillo contar\u00e1 con la presencia de Juan Foyth entre [&hellip;]<\/p>\n","protected":false},"author":1,"featured_media":129399,"comment_status":"open","ping_status":"closed","sticky":false,"template":"","format":"standard","meta":[],"categories":[16],"tags":[],"_links":{"self":[{"href":"http:\/\/hoycordobaweb.com\/index.php\/wp-json\/wp\/v2\/posts\/129398"}],"collection":[{"href":"http:\/\/hoycordobaweb.com\/index.php\/wp-json\/wp\/v2\/posts"}],"about":[{"href":"http:\/\/hoycordobaweb.com\/index.php\/wp-json\/wp\/v2\/types\/post"}],"author":[{"embeddable":true,"href":"http:\/\/hoycordobaweb.com\/index.php\/wp-json\/wp\/v2\/users\/1"}],"replies":[{"embeddable":true,"href":"http:\/\/hoycordobaweb.com\/index.php\/wp-json\/wp\/v2\/comments?post=129398"}],"version-history":[{"count":0,"href":"http:\/\/hoycordobaweb.com\/index.php\/wp-json\/wp\/v2\/posts\/129398\/revisions"}],"wp:featuredmedia":[{"embeddable":true,"href":"http:\/\/hoycordobaweb.com\/index.php\/wp-json\/wp\/v2\/media\/129399"}],"wp:attachment":[{"href":"http:\/\/hoycordobaweb.com\/index.php\/wp-json\/wp\/v2\/media?parent=129398"}],"wp:term":[{"taxonomy":"category","embeddable":true,"href":"http:\/\/hoycordobaweb.com\/index.php\/wp-json\/wp\/v2\/categories?post=129398"},{"taxonomy":"post_tag","embeddable":true,"href":"http:\/\/hoycordobaweb.com\/index.php\/wp-json\/wp\/v2\/tags?post=129398"}],"curies":[{"name":"wp","href":"https:\/\/api.w.org\/{rel}","templated":true}]}}