{"id":129393,"date":"2026-01-20T12:18:21","date_gmt":"2026-01-20T12:18:21","guid":{"rendered":"https:\/\/ladecimaweb.com\/?p=33798"},"modified":"2026-01-20T12:18:21","modified_gmt":"2026-01-20T12:18:21","slug":"lo-detienen-por-intentar-pagar-el-viaje-con-la-tarjeta-de-discapacidad-de-su-hijo","status":"publish","type":"post","link":"http:\/\/hoycordobaweb.com\/index.php\/2026\/01\/20\/lo-detienen-por-intentar-pagar-el-viaje-con-la-tarjeta-de-discapacidad-de-su-hijo\/","title":{"rendered":"Lo detienen por intentar pagar el viaje con la tarjeta de discapacidad de su hijo"},"content":{"rendered":"<div class=\"boldgrid-section\">\n<div class=\"container\">\n<div class=\"row\">\n<div class=\"col-md-12 col-xs-12 col-sm-12\">\n<p><em>El hombre fue reducido por pasajeros de un colectivo de la l\u00ednea 50 hasta la llegada de la Polic\u00eda.<\/em><\/p>\n<p class=\"\">El hecho ocurri\u00f3 el lunes al mediod\u00eda en <strong>avenida Leandro Alem al 800, en barrio General Bustos<\/strong>, cuando un hombre intent\u00f3 abonar su pasaje utilizando la tarjeta de discapacidad perteneciente a su hijo.<\/p>\n<p class=\"\">Al advertir la maniobra, <strong>el chofer de una unidad de la l\u00ednea 50 de la empresa Coniferal retuvo la tarjeta, lo que gener\u00f3 la reacci\u00f3n violenta del pasajero<\/strong>, quien lo agredi\u00f3 f\u00edsicamente tras alterarse por la situaci\u00f3n.<\/p>\n<p class=\"\">Otros pasajeros intervinieron y lograron retener al individuo hasta el arribo del personal policial, que procedi\u00f3 a su traslado a sede policial, donde qued\u00f3 a disposici\u00f3n del magistrado interviniente.<\/p>\n<p class=\"\">&nbsp;<\/p>\n<p class=\"\">\n<div class=\"ubm_banner\"><a href=\"https:\/\/youtu.be\/D-ddTxQeBmI\" target=\"_blank\" rel=\"dofollow noopener noreferrer\"><img src=\"http:\/\/hoycordobaweb.com\/wp-content\/uploads\/2026\/01\/lo-detienen-por-intentar-pagar-el-viaje-con-la-tarjeta-de-discapacidad-de-su-hijo.gif\" alt=\"\"><\/a><\/div>\n<\/div>\n<\/div>\n<\/div>\n<\/div>\n<p>La entrada <a rel=\"nofollow\" href=\"https:\/\/ladecimaweb.com\/lo-detienen-por-intentar-pagar-el-viaje-con-la-tarjeta-de-discapacidad-de-su-hijo\/\">Lo detienen por intentar pagar el viaje con la tarjeta de discapacidad de su hijo<\/a> se public\u00f3 primero en <a rel=\"nofollow\" href=\"https:\/\/ladecimaweb.com\">LaDecima<\/a>.<\/p>\n","protected":false},"excerpt":{"rendered":"<p>El hombre fue reducido por pasajeros de un colectivo de la l\u00ednea 50 hasta la llegada de la Polic\u00eda. El hecho ocurri\u00f3 el lunes al mediod\u00eda en avenida Leandro Alem al 800, en barrio General Bustos, cuando un hombre intent\u00f3 abonar su pasaje utilizando la tarjeta de discapacidad perteneciente a su hijo. Al advertir la [&hellip;]<\/p>\n","protected":false},"author":1,"featured_media":0,"comment_status":"closed","ping_status":"closed","sticky":false,"template":"","format":"standard","meta":[],"categories":[32],"tags":[],"_links":{"self":[{"href":"http:\/\/hoycordobaweb.com\/index.php\/wp-json\/wp\/v2\/posts\/129393"}],"collection":[{"href":"http:\/\/hoycordobaweb.com\/index.php\/wp-json\/wp\/v2\/posts"}],"about":[{"href":"http:\/\/hoycordobaweb.com\/index.php\/wp-json\/wp\/v2\/types\/post"}],"author":[{"embeddable":true,"href":"http:\/\/hoycordobaweb.com\/index.php\/wp-json\/wp\/v2\/users\/1"}],"replies":[{"embeddable":true,"href":"http:\/\/hoycordobaweb.com\/index.php\/wp-json\/wp\/v2\/comments?post=129393"}],"version-history":[{"count":0,"href":"http:\/\/hoycordobaweb.com\/index.php\/wp-json\/wp\/v2\/posts\/129393\/revisions"}],"wp:attachment":[{"href":"http:\/\/hoycordobaweb.com\/index.php\/wp-json\/wp\/v2\/media?parent=129393"}],"wp:term":[{"taxonomy":"category","embeddable":true,"href":"http:\/\/hoycordobaweb.com\/index.php\/wp-json\/wp\/v2\/categories?post=129393"},{"taxonomy":"post_tag","embeddable":true,"href":"http:\/\/hoycordobaweb.com\/index.php\/wp-json\/wp\/v2\/tags?post=129393"}],"curies":[{"name":"wp","href":"https:\/\/api.w.org\/{rel}","templated":true}]}}