{"id":129326,"date":"2026-01-23T20:01:26","date_gmt":"2026-01-23T20:01:26","guid":{"rendered":"https:\/\/www.trendencias.com\/hombres\/polo-se-reinventa-para-esta-primavera-mango-tiene-rebajados-mejores-disenos-para-adelantarnos-al-cambio-estacion"},"modified":"2026-01-23T20:01:26","modified_gmt":"2026-01-23T20:01:26","slug":"la-polo-se-reinventa-para-esta-primavera-y-mango-tiene-rebajados-los-mejores-disenos-para-adelantarnos-al-cambio-de-estacion","status":"publish","type":"post","link":"http:\/\/hoycordobaweb.com\/index.php\/2026\/01\/23\/la-polo-se-reinventa-para-esta-primavera-y-mango-tiene-rebajados-los-mejores-disenos-para-adelantarnos-al-cambio-de-estacion\/","title":{"rendered":"La polo se reinventa para esta primavera, y Mango tiene rebajados los mejores dise\u00f1os para adelantarnos al cambio de estaci\u00f3n"},"content":{"rendered":"<p>Ante el inminente cambio de estaci\u00f3n y aunque Europa se enfrente a bajas temperaturas, siempre tendremos en mente el calor de la primavera y los d\u00edas soleados de verano, por ello, nunca es demasiado pronto para pensar en los mejores looks que nos piden los d\u00edas c\u00e1lidos y en aquellas <strong>prendas clave que ser\u00e1n todo un comod\u00edn en el armario<\/strong>.<\/p>\n<p><!-- BREAK 1 --> <\/p>\n<p>Los polos con textura se est\u00e1n abriendo paso como una de las piezas m\u00e1s interesantes de la pr\u00f3xima temporada de primavera masculina. Lejos de ser un b\u00e1sico aburrido, este tipo de polo aporta profundidad visual y un aire m\u00e1s trabajado que eleva cualquier look sin esfuerzo para ir bien vestido sin pensarlo demasiado.&nbsp;<\/p>\n<div class=\"article-asset article-asset-normal article-asset-center\">\n<div class=\"desvio-container\">\n<div class=\"desvio\">\n<div class=\"desvio-figure js-desvio-figure\"> <a href=\"https:\/\/www.espinof.com\/netflix\/41-millones-visualizaciones-3-dias-primer-gran-exito-netflix-2026-nuevo-thriller-director-mejores-peliculas-gerard-butler\" class=\"pivot-outboundlink\" target=\"_blank\" data-vars-post-title=\"41 millones de visualizaciones en 3 d\u00edas. El primer gran \u00e9xito de Netflix en 2026 es el nuevo thriller del director de una de las mejores pel\u00edculas de Gerard Butler\" rel=\"noopener noreferrer\"> <img loading=\"lazy\" alt=\"41 millones de visualizaciones en 3 d\u00edas. El primer gran \u00e9xito de Netflix en 2026 es el nuevo thriller del director de una de las mejores pel\u00edculas de Gerard Butler\" width=\"375\" height=\"142\" src=\"http:\/\/hoycordobaweb.com\/wp-content\/uploads\/2026\/01\/la-polo-se-reinventa-para-esta-primavera-y-mango-tiene-rebajados-los-mejores-disenos-para-adelantarnos-al-cambio-de-estacion.jpg\"> <\/a> <\/div><\/div><\/div>\n<\/div>\n<p>Tejidos acanalados, relieves sutiles y acabados tipo waffle convierten una prenda cl\u00e1sica en algo mucho m\u00e1s actual, perfecta para quienes buscan vestir bien sin complicarse demasiado la vida cuando suben las temperaturas, y por fortuna, todo eso lo podemos encontrar <strong>en las rebajas de temporada de Mango<\/strong>.<\/p>\n<p><!-- BREAK 2 --><\/p>\n<div class=\"article-asset-image article-asset-small article-asset-center\">\n<div class=\"asset-content\"> <img class=\"centro_sinmarco\" height=\"895\" width=\"640\" loading=\"lazy\" decoding=\"async\" sizes=\"100vw\" fetchpriority=\"high\" srcset=\"http:\/\/hoycordobaweb.com\/wp-content\/uploads\/2026\/01\/la-polo-se-reinventa-para-esta-primavera-y-mango-tiene-rebajados-los-mejores-disenos-para-adelantarnos-al-cambio-de-estacion-1.jpg 450w, http:\/\/hoycordobaweb.com\/wp-content\/uploads\/2026\/01\/la-polo-se-reinventa-para-esta-primavera-y-mango-tiene-rebajados-los-mejores-disenos-para-adelantarnos-al-cambio-de-estacion-7.jpg 681w, http:\/\/hoycordobaweb.com\/wp-content\/uploads\/2026\/01\/la-polo-se-reinventa-para-esta-primavera-y-mango-tiene-rebajados-los-mejores-disenos-para-adelantarnos-al-cambio-de-estacion-8.jpg 1024w, http:\/\/hoycordobaweb.com\/wp-content\/uploads\/2026\/01\/la-polo-se-reinventa-para-esta-primavera-y-mango-tiene-rebajados-los-mejores-disenos-para-adelantarnos-al-cambio-de-estacion-9.jpg 1366w\" src=\"http:\/\/hoycordobaweb.com\/wp-content\/uploads\/2026\/01\/la-polo-se-reinventa-para-esta-primavera-y-mango-tiene-rebajados-los-mejores-disenos-para-adelantarnos-al-cambio-de-estacion-1.jpg\" alt=\"La Polo Se Reinventa Para Esta Primavera Y Mango Tiene Rebajados Los Mejores Disenos Para Adelantarnos Al Cambio De Estacion\"> <noscript><img alt=\"La Polo Se Reinventa Para Esta Primavera Y Mango Tiene Rebajados Los Mejores Disenos Para Adelantarnos Al Cambio De Estacion\" class=\"centro_sinmarco\" src=\"http:\/\/hoycordobaweb.com\/wp-content\/uploads\/2026\/01\/la-polo-se-reinventa-para-esta-primavera-y-mango-tiene-rebajados-los-mejores-disenos-para-adelantarnos-al-cambio-de-estacion-1.jpg\"><\/noscript> <\/div>\n<\/div>\n<p>El crochet y las texturas tejidas forman parte de una de las m\u00e1s grandes tendencias para esta temporada, y este polo en color azul profundo es un buen ejemplo de sofisticaci\u00f3n para el d\u00eda a d\u00eda en cualquier momento.<\/p>\n<p><!-- BREAK 3 --> <\/p>\n<p>Lo encuentras rebajado <a rel=\"noopener, noreferrer\" href=\"https:\/\/shop.mango.com\/es\/es\/p\/hombre\/polos\/punto\/polo-algodon-crochet_17002908\">a 22,99 euros<\/a>.<\/p>\n<div class=\"article-asset-image article-asset-small article-asset-center\">\n<div class=\"asset-content\"> <img class=\"centro_sinmarco\" height=\"895\" width=\"640\" loading=\"lazy\" decoding=\"async\" sizes=\"100vw\" fetchpriority=\"high\" srcset=\"http:\/\/hoycordobaweb.com\/wp-content\/uploads\/2026\/01\/la-polo-se-reinventa-para-esta-primavera-y-mango-tiene-rebajados-los-mejores-disenos-para-adelantarnos-al-cambio-de-estacion-2.jpg 450w, http:\/\/hoycordobaweb.com\/wp-content\/uploads\/2026\/01\/la-polo-se-reinventa-para-esta-primavera-y-mango-tiene-rebajados-los-mejores-disenos-para-adelantarnos-al-cambio-de-estacion-10.jpg 681w, http:\/\/hoycordobaweb.com\/wp-content\/uploads\/2026\/01\/la-polo-se-reinventa-para-esta-primavera-y-mango-tiene-rebajados-los-mejores-disenos-para-adelantarnos-al-cambio-de-estacion-11.jpg 1024w, http:\/\/hoycordobaweb.com\/wp-content\/uploads\/2026\/01\/la-polo-se-reinventa-para-esta-primavera-y-mango-tiene-rebajados-los-mejores-disenos-para-adelantarnos-al-cambio-de-estacion-12.jpg 1366w\" src=\"http:\/\/hoycordobaweb.com\/wp-content\/uploads\/2026\/01\/la-polo-se-reinventa-para-esta-primavera-y-mango-tiene-rebajados-los-mejores-disenos-para-adelantarnos-al-cambio-de-estacion-2.jpg\" alt=\"La Polo Se Reinventa Para Esta Primavera Y Mango Tiene Rebajados Los Mejores Disenos Para Adelantarnos Al Cambio De Estacion\"> <noscript><img alt=\"La Polo Se Reinventa Para Esta Primavera Y Mango Tiene Rebajados Los Mejores Disenos Para Adelantarnos Al Cambio De Estacion\" class=\"centro_sinmarco\" src=\"http:\/\/hoycordobaweb.com\/wp-content\/uploads\/2026\/01\/la-polo-se-reinventa-para-esta-primavera-y-mango-tiene-rebajados-los-mejores-disenos-para-adelantarnos-al-cambio-de-estacion-2.jpg\"><\/noscript> <\/div>\n<\/div>\n<p>Los detalles acanalados no s\u00f3lo se reservan para los su\u00e9teres gruesos del invierno: los polos que llevamos en primavera tambi\u00e9n se dinamizan adoptando este tipo de tejido para sumar dinamismo a una prenda cl\u00e1sica.<\/p>\n<p><!-- BREAK 4 --><\/p>\n<p>Lo encuentras rebajado <a rel=\"noopener, noreferrer\" href=\"https:\/\/shop.mango.com\/es\/es\/p\/hombre\/polos\/punto\/polo-punto-calado-algodon_17031247\">a 22,99 euros<\/a>.<\/p>\n<div class=\"article-asset-image article-asset-small article-asset-center\">\n<div class=\"asset-content\"> <img class=\"centro_sinmarco\" height=\"895\" width=\"640\" loading=\"lazy\" decoding=\"async\" sizes=\"100vw\" fetchpriority=\"high\" srcset=\"http:\/\/hoycordobaweb.com\/wp-content\/uploads\/2026\/01\/la-polo-se-reinventa-para-esta-primavera-y-mango-tiene-rebajados-los-mejores-disenos-para-adelantarnos-al-cambio-de-estacion-3.jpg 450w, http:\/\/hoycordobaweb.com\/wp-content\/uploads\/2026\/01\/la-polo-se-reinventa-para-esta-primavera-y-mango-tiene-rebajados-los-mejores-disenos-para-adelantarnos-al-cambio-de-estacion-13.jpg 681w, http:\/\/hoycordobaweb.com\/wp-content\/uploads\/2026\/01\/la-polo-se-reinventa-para-esta-primavera-y-mango-tiene-rebajados-los-mejores-disenos-para-adelantarnos-al-cambio-de-estacion-14.jpg 1024w, http:\/\/hoycordobaweb.com\/wp-content\/uploads\/2026\/01\/la-polo-se-reinventa-para-esta-primavera-y-mango-tiene-rebajados-los-mejores-disenos-para-adelantarnos-al-cambio-de-estacion-15.jpg 1366w\" src=\"http:\/\/hoycordobaweb.com\/wp-content\/uploads\/2026\/01\/la-polo-se-reinventa-para-esta-primavera-y-mango-tiene-rebajados-los-mejores-disenos-para-adelantarnos-al-cambio-de-estacion-3.jpg\" alt=\"La Polo Se Reinventa Para Esta Primavera Y Mango Tiene Rebajados Los Mejores Disenos Para Adelantarnos Al Cambio De Estacion\"> <noscript><img alt=\"La Polo Se Reinventa Para Esta Primavera Y Mango Tiene Rebajados Los Mejores Disenos Para Adelantarnos Al Cambio De Estacion\" class=\"centro_sinmarco\" src=\"http:\/\/hoycordobaweb.com\/wp-content\/uploads\/2026\/01\/la-polo-se-reinventa-para-esta-primavera-y-mango-tiene-rebajados-los-mejores-disenos-para-adelantarnos-al-cambio-de-estacion-3.jpg\"><\/noscript> <\/div>\n<\/div>\n<p>Porque en verano las rayas marineras no pueden faltar, la reinterpretaci\u00f3n en un tejido de punto ligero llega con una combinaci\u00f3n en blanco y negro que nos encanta: ese cuello de pico en \u00abV\u00bb que le suma frescura, pero sin verse exagerado como detalle retro en una pieza \u00fanica.<\/p>\n<p><!-- BREAK 5 --><\/p>\n<p>Lo encuentras rebajado <a rel=\"noopener, noreferrer\" href=\"https:\/\/shop.mango.com\/es\/es\/p\/hombre\/polos\/punto\/polo-100-algodon-estructura-rayas_17032905\">a 22,99 euros<\/a>.<\/p>\n<div class=\"article-asset-image article-asset-small article-asset-center\">\n<div class=\"asset-content\"> <img class=\"centro_sinmarco\" height=\"895\" width=\"640\" loading=\"lazy\" decoding=\"async\" sizes=\"100vw\" fetchpriority=\"high\" srcset=\"http:\/\/hoycordobaweb.com\/wp-content\/uploads\/2026\/01\/la-polo-se-reinventa-para-esta-primavera-y-mango-tiene-rebajados-los-mejores-disenos-para-adelantarnos-al-cambio-de-estacion-4.jpg 450w, http:\/\/hoycordobaweb.com\/wp-content\/uploads\/2026\/01\/la-polo-se-reinventa-para-esta-primavera-y-mango-tiene-rebajados-los-mejores-disenos-para-adelantarnos-al-cambio-de-estacion-16.jpg 681w, http:\/\/hoycordobaweb.com\/wp-content\/uploads\/2026\/01\/la-polo-se-reinventa-para-esta-primavera-y-mango-tiene-rebajados-los-mejores-disenos-para-adelantarnos-al-cambio-de-estacion-17.jpg 1024w, http:\/\/hoycordobaweb.com\/wp-content\/uploads\/2026\/01\/la-polo-se-reinventa-para-esta-primavera-y-mango-tiene-rebajados-los-mejores-disenos-para-adelantarnos-al-cambio-de-estacion-18.jpg 1366w\" src=\"http:\/\/hoycordobaweb.com\/wp-content\/uploads\/2026\/01\/la-polo-se-reinventa-para-esta-primavera-y-mango-tiene-rebajados-los-mejores-disenos-para-adelantarnos-al-cambio-de-estacion-4.jpg\" alt=\"La Polo Se Reinventa Para Esta Primavera Y Mango Tiene Rebajados Los Mejores Disenos Para Adelantarnos Al Cambio De Estacion\"> <noscript><img alt=\"La Polo Se Reinventa Para Esta Primavera Y Mango Tiene Rebajados Los Mejores Disenos Para Adelantarnos Al Cambio De Estacion\" class=\"centro_sinmarco\" src=\"http:\/\/hoycordobaweb.com\/wp-content\/uploads\/2026\/01\/la-polo-se-reinventa-para-esta-primavera-y-mango-tiene-rebajados-los-mejores-disenos-para-adelantarnos-al-cambio-de-estacion-4.jpg\"><\/noscript> <\/div>\n<\/div>\n<p>Los tonos neutros son los mejores compa\u00f1eros de los estilismos masculinos elegantes, y si nos ponemos con ello, la tendencia del old money llega para quedarse y quedar bien representada con este polo con cuello cremallera que <a class=\"text-outboundlink\" href=\"https:\/\/www.trendencias.com\/hombres\/que-antes-era-basico-toda-vida-ahora-arrasa-redes-jersey-cuarto-cremallera-nuevo-imprescindible-temporada\" data-vars-post-title=\"El jersey con cremallera es el nuevo imprescindible de la temporada: un b\u00e1sico escondido en el armario ahora arrasa en redes\" data-vars-post-url=\"https:\/\/www.trendencias.com\/hombres\/que-antes-era-basico-toda-vida-ahora-arrasa-redes-jersey-cuarto-cremallera-nuevo-imprescindible-temporada\">actualiza el jersey que todo mundo llev\u00f3 este oto\u00f1o<\/a>.<\/p>\n<p><!-- BREAK 6 --> <\/p>\n<p>Lo encuentras rebajado <a rel=\"noopener, noreferrer\" href=\"https:\/\/shop.mango.com\/es\/es\/p\/hombre\/polos\/punto\/polo-punto-calado-cremallera_17051242\">a 17,99 euros<\/a>.<\/p>\n<div class=\"article-asset-image article-asset-small article-asset-center\">\n<div class=\"asset-content\"> <img class=\"centro_sinmarco\" height=\"895\" width=\"640\" loading=\"lazy\" decoding=\"async\" sizes=\"100vw\" fetchpriority=\"high\" srcset=\"http:\/\/hoycordobaweb.com\/wp-content\/uploads\/2026\/01\/la-polo-se-reinventa-para-esta-primavera-y-mango-tiene-rebajados-los-mejores-disenos-para-adelantarnos-al-cambio-de-estacion-5.jpg 450w, http:\/\/hoycordobaweb.com\/wp-content\/uploads\/2026\/01\/la-polo-se-reinventa-para-esta-primavera-y-mango-tiene-rebajados-los-mejores-disenos-para-adelantarnos-al-cambio-de-estacion-19.jpg 681w, http:\/\/hoycordobaweb.com\/wp-content\/uploads\/2026\/01\/la-polo-se-reinventa-para-esta-primavera-y-mango-tiene-rebajados-los-mejores-disenos-para-adelantarnos-al-cambio-de-estacion-20.jpg 1024w, http:\/\/hoycordobaweb.com\/wp-content\/uploads\/2026\/01\/la-polo-se-reinventa-para-esta-primavera-y-mango-tiene-rebajados-los-mejores-disenos-para-adelantarnos-al-cambio-de-estacion-21.jpg 1366w\" src=\"http:\/\/hoycordobaweb.com\/wp-content\/uploads\/2026\/01\/la-polo-se-reinventa-para-esta-primavera-y-mango-tiene-rebajados-los-mejores-disenos-para-adelantarnos-al-cambio-de-estacion-5.jpg\" alt=\"La Polo Se Reinventa Para Esta Primavera Y Mango Tiene Rebajados Los Mejores Disenos Para Adelantarnos Al Cambio De Estacion\"> <noscript><img alt=\"La Polo Se Reinventa Para Esta Primavera Y Mango Tiene Rebajados Los Mejores Disenos Para Adelantarnos Al Cambio De Estacion\" class=\"centro_sinmarco\" src=\"http:\/\/hoycordobaweb.com\/wp-content\/uploads\/2026\/01\/la-polo-se-reinventa-para-esta-primavera-y-mango-tiene-rebajados-los-mejores-disenos-para-adelantarnos-al-cambio-de-estacion-5.jpg\"><\/noscript> <\/div>\n<\/div>\n<p>Si pensamos en un look definitivo para el verano, <strong>el blanco ibicenco <\/strong>siempre viene a nuestra mente, y este polo calado en textura de punto es lo que necesitas para lograr un estilo relajado y disfrutar de tu c\u00f3ctel favorito.<\/p>\n<p><!-- BREAK 7 --><\/p>\n<p>Lo encuentras rebajado <a rel=\"noopener, noreferrer\" href=\"https:\/\/shop.mango.com\/es\/es\/p\/hombre\/polos\/punto\/polo-punto-calado-algodon_17002907\">a 22,99 euros<\/a>.<\/p>\n<p>M\u00e1s all\u00e1 de la est\u00e9tica, el \u00e9xito de los polos con textura tambi\u00e9n tiene que ver con la comodidad. Esta primavera, el armario masculino apuesta por prendas que combinan estilo y funcionalidad, y el polo texturizado <strong>se posiciona como una de esas piezas que no fallan<\/strong>, capaz de pasar de un plan informal a uno m\u00e1s cuidado con solo cambiar los complementos.<\/p>\n<p><!-- BREAK 8 --><\/p>\n<p>Fotos de Mango Man<\/p>\n<p>En Trendencias | <a class=\"text-outboundlink\" href=\"https:\/\/www.trendencias.com\/hombres\/new-balance-rebaja-sus-zapatillas-color-bisque-que-puro-encanto-old-money-para-tus-looks-inspiracion-colegial-todo-ano\" data-vars-post-title=\"New Balance rebaja sus zapatillas color bisque que son puro encanto old money para tus looks de inspiraci\u00f3n colegial de todo el a\u00f1o \" data-vars-post-url=\"https:\/\/www.trendencias.com\/hombres\/new-balance-rebaja-sus-zapatillas-color-bisque-que-puro-encanto-old-money-para-tus-looks-inspiracion-colegial-todo-ano\" title=\"New Balance rebaja sus zapatillas color bisque que son puro encanto old money para tus looks de inspiraci\u00f3n colegial de todo el a\u00f1o \">New Balance rebaja sus zapatillas color bisque que son puro encanto old money para tus looks de inspiraci\u00f3n colegial de todo el a\u00f1o<\/a><\/p>\n<p>En Trendencias | <a class=\"text-outboundlink\" href=\"https:\/\/www.trendencias.com\/hombres\/cuestan-diez-euros-camisas-clave-para-tu-armario-este-verano-gracias-a-rebajas-zara\" data-vars-post-title=\"Las camisas clave para tu armario de verano est\u00e1n en las rebajas de Zara por menos de diez euros\" data-vars-post-url=\"https:\/\/www.trendencias.com\/hombres\/cuestan-diez-euros-camisas-clave-para-tu-armario-este-verano-gracias-a-rebajas-zara\" title=\"Las camisas clave para tu armario de verano est\u00e1n en las rebajas de Zara por menos de diez euros\">Las camisas clave para tu armario de verano est\u00e1n en las rebajas de Zara por menos de diez euros<\/a><\/p>\n","protected":false},"excerpt":{"rendered":"<p>Ante el inminente cambio de estaci\u00f3n y aunque Europa se enfrente a bajas temperaturas, siempre tendremos en mente el calor de la primavera y los d\u00edas soleados de verano, por ello, nunca es demasiado pronto para pensar en los mejores looks que nos piden los d\u00edas c\u00e1lidos y en aquellas prendas clave que ser\u00e1n todo [&hellip;]<\/p>\n","protected":false},"author":1,"featured_media":129327,"comment_status":"closed","ping_status":"closed","sticky":false,"template":"","format":"standard","meta":[],"categories":[],"tags":[],"_links":{"self":[{"href":"http:\/\/hoycordobaweb.com\/index.php\/wp-json\/wp\/v2\/posts\/129326"}],"collection":[{"href":"http:\/\/hoycordobaweb.com\/index.php\/wp-json\/wp\/v2\/posts"}],"about":[{"href":"http:\/\/hoycordobaweb.com\/index.php\/wp-json\/wp\/v2\/types\/post"}],"author":[{"embeddable":true,"href":"http:\/\/hoycordobaweb.com\/index.php\/wp-json\/wp\/v2\/users\/1"}],"replies":[{"embeddable":true,"href":"http:\/\/hoycordobaweb.com\/index.php\/wp-json\/wp\/v2\/comments?post=129326"}],"version-history":[{"count":0,"href":"http:\/\/hoycordobaweb.com\/index.php\/wp-json\/wp\/v2\/posts\/129326\/revisions"}],"wp:featuredmedia":[{"embeddable":true,"href":"http:\/\/hoycordobaweb.com\/index.php\/wp-json\/wp\/v2\/media\/129327"}],"wp:attachment":[{"href":"http:\/\/hoycordobaweb.com\/index.php\/wp-json\/wp\/v2\/media?parent=129326"}],"wp:term":[{"taxonomy":"category","embeddable":true,"href":"http:\/\/hoycordobaweb.com\/index.php\/wp-json\/wp\/v2\/categories?post=129326"},{"taxonomy":"post_tag","embeddable":true,"href":"http:\/\/hoycordobaweb.com\/index.php\/wp-json\/wp\/v2\/tags?post=129326"}],"curies":[{"name":"wp","href":"https:\/\/api.w.org\/{rel}","templated":true}]}}