{"id":129322,"date":"2026-01-23T12:28:45","date_gmt":"2026-01-23T12:28:45","guid":{"rendered":"https:\/\/www.mujerhoy.com\/vivir\/ocio\/pueblo-sierra-una-hora-madrid-pista-esqui-historia-senderismo-20260123114522-nt.html"},"modified":"2026-01-23T12:28:45","modified_gmt":"2026-01-23T12:28:45","slug":"el-pueblo-a-una-hora-de-madrid-que-tienes-que-visitar-este-fin-de-semana-rutas-de-senderismo-museos-y-un-paraiso-para-amantes-del-esqui","status":"publish","type":"post","link":"http:\/\/hoycordobaweb.com\/index.php\/2026\/01\/23\/el-pueblo-a-una-hora-de-madrid-que-tienes-que-visitar-este-fin-de-semana-rutas-de-senderismo-museos-y-un-paraiso-para-amantes-del-esqui\/","title":{"rendered":"El pueblo a una hora de Madrid que tienes que visitar este fin de semana: rutas de senderismo, museos y un para\u00edso para amantes del esqu\u00ed"},"content":{"rendered":"<p><!-- AUTHOR --><\/p>\n<div class=\"voc-author-timesocial \">\n<!-- AUTHOR --><\/p>\n<div class=\"voc-author-timesocial__signature \">\n<!-- IMAGE AUTHOR -->\n<picture class=\"voc-image-signature\">\n<img class=\"voc-image-signature__img\" src=\"http:\/\/hoycordobaweb.com\/wp-content\/uploads\/2026\/01\/el-pueblo-a-una-hora-de-madrid-que-tienes-que-visitar-este-fin-de-semana-rutas-de-senderismo-museos-y-un-paraiso-para-amantes-del-esqui.jpg\" alt=\"Elena Romero Vargas\">\n<\/picture>\n<!-- INFO AUTHOR --> <\/div><\/div>\n<p><!-- COMPONENTS --><\/p>\n<p class=\"voc-paragraph\">Despu\u00e9s del frenes\u00ed navide\u00f1o y con la llegada del fr\u00edo de enero, el plan que m\u00e1s apetece hacer es quedarse en casa, arropados con una de esas mantas extra largas y repas\u00e1ndonos el cat\u00e1logo de <a href=\"https:\/\/www.mujerhoy.com\/vivir\/ocio\/the-pitt-segunda-temporada-serie-medicos-arrasa-tragedias-muertes-llorar-20260109081042-nt.html\" data-voc-vtm-id=\"in-text-traffic\" title=\"estrenos que llegan a las plataformas\" data-mrf-link=\"www.mujerhoy.com\">estrenos que llegan a las plataformas<\/a>. O no. A muchos la Navidad les sabe a poco y cualquier fin de semana es buen momento para animarse a hacer una <strong>escapada express<\/strong>para que la rutina no se haga tan mon\u00f3tona. Y si es a <a href=\"https:\/\/www.mujerhoy.com\/vivir\/ocio\/jaca-huesca-escapada-invernal-romanico-pirineos-nieve-20251130141539-nt.html\" data-voc-vtm-id=\"in-text-traffic\" title=\"un destino con nieve\" data-mrf-link=\"www.mujerhoy.com\">un destino con nieve<\/a>, mucho mejor.<\/p>\n<p class=\"voc-paragraph\">La postal id\u00edlica del invierno est\u00e1 te\u00f1ida de blanco y brinda la oportunidad de disfrutar de deportes propios de esta \u00e9poca del a\u00f1o como el esqu\u00ed. Cuando pensamos en el destino <a href=\"https:\/\/www.mujerhoy.com\/vivir\/fitness\/esquiar-a-los-50-como-empezar-beneficios-consejos-mejorar-bienestar-20241112073606-nt.html\" data-voc-vtm-id=\"in-text-traffic\" title=\"perfecto para esquiar\" data-mrf-link=\"www.mujerhoy.com\">perfecto para esquiar<\/a>, tendemos a viajar con la mente a lugares que est\u00e1n a kil\u00f3metros de nuestras casas, pero, \u00bfsab\u00edas que a una hora de Madrid se encuentra <strong>una de las mejores pistas de esqu\u00ed <\/strong>para disfrutar de un fin de semana perfecto sin alejarte mucho de casa?<\/p>\n<div class=\"v-c-cmp v-c-cmp--t1 \">\n<div class=\"v-cmp-rld v-cmp-rld--2 \">\n<div class=\"v-cnt-m v-cnt-m--m\">\n<div class=\"v-cnt-m__c\">\n<div class=\"v-cnt-m__w v-cnt-m__w--1\">\n<p class=\"v-cnt-m__t\">\nTAMBI\u00c9N TE INTERESA\n<\/p>\n<\/div>\n<\/div>\n<\/div>\n<div class=\"v-g v-g--2-c v-g--bdr-min-xs\">\n<div class=\"v-g__c \">\n<article class=\"v-a v-a--cmp-rld v-a--cmp-rld-2 v-a--p-l\">\n<div class=\"v-a-img-c\">\n<figure class=\"v-a-fig\">\n<a href=\"https:\/\/www.mujerhoy.com\/vivir\/ocio\/fuerteventura-escapada-invierno-mejores-playas-canarias-paisajes-preciosos-hotel-bienestar-recomendado-20251220122520-nt.html#vtm_modulosEngag=mod-rel:vivir:noticia:1:cmp:2-not\" class=\"v-a-link\" title=\"Fuerteventura, la escapada de invierno que mereces: paisajes de otro mundo, playas paradisiacas y el mejor hotel de la isla\"><br \/>\n<img loading=\"lazy\" class=\"v-a-img\" src=\"http:\/\/hoycordobaweb.com\/wp-content\/uploads\/2026\/01\/el-pueblo-a-una-hora-de-madrid-que-tienes-que-visitar-este-fin-de-semana-rutas-de-senderismo-museos-y-un-paraiso-para-amantes-del-esqui-1.jpg\" alt=\"Fuerteventura, la escapada de invierno que mereces: paisajes de otro mundo, playas paradisiacas y el mejor hotel de la isla\"><br \/>\n<\/a><br \/>\n<\/figure>\n<\/div>\n<\/article>\n<\/div>\n<div class=\"v-g__c \">\n<article class=\"v-a v-a--cmp-rld v-a--cmp-rld-2 v-a--p-l\">\n<div class=\"v-a-img-c\">\n<figure class=\"v-a-fig\">\n<a href=\"https:\/\/www.mujerhoy.com\/lujo-slow\/mejores-destinos-familia-nieve-europa-hotel-lujo-alpes-italianos-escapadas-invierno-20251221133705-nt.html#vtm_modulosEngag=mod-rel:vivir:noticia:2:cmp:2-not\" class=\"v-a-link\" title=\"Este hotel en los Alpes italianos es el refugio de lujo perfecto para una escapada de invierno en familia\"><br \/>\n<img loading=\"lazy\" class=\"v-a-img\" src=\"http:\/\/hoycordobaweb.com\/wp-content\/uploads\/2026\/01\/el-pueblo-a-una-hora-de-madrid-que-tienes-que-visitar-este-fin-de-semana-rutas-de-senderismo-museos-y-un-paraiso-para-amantes-del-esqui-2.jpg\" alt=\"Este hotel en los Alpes italianos es el refugio de lujo perfecto para una escapada de invierno en familia\"><br \/>\n<\/a><br \/>\n<\/figure>\n<\/div>\n<\/article>\n<\/div>\n<\/div>\n<\/div>\n<\/div>\n<p class=\"voc-paragraph\">Nos referimos al <strong>Puerto de Navacerrada<\/strong>, ubicado en plena Sierra de Guadarrama a unos 1858 metros sobre el nivel del mar, siendo uno de los m\u00e1s elevados de Espa\u00f1a. Esta estaci\u00f3n de esqu\u00ed es conocida por ser un lugar emblem\u00e1tico para practicar modalidades de este deporte como el esqu\u00ed de fondo o de traves\u00eda, pero tambi\u00e9n por contar con preciosas rutas de senderismos perfectas para disfrutar en familia. Dispone de todos los servicios necesarios para pasar un fin de semana dedicado en cuerpo y alma al gozo y disfrute de esta actividad deportiva, desde alojamientos hasta restaurante, todo ello rodeado de un paisaje que hace a\u00fan m\u00e1s especial la experiencia.<\/p>\n<p class=\"voc-paragraph\">Aunque la ladera norte del Puerto de Navacerrada pertenece al municipio de <a href=\"https:\/\/www.mujerhoy.com\/vivir\/ocio\/palacios-una-hora-madrid-familia-real-espanola-cerca-visitar-viaje-barato-20250418171137-nt.html\" data-voc-vtm-id=\"in-text-traffic\" title=\"Real Sitio de San Idelfonso\" data-mrf-link=\"www.mujerhoy.com\">Real Sitio de San Idelfonso<\/a>, la zona sur se encuentra en el t\u00e9rmino municipal de Cercedilla, perteneciente a la Comunidad de Madrid. Es, precisamente, en <strong>Cercedilla <\/strong>donde tu escapada de esqu\u00ed se puede convertir en un fin de semana id\u00edlico y de lo m\u00e1s completo, pues este pueblo que hace las veces de puerta a la Sierra de Guadarrama es uno de los mejores enclaves para escaparse un fin de semana y enriquecer las jornadas deportivas con una estancia rural llena de historia, arte y naturaleza en su expresi\u00f3n m\u00e1s bella.<\/p>\n<div class=\"v-c-cmp v-c-cmp--s\">\n<div class=\"v-cmp-m \">\n<article class=\"v-a v-a--cmp-m v-c-cmp--m-z\">\n<div class=\"v-a-img-c \">\n<div class=\"v-a-fig\">\n<button class=\"v-a-link\" popovertarget=\"photo-238\"><br \/>\n<img loading=\"lazy\" src=\"http:\/\/hoycordobaweb.com\/wp-content\/uploads\/2026\/01\/el-pueblo-a-una-hora-de-madrid-que-tienes-que-visitar-este-fin-de-semana-rutas-de-senderismo-museos-y-un-paraiso-para-amantes-del-esqui-3.jpg\" class=\"v-a-img\" width=\"650\" height=\"650\" alt=\"Puerto de Navacerrada, Cercedilla\" data-voc-vtm-id=\"in-text-traffic\"> <\/button><figcaption class=\"v-fc\">\n<span class=\"v-fc__t\"><br \/>\nPuerto de Navacerrada, Cercedilla<br \/>\n<\/span><br \/>\n<span class=\"v-fc__p\"><br \/>\nServidor web Ayuntamiento de Cercedilla<br \/>\n<\/span><br \/>\n<\/figcaption><\/div>\n<\/div>\n<div id=\"photo-238\" popover class=\"v-mdl v-mdl--fw\">\n<button class=\"v-x\" popovertarget=\"photo-238\" popovertargetaction=\"hide\"><br \/>\n<span class=\"v-i\"><br \/>\n<svg width=\"24\" height=\"23.996\" viewBox=\"0 0 24 23.996\">\n<path data-name=\"Uni\u00f3n 29\" d=\"M12,14.03,2.031,24,0,21.963,9.968,12,0,2.033,2.031,0,12,9.966,21.969,0,24,2.033,14.032,12,24,21.963,21.969,24Z\" \/>\n<\/svg><br \/>\n<\/span><br \/>\n<\/button><\/p>\n<div class=\"v-mdl__c\">\n<div class=\"v-mdl__w\">\n<img loading=\"lazy\" src=\"http:\/\/hoycordobaweb.com\/wp-content\/uploads\/2026\/01\/el-pueblo-a-una-hora-de-madrid-que-tienes-que-visitar-este-fin-de-semana-rutas-de-senderismo-museos-y-un-paraiso-para-amantes-del-esqui-3.jpg\" class=\"v-mdl__img-z\" width=\"650\" height=\"650\" alt>\n<\/div>\n<\/div>\n<\/div>\n<p><span class=\"v-bdp\"><\/span><br \/>\n<\/article>\n<\/div>\n<\/div>\n<p><h3 class=\"v-cmp-suh\">\nPor qu\u00e9 merece la pena pasar un fin de semana en Cercedilla<br \/>\n<\/h3>\n<\/p>\n<p class=\"voc-paragraph\">Cercedilla responde a la <strong>est\u00e9tica tradicional de los pueblos serranos<\/strong>, con calles estrechas y edificios con tejados de pizarra. Pero en las calles de Cercedilla tambi\u00e9n es posible reconocer el pasado de la localidad, que se hace presente en todas las manifestaciones arquitect\u00f3nicas de las distintas civilizaciones que han pasado por all\u00ed y en el f\u00e9rreo compromiso con su legado cultural que tan bien ha sabido mantener.<\/p>\n<p class=\"voc-paragraph\">Uno de los restos m\u00e1s importantes de Cercedilla se remonta a la \u00e9poca de los romanos, cuando se piensa que arranc\u00f3 la historia de este pueblo de la sierra madrile\u00f1a. Se trata de su <strong>Calzada Romana <\/strong>ubicada en la zona septentrional del Valle de La Fuenfr\u00eda y de la que todav\u00eda se pueden apreciar restos originales de la construcci\u00f3n. De la \u00e9poca romana se conservan tambi\u00e9n <strong>puentes<\/strong> como el de la Venta, el del Descalzo o el de En Medio, que aunque han sido sometidoa a restauraciones a lo largo de los a\u00f1os, conservan bastante bien la esencia de esta \u00e9poca. Todo esto puede visitarse a pie y es una de las rutas de senderismo m\u00e1s bonitas y preferidas por los visitantes.<\/p>\n<p class=\"voc-paragraph\">Otro de sus edificios m\u00e1s emblem\u00e1ticos se encuentra en el coraz\u00f3n de su casco antiguo, en la parte m\u00e1s elevada del pueblo. La <strong>iglesia de San Sebasti\u00e1n<\/strong> data del siglo XIII y responde al estilo art\u00edstico del rom\u00e1nico tard\u00edo, aunque ha ido experimentando distintas modificaciones a lo largo de los a\u00f1os que tambi\u00e9n han dejado su impronta. Entre ellas destacan la torre del campanario, del siglo XV, o el retablo de estilo churrigueresco, una obra impresionante que decora la cabecera del templo y que fue realizada en el siglo XVII.<\/p>\n<div class=\"v-c-cmp v-c-cmp--s\">\n<div class=\"v-cmp-m \">\n<article class=\"v-a v-a--cmp-m v-c-cmp--m-z\">\n<div class=\"v-a-img-c \">\n<div class=\"v-a-fig\">\n<button class=\"v-a-link\" popovertarget=\"photo-759\"><br \/>\n<img loading=\"lazy\" src=\"http:\/\/hoycordobaweb.com\/wp-content\/uploads\/2026\/01\/el-pueblo-a-una-hora-de-madrid-que-tienes-que-visitar-este-fin-de-semana-rutas-de-senderismo-museos-y-un-paraiso-para-amantes-del-esqui-4.jpg\" class=\"v-a-img\" width=\"650\" height=\"650\" alt=\"Iglesia de San Sebasti\u00e1n, Cercedilla\" data-voc-vtm-id=\"in-text-traffic\"> <\/button><figcaption class=\"v-fc\">\n<span class=\"v-fc__t\"><br \/>\nIglesia de San Sebasti\u00e1n, Cercedilla<br \/>\n<\/span><br \/>\n<span class=\"v-fc__p\"><br \/>\nComunidad de Madrid<br \/>\n<\/span><br \/>\n<\/figcaption><\/div>\n<\/div>\n<div id=\"photo-759\" popover class=\"v-mdl v-mdl--fw\">\n<button class=\"v-x\" popovertarget=\"photo-759\" popovertargetaction=\"hide\"><br \/>\n<span class=\"v-i\"><br \/>\n<svg width=\"24\" height=\"23.996\" viewBox=\"0 0 24 23.996\">\n<path data-name=\"Uni\u00f3n 29\" d=\"M12,14.03,2.031,24,0,21.963,9.968,12,0,2.033,2.031,0,12,9.966,21.969,0,24,2.033,14.032,12,24,21.963,21.969,24Z\" \/>\n<\/svg><br \/>\n<\/span><br \/>\n<\/button><\/p>\n<div class=\"v-mdl__c\">\n<div class=\"v-mdl__w\">\n<img loading=\"lazy\" src=\"http:\/\/hoycordobaweb.com\/wp-content\/uploads\/2026\/01\/el-pueblo-a-una-hora-de-madrid-que-tienes-que-visitar-este-fin-de-semana-rutas-de-senderismo-museos-y-un-paraiso-para-amantes-del-esqui-4.jpg\" class=\"v-mdl__img-z\" width=\"650\" height=\"650\" alt>\n<\/div>\n<\/div>\n<\/div>\n<p><span class=\"v-bdp\"><\/span><br \/>\n<\/article>\n<\/div>\n<\/div>\n<p class=\"voc-paragraph\">A finales del siglos XIX y a principios del XX la por la Compa\u00f1\u00eda de Ferrocarriles del Norte construy\u00f3 la <strong>estaci\u00f3n de Cercedilla <\/strong>con el objetivo de comunicar Madrid con Segovia. M\u00e1s all\u00e1 de su funci\u00f3n pr\u00e1ctica, este edificio emplazado a pie de monta\u00f1a da testimonio de la importancia que el sector ferroviario alcanz\u00f3 a principios del siglo pasado y a\u00fan conserva el encanto de los edificios civiles propios del momento.<\/p>\n<p class=\"voc-paragraph\">Menci\u00f3n especial merece el v\u00ednculo de Cercedilla con <strong>personajes ilustres de la cultura espa\u00f1ola<\/strong>. Su nombre aparece en obras como Rinconete y Cortadillo, de Cervantes o Historia de la vida del Busc\u00f3n, de Quevedo, pero tambi\u00e9n fue el destino donde pasaron parte de su vida el pintor Joaqu\u00edn Sorolla o el poeta Luis Rosales. Aunque ambos dan nombre a importantes centros culturales de la localidad, en memoria de este \u00faltimo se nombra al centro que se ubica donde estaba el antiguo matadero y en el que se encuentran efectos personales del poeta de la Generaci\u00f3n del 36, como la mesa de su despacho o su t\u00edtulo universitario.<\/p>\n<p class=\"voc-paragraph\">Cercedilla tambi\u00e9n cuenta con museos tan curiosos como la <strong>F\u00e1brica de la Luz<\/strong>, construida en 1925 y que estuvo en funcionamiento hasta los a\u00f1os 70. Otra de las paradas obligatorias en este pueblo de la Sierra de Guadarrama, especialmente si la motivaci\u00f3n de visitar el Puerto de Navacerrada, es el <strong>Museo del Esqu\u00ed Paquito Fern\u00e1ndez Ochoa<\/strong>, ubicado en un edificio centenario en la plaza mayor, donde despu\u00e9s de practicar este deporte puedes adentrarte en su historia y, en especial, conocer m\u00e1s a fondo la carrera de Francisco Fern\u00e1ndez Ochoa, quie fuera el primer deportista nacional que logr\u00f3 el oro en los Juegos Ol\u00edmpicos de Invierno.<\/p>\n<div class=\"v-c-cmp v-c-cmp--t1 \">\n<div class=\"v-cmp-rld v-cmp-rld--2 \">\n<div class=\"v-cnt-m v-cnt-m--m\">\n<div class=\"v-cnt-m__c\">\n<div class=\"v-cnt-m__w v-cnt-m__w--1\">\n<p class=\"v-cnt-m__t\">\nNO TE PIERDAS\n<\/p>\n<\/div>\n<\/div>\n<\/div>\n<div class=\"v-g v-g--2-c v-g--bdr-min-xs\">\n<div class=\"v-g__c \">\n<article class=\"v-a v-a--cmp-rld v-a--cmp-rld-2 v-a--p-l\">\n<div class=\"v-a-img-c\">\n<figure class=\"v-a-fig\">\n<a href=\"https:\/\/www.mujerhoy.com\/vivir\/ocio\/valldemossa-pueblo-bonito-mallorca-perfecto-escapada-invierno-20251123133714-nt.html#vtm_modulosEngag=mod-rel:vivir:noticia:1:cmp:2-not\" class=\"v-a-link\" title=\"Este pueblo recuerda que Mallorca tambi\u00e9n es para el invierno: un para\u00edso de paz y espiritualidad en plena sierra\"><br \/>\n<img loading=\"lazy\" class=\"v-a-img\" src=\"http:\/\/hoycordobaweb.com\/wp-content\/uploads\/2026\/01\/el-pueblo-a-una-hora-de-madrid-que-tienes-que-visitar-este-fin-de-semana-rutas-de-senderismo-museos-y-un-paraiso-para-amantes-del-esqui-5.jpg\" alt=\"Este pueblo recuerda que Mallorca tambi\u00e9n es para el invierno: un para\u00edso de paz y espiritualidad en plena sierra\"><br \/>\n<\/a><br \/>\n<\/figure>\n<\/div>\n<\/article>\n<\/div>\n<div class=\"v-g__c \">\n<article class=\"v-a v-a--cmp-rld v-a--cmp-rld-2 v-a--p-l\">\n<div class=\"v-a-img-c\">\n<figure class=\"v-a-fig\">\n<a href=\"https:\/\/www.mujerhoy.com\/mujerhoy\/noticias\/202601\/01\/vivir\/ocio\/valderrobres-pueblo-bonito-teruel-aragon-casco-antiguo-puente-castillo-escapadas.xml#vtm_modulosEngag=mod-rel:vivir:noticia:2:cmp:2-not\" class=\"v-a-link\" title=\"Por qu\u00e9 te sorprender\u00e1 este pueblo de Teruel: un puente para entrar al casco viejo y su conexi\u00f3n con Maria Callas\"><br \/>\n<img loading=\"lazy\" class=\"v-a-img\" src=\"http:\/\/hoycordobaweb.com\/wp-content\/uploads\/2026\/01\/el-pueblo-a-una-hora-de-madrid-que-tienes-que-visitar-este-fin-de-semana-rutas-de-senderismo-museos-y-un-paraiso-para-amantes-del-esqui-6.jpg\" alt=\"Por qu\u00e9 te sorprender\u00e1 este pueblo de Teruel: un puente para entrar al casco viejo y su conexi\u00f3n con Maria Callas\"><br \/>\n<\/a><br \/>\n<\/figure>\n<\/div>\n<\/article>\n<\/div>\n<\/div>\n<\/div>\n<\/div>\n","protected":false},"excerpt":{"rendered":"<p>Despu\u00e9s del frenes\u00ed navide\u00f1o y con la llegada del fr\u00edo de enero, el plan que m\u00e1s apetece hacer es quedarse en casa, arropados con una de esas mantas extra largas y repas\u00e1ndonos el cat\u00e1logo de estrenos que llegan a las plataformas. O no. A muchos la Navidad les sabe a poco y cualquier fin de [&hellip;]<\/p>\n","protected":false},"author":1,"featured_media":129323,"comment_status":"closed","ping_status":"closed","sticky":false,"template":"","format":"standard","meta":[],"categories":[],"tags":[],"_links":{"self":[{"href":"http:\/\/hoycordobaweb.com\/index.php\/wp-json\/wp\/v2\/posts\/129322"}],"collection":[{"href":"http:\/\/hoycordobaweb.com\/index.php\/wp-json\/wp\/v2\/posts"}],"about":[{"href":"http:\/\/hoycordobaweb.com\/index.php\/wp-json\/wp\/v2\/types\/post"}],"author":[{"embeddable":true,"href":"http:\/\/hoycordobaweb.com\/index.php\/wp-json\/wp\/v2\/users\/1"}],"replies":[{"embeddable":true,"href":"http:\/\/hoycordobaweb.com\/index.php\/wp-json\/wp\/v2\/comments?post=129322"}],"version-history":[{"count":0,"href":"http:\/\/hoycordobaweb.com\/index.php\/wp-json\/wp\/v2\/posts\/129322\/revisions"}],"wp:featuredmedia":[{"embeddable":true,"href":"http:\/\/hoycordobaweb.com\/index.php\/wp-json\/wp\/v2\/media\/129323"}],"wp:attachment":[{"href":"http:\/\/hoycordobaweb.com\/index.php\/wp-json\/wp\/v2\/media?parent=129322"}],"wp:term":[{"taxonomy":"category","embeddable":true,"href":"http:\/\/hoycordobaweb.com\/index.php\/wp-json\/wp\/v2\/categories?post=129322"},{"taxonomy":"post_tag","embeddable":true,"href":"http:\/\/hoycordobaweb.com\/index.php\/wp-json\/wp\/v2\/tags?post=129322"}],"curies":[{"name":"wp","href":"https:\/\/api.w.org\/{rel}","templated":true}]}}