{"id":129314,"date":"2026-01-23T15:56:40","date_gmt":"2026-01-23T15:56:40","guid":{"rendered":"https:\/\/www.ole.com.ar\/futbol-internacional\/inglaterra\/tammy-abraham-paredes-dybala-leandro-dibu-martinez-nuevo-refuerzo-goleador-aston-villa-roma-besiktas_0_48DXIGcBTO.html"},"modified":"2026-01-23T15:56:40","modified_gmt":"2026-01-23T15:56:40","slug":"el-goleador-que-fue-companero-de-dybala-y-paredes-y-llegara-al-aston-villa-del-dibu-martinez-a-cambio-de-una-importante-cifra","status":"publish","type":"post","link":"http:\/\/hoycordobaweb.com\/index.php\/2026\/01\/23\/el-goleador-que-fue-companero-de-dybala-y-paredes-y-llegara-al-aston-villa-del-dibu-martinez-a-cambio-de-una-importante-cifra\/","title":{"rendered":"El goleador que fue compa\u00f1ero de Dybala y Paredes y llegar\u00e1 al Aston Villa del Dibu Mart\u00ednez a cambio de una importante cifra"},"content":{"rendered":"<p><img src=\"http:\/\/hoycordobaweb.com\/wp-content\/uploads\/2026\/01\/el-goleador-que-fue-companero-de-dybala-y-paredes-y-llegara-al-aston-villa-del-dibu-martinez-a-cambio-de-una-importante-cifra.jpg\"><\/p>\n<p><time class=\"createDate\" datetime=\"2026-01-23T12:56:40-03:00\">23\/01\/2026 12:56hs.<\/time><\/p>\n<div id=\"storyBody\">\n<div id=\"element-body-0\" class=\"sc-136cd478-0 ekTCfV\" readability=\"34.193103448276\">\n<p>A las horas de que el equipo dirigido por <strong><a href=\"https:\/\/www.ole.com.ar\/tema\/unai-emery.html\" title=\"Unai Emery\" alt=\"Unai Emery\" class=\"slug\">Unai Emery<\/a><\/strong> logre una laboriosa victoria en Turqu\u00eda -fue 1 a 0 frente al Fenerbace y por la s\u00e9ptima fecha de la Europa League-, el <strong><a href=\"https:\/\/www.ole.com.ar\/tema\/aston-villa.html\" title=\"Aston Villa\" alt=\"Aston Villa\" class=\"slug\">Aston Villa<\/a><\/strong> <strong>cerr\u00f3 a su tercer refuerzo de este mercado de pases<\/strong>. Tambi\u00e9n con el pa\u00eds turco como destino de negociaciones, el conjunto ingl\u00e9s acord\u00f3 la llegada de un <strong>potente goleador que fue compa\u00f1ero de <a href=\"https:\/\/www.ole.com.ar\/tema\/paulo-dybala.html\" title=\"Paulo Dybala\" alt=\"Paulo Dybala\" class=\"slug\">Paulo Dybala<\/a> y que viene de romperla en el Besiktas<\/strong>.<\/p>\n<\/div>\n<div id=\"element-body-1\" class=\"sc-136cd478-0 ekTCfV\" readability=\"37.674757281553\">\n<p>Durante la ma\u00f1ana de este viernes, el club de Birmingham acord\u00f3 la llegada de <strong>Tammy Abraham<\/strong>, delantero que ya jug\u00f3 para los Villanos en la temporada 18\/19 y que <strong>se convertir\u00e1 en nuevo compa\u00f1ero del <a href=\"https:\/\/www.ole.com.ar\/tema\/damian-emiliano-martinez.html\" title=\"Dami\u00e1n Emiliano Mart\u00ednez\" alt=\"Dami\u00e1n Emiliano Mart\u00ednez\" class=\"slug\">Dibu Mart\u00ednez<\/a><\/strong>. Para cerrar esta incorporaci\u00f3n, la instituci\u00f3n inglesa <strong>desembolsar\u00e1 una cifra cercana a los \u20ac21.000.000 <\/strong>e incluir\u00e1 el 100% de la ficha del joven Yasi Ozcan, por quien pag\u00f3 \u20ac7M en 2025.<\/p>\n<\/div>\n<div class=\"sc-e7b891c4-0 ifHnQL image-embed\" id=\"element-body-2\"><img alt=\"Abraham viene de romperla en Turqu\u00eda (Instagram).\" loading=\"lazy\" width=\"720\" height=\"100\" decoding=\"async\" data-nimg=\"1\" src=\"http:\/\/hoycordobaweb.com\/wp-content\/uploads\/2026\/01\/el-goleador-que-fue-companero-de-dybala-y-paredes-y-llegara-al-aston-villa-del-dibu-martinez-a-cambio-de-una-importante-cifra-2.jpg\"><span class=\"epigraphe\">Abraham viene de romperla en Turqu\u00eda (Instagram).<\/span><\/div>\n<div id=\"element-body-3\" class=\"sc-136cd478-0 ekTCfV\" readability=\"37\">\n<p>Sin embargo, <strong>gran parte de esta cifra entrar\u00e1 en las arcas de la Roma<\/strong>, club que lo cedi\u00f3 al Besiktas durante el \u00faltimo semestre por un cargo de \u20ac2M y que finalmente se lo vendi\u00f3 al conjunto turco por \u20ac13M, los cuales ser\u00e1n pagados en cuotas a lo largo de este 2026 y del pr\u00f3ximo 2027.<\/p>\n<\/div>\n<p><h2><strong>De ser compa\u00f1ero de Dybala y Paredes a jugar con el Dibu Mart\u00ednez<\/strong><\/h2>\n<\/p>\n<div id=\"element-body-5\" class=\"sc-136cd478-0 ekTCfV\" readability=\"36\">\n<p>Durante su extenso paso por la Roma, club en el que m\u00e1s partidos jug\u00f3 en su carrera (fueron 120) y en el que se desempe\u00f1\u00f3 entre 2021 y 2024, <strong>Abraham comparti\u00f3 plantel con Paulo Dybala y Leandro Paredes<\/strong>.<\/p>\n<\/div>\n<div id=\"element-body-6\" class=\"sc-136cd478-0 ekTCfV\" readability=\"37\">\n<p><strong>Con el actual futbolista de Boca \u00fanicamente disput\u00f3 ocho partidos en el equipo de la capital italiana<\/strong>, dentro de los que destac\u00f3 el encuentro por las semifinales de la Europa League frente al Bayer Leverkusen, el cual termin\u00f3 en empate 2 a 2 y decant\u00f3 en la eliminaci\u00f3n de la Loba producto del 4 a 2 en el global.<\/p>\n<\/div>\n<div id=\"element-body-7\" class=\"sc-136cd478-0 ekTCfV\" readability=\"38\">\n<p>Por su parte, con el volante cordob\u00e9s, <strong>Abraham conform\u00f3 una buena dupla de ataque en la Roma<\/strong>. En total, los dos ofensivos compartieron un total de 38 partidos, en los que <strong>convirtieron ocho goles asisti\u00e9ndose mutuamente<\/strong> (el ingl\u00e9s anot\u00f3 cuatro y Paulo meti\u00f3 la misma cantidad).<\/p>\n<\/div>\n<div class=\"sc-e7b891c4-0 ifHnQL image-embed\" id=\"element-body-8\"><img alt=\"Abraham hizo una gran dupla con Dybala en la Roma (Reuters).\" loading=\"lazy\" width=\"720\" height=\"100\" decoding=\"async\" data-nimg=\"1\" src=\"http:\/\/hoycordobaweb.com\/wp-content\/uploads\/2026\/01\/el-goleador-que-fue-companero-de-dybala-y-paredes-y-llegara-al-aston-villa-del-dibu-martinez-a-cambio-de-una-importante-cifra-3.jpg\"><span class=\"epigraphe\">Abraham hizo una gran dupla con Dybala en la Roma (Reuters).<\/span><\/div>\n<p><h2><strong>Los n\u00fameros de Abraham en el Besiktas<\/strong><\/h2>\n<\/p>\n<div id=\"element-body-10\" class=\"sc-136cd478-0 ekTCfV\" readability=\"39\">\n<p>Tras haber salido a pr\u00e9stamo por segunda vez consecutiva de la Roma (en la 24\/25 jug\u00f3 en el Milan), Abraham fue cedido por un cargo de \u20ac2.000.000 al Besiktas de Turqu\u00eda, donde se cans\u00f3 de hacer goles. En apenas un semestre (el \u00faltimo de 2025), el delantero de 28 a\u00f1os <strong>disput\u00f3 un total de 26 partidos, en los que sum\u00f3 1.880&#8242; en cancha y aport\u00f3 un total de 13 goles y 3 asistencias<\/strong>.<\/p>\n<\/div>\n<div class=\"sc-e7b891c4-0 ifHnQL image-embed\" id=\"element-body-11\"><img alt=\"Se cans\u00f3 de hacer goles con el Besiktas (Instagram).\" loading=\"lazy\" width=\"720\" height=\"100\" decoding=\"async\" data-nimg=\"1\" src=\"http:\/\/hoycordobaweb.com\/wp-content\/uploads\/2026\/01\/el-goleador-que-fue-companero-de-dybala-y-paredes-y-llegara-al-aston-villa-del-dibu-martinez-a-cambio-de-una-importante-cifra-4.jpg\"><span class=\"epigraphe\">Se cans\u00f3 de hacer goles con el Besiktas (Instagram).<\/span><\/div>\n<div id=\"element-body-12\" class=\"sc-a7166897-0 eoLsBE\" readability=\"31.5\">\n<section readability=\"3\"><picture><img alt=\"Guardiola confes\u00f3 cu\u00e1l es el mejor equipo del mundo: &quot;Ojal\u00e1 podamos estar cerca...&quot;\" loading=\"lazy\" width=\"290\" height=\"290\" decoding=\"async\" data-nimg=\"1\" src=\"http:\/\/hoycordobaweb.com\/wp-content\/uploads\/2026\/01\/el-goleador-que-fue-companero-de-dybala-y-paredes-y-llegara-al-aston-villa-del-dibu-martinez-a-cambio-de-una-importante-cifra-5.jpg\"><\/picture>\n<p><span>Mir\u00e1 tambi\u00e9n<\/span><\/p>\n<hr>\n<h3>Guardiola confes\u00f3 cu\u00e1l es el mejor equipo del mundo: \u00abOjal\u00e1 podamos estar cerca&#8230;\u00bb<\/h3>\n<\/p>\n<\/section>\n<\/div>\n<div id=\"element-body-13\" class=\"sc-a7166897-0 eoLsBE\" readability=\"31.5\">\n<section readability=\"3\"><picture><img alt=\"Luis Enrique volvi\u00f3 a chocar con la prensa: &quot;No tienen ni el 50% de la informaci\u00f3n que tengo yo&quot;\" loading=\"lazy\" width=\"290\" height=\"290\" decoding=\"async\" data-nimg=\"1\" src=\"http:\/\/hoycordobaweb.com\/wp-content\/uploads\/2026\/01\/el-goleador-que-fue-companero-de-dybala-y-paredes-y-llegara-al-aston-villa-del-dibu-martinez-a-cambio-de-una-importante-cifra-6.jpg\"><\/picture>\n<p><span>Mir\u00e1 tambi\u00e9n<\/span><\/p>\n<hr>\n<h3>Luis Enrique volvi\u00f3 a chocar con la prensa: \u00abNo tienen ni el 50% de la informaci\u00f3n que tengo yo\u00bb<\/h3>\n<\/p>\n<\/section>\n<\/div>\n<div id=\"element-body-14\" class=\"sc-a7166897-0 eoLsBE\" readability=\"31.5\">\n<section readability=\"3\"><picture><img alt=\"Futuro incierto para Borja: se complic\u00f3 su llegada a Cruz Azul y escuchar\u00e1 otras ofertas\" loading=\"lazy\" width=\"290\" height=\"290\" decoding=\"async\" data-nimg=\"1\" src=\"http:\/\/hoycordobaweb.com\/wp-content\/uploads\/2026\/01\/el-goleador-que-fue-companero-de-dybala-y-paredes-y-llegara-al-aston-villa-del-dibu-martinez-a-cambio-de-una-importante-cifra-7.jpg\"><\/picture>\n<p><span>Mir\u00e1 tambi\u00e9n<\/span><\/p>\n<hr>\n<h3>Futuro incierto para Borja: se complic\u00f3 su llegada a Cruz Azul y escuchar\u00e1 otras ofertas<\/h3>\n<\/p>\n<\/section>\n<\/div>\n<\/div>\n","protected":false},"excerpt":{"rendered":"<p>23\/01\/2026 12:56hs. A las horas de que el equipo dirigido por Unai Emery logre una laboriosa victoria en Turqu\u00eda -fue 1 a 0 frente al Fenerbace y por la s\u00e9ptima fecha de la Europa League-, el Aston Villa cerr\u00f3 a su tercer refuerzo de este mercado de pases. Tambi\u00e9n con el pa\u00eds turco como destino [&hellip;]<\/p>\n","protected":false},"author":1,"featured_media":129315,"comment_status":"open","ping_status":"closed","sticky":false,"template":"","format":"standard","meta":[],"categories":[16],"tags":[],"_links":{"self":[{"href":"http:\/\/hoycordobaweb.com\/index.php\/wp-json\/wp\/v2\/posts\/129314"}],"collection":[{"href":"http:\/\/hoycordobaweb.com\/index.php\/wp-json\/wp\/v2\/posts"}],"about":[{"href":"http:\/\/hoycordobaweb.com\/index.php\/wp-json\/wp\/v2\/types\/post"}],"author":[{"embeddable":true,"href":"http:\/\/hoycordobaweb.com\/index.php\/wp-json\/wp\/v2\/users\/1"}],"replies":[{"embeddable":true,"href":"http:\/\/hoycordobaweb.com\/index.php\/wp-json\/wp\/v2\/comments?post=129314"}],"version-history":[{"count":0,"href":"http:\/\/hoycordobaweb.com\/index.php\/wp-json\/wp\/v2\/posts\/129314\/revisions"}],"wp:featuredmedia":[{"embeddable":true,"href":"http:\/\/hoycordobaweb.com\/index.php\/wp-json\/wp\/v2\/media\/129315"}],"wp:attachment":[{"href":"http:\/\/hoycordobaweb.com\/index.php\/wp-json\/wp\/v2\/media?parent=129314"}],"wp:term":[{"taxonomy":"category","embeddable":true,"href":"http:\/\/hoycordobaweb.com\/index.php\/wp-json\/wp\/v2\/categories?post=129314"},{"taxonomy":"post_tag","embeddable":true,"href":"http:\/\/hoycordobaweb.com\/index.php\/wp-json\/wp\/v2\/tags?post=129314"}],"curies":[{"name":"wp","href":"https:\/\/api.w.org\/{rel}","templated":true}]}}