{"id":129228,"date":"2026-01-22T21:01:26","date_gmt":"2026-01-22T21:01:26","guid":{"rendered":"https:\/\/www.trendencias.com\/belleza\/ana-molina-dermatologa-no-que-afeitado-haga-que-pelo-crezca-fuerte-que-otros-metodos-depilacion-debilitan"},"modified":"2026-01-22T21:01:26","modified_gmt":"2026-01-22T21:01:26","slug":"ana-molina-dermatologa-no-es-que-el-afeitado-haga-que-el-pelo-crezca-mas-fuerte-es-que-otros-metodos-de-depilacion-lo-debilitan","status":"publish","type":"post","link":"http:\/\/hoycordobaweb.com\/index.php\/2026\/01\/22\/ana-molina-dermatologa-no-es-que-el-afeitado-haga-que-el-pelo-crezca-mas-fuerte-es-que-otros-metodos-de-depilacion-lo-debilitan\/","title":{"rendered":"Ana Molina, dermat\u00f3loga: \u00abNo es que el afeitado haga que el pelo crezca m\u00e1s fuerte; es que otros m\u00e9todos de depilaci\u00f3n lo debilitan\u00bb"},"content":{"rendered":"<p>Las redes sociales es un no parar y desde que el <a class=\"text-outboundlink\" href=\"https:\/\/www.trendencias.com\/upeka\/que-dermaplaning-upeka-nos-cuenta-todos-pros-contras-esta-tendencia-beauty\" data-vars-post-title=\"\u00bfQu\u00e9 es el Dermaplaning? Upeka nos cuenta todos los pros y contras sobre esta tendencia beauty \" data-vars-post-url=\"https:\/\/www.trendencias.com\/upeka\/que-dermaplaning-upeka-nos-cuenta-todos-pros-contras-esta-tendencia-beauty\">dermaplaning<\/a> ha comenzado a tener m\u00e1s y m\u00e1s adeptas, son muchas las mujeres que se plantean llevar a cabo esta t\u00e9cnica de afeitado facial. La t\u00e9cnica en s\u00ed consiste en <strong>retirar el vello del rostro con cuchilla <\/strong>solo que no son las cl\u00e1sicas de toda la vida sino unas <a rel=\"nofollow, sponsored, noopener, noreferrer noopener\" target=\"_blank\" class=\"js-ecommerce\" id=\"link-ecommerce-1\" href=\"https:\/\/www.webedia-afilia.com\/redirect?url=https%3A%2F%2Fwww.amazon.es%2FTWEEZERMAN-Afeitadora-cuchilla-precisi%25C3%25B3n-inoxidable%2Fdp%2FB0923BZ6CR%2Fref%3Dsr_1_8%3Fadgrpid%3D62273627226%26dib%3DeyJ2IjoiMSJ9.5iyIBhp3dbNWwDanyYsjMgkIK_4s9ghiK-7KRxD5cbE1tDryZf8M8Hs9HL9JN5_usagByo3c_NTLr-UrzkvBBj__FYlC1DVaB4MSeq-_jyjhvjjHV2di-N-fE0OcGiIZt65D4eAoKJFSYyyKBIopMFx6Pc13f2ZpKRfiGQ6Lra8wwR69ptSG6XjQClNaC7TfGc7zemQEH5PbDgMR8wp_35KigF3FaL8d9szAnTZBEk7ktUO8zbOxJmA_s0tOOR_7BygP05ogZagktBHSQzaZ_h7VdhLp1SMSuG5XB5iFiWM.zFHjNyLrTUC-zxXiRlAfMwp3mYXnOzCRsyDlfR7qXlc%26dib_tag%3Dse%26hvadid%3D314934691109%26hvdev%3Dc%26hvexpln%3D0%26hvlocphy%3D9219352%26hvnetw%3Dg%26hvocijid%3D9347620659797256615--%26hvqmt%3De%26hvrand%3D9347620659797256615%26hvtargid%3Dkwd-729668272293%26hydadcr%3D17171_1788433%26keywords%3Dcuchillas%252Bdermaplaning%26mcid%3D1b4ab500524530bca953b7bb6f35c262%26qid%3D1769081144%26sr%3D8-8%26th%3D1&amp;category=belleza&amp;site=trendencias&amp;ecomPostExpiration=not_classified&amp;postId=650480\" data-vars-affiliate-url=\"https:\/\/www.amazon.es\/TWEEZERMAN-Afeitadora-cuchilla-precisi%C3%B3n-inoxidable\/dp\/B0923BZ6CR\/ref=sr_1_8?adgrpid=62273627226&amp;dib=eyJ2IjoiMSJ9.5iyIBhp3dbNWwDanyYsjMgkIK_4s9ghiK-7KRxD5cbE1tDryZf8M8Hs9HL9JN5_usagByo3c_NTLr-UrzkvBBj__FYlC1DVaB4MSeq-_jyjhvjjHV2di-N-fE0OcGiIZt65D4eAoKJFSYyyKBIopMFx6Pc13f2ZpKRfiGQ6Lra8wwR69ptSG6XjQClNaC7TfGc7zemQEH5PbDgMR8wp_35KigF3FaL8d9szAnTZBEk7ktUO8zbOxJmA_s0tOOR_7BygP05ogZagktBHSQzaZ_h7VdhLp1SMSuG5XB5iFiWM.zFHjNyLrTUC-zxXiRlAfMwp3mYXnOzCRsyDlfR7qXlc&amp;dib_tag=se&amp;hvadid=314934691109&amp;hvdev=c&amp;hvexpln=0&amp;hvlocphy=9219352&amp;hvnetw=g&amp;hvocijid=9347620659797256615--&amp;hvqmt=e&amp;hvrand=9347620659797256615&amp;hvtargid=kwd-729668272293&amp;hydadcr=17171_1788433&amp;keywords=cuchillas%2Bdermaplaning&amp;mcid=1b4ab500524530bca953b7bb6f35c262&amp;qid=1769081144&amp;sr=8-8&amp;th=1\">cuchillas especiales<\/a> para este fin. Pero la gran duda que les crea a muchas, es si luego les saldr\u00e1 m\u00e1s pelo, m\u00e1s grueso y m\u00e1s oscuro.<\/p>\n<p><!-- BREAK 1 --> <\/p>\n<p>Seg\u00fan la dermat\u00f3loga <strong>Ana Molina<\/strong> (<a rel=\"noopener, noreferrer\" href=\"https:\/\/www.instagram.com\/dr.anamolina\/reels\/\">@dr.anamolina<\/a>) todo el mundo tiene la falsa creencia de: \u00abNo te afeites con cuchilla que el pelo te va a crecer m\u00e1s fuerte y m\u00e1s r\u00e1pido\u00bb. Pero la experta aclara que esto no es cierto y que esta creencia tan popular se debe a tres claros motivos:<\/p>\n<p><!-- BREAK 2 --><\/p>\n<div class=\"article-asset-image article-asset-small article-asset-center\">\n<div class=\"asset-content\"> <a rel=\"noopener, noreferrer\" href=\"https:\/\/www.instagram.com\/reels\/C9-ISMAiiH3\/\"> <img class=\"centro_sinmarco\" height=\"762\" width=\"452\" loading=\"lazy\" decoding=\"async\" sizes=\"100vw\" fetchpriority=\"high\" srcset=\"http:\/\/hoycordobaweb.com\/wp-content\/uploads\/2026\/01\/ana-molina-dermatologa-no-es-que-el-afeitado-haga-que-el-pelo-crezca-mas-fuerte-es-que-otros-metodos-de-depilacion-lo-debilitan.jpg 450w, http:\/\/hoycordobaweb.com\/wp-content\/uploads\/2026\/01\/ana-molina-dermatologa-no-es-que-el-afeitado-haga-que-el-pelo-crezca-mas-fuerte-es-que-otros-metodos-de-depilacion-lo-debilitan-2.jpg 681w, http:\/\/hoycordobaweb.com\/wp-content\/uploads\/2026\/01\/ana-molina-dermatologa-no-es-que-el-afeitado-haga-que-el-pelo-crezca-mas-fuerte-es-que-otros-metodos-de-depilacion-lo-debilitan-3.jpg 1024w, http:\/\/hoycordobaweb.com\/wp-content\/uploads\/2026\/01\/ana-molina-dermatologa-no-es-que-el-afeitado-haga-que-el-pelo-crezca-mas-fuerte-es-que-otros-metodos-de-depilacion-lo-debilitan-4.jpg 1366w\" src=\"http:\/\/hoycordobaweb.com\/wp-content\/uploads\/2026\/01\/ana-molina-dermatologa-no-es-que-el-afeitado-haga-que-el-pelo-crezca-mas-fuerte-es-que-otros-metodos-de-depilacion-lo-debilitan.jpg\" alt=\"Sin Titulo\"> <noscript><img alt=\"Sin Titulo\" class=\"centro_sinmarco\" src=\"http:\/\/hoycordobaweb.com\/wp-content\/uploads\/2026\/01\/ana-molina-dermatologa-no-es-que-el-afeitado-haga-que-el-pelo-crezca-mas-fuerte-es-que-otros-metodos-de-depilacion-lo-debilitan.jpg\"><\/noscript> <\/a> <\/div>\n<\/div>\n<p>El primer motivo por el que nos puede dar esa impresi\u00f3n de que el pelo es m\u00e1s grueso e incluso que pincha, es porque \u00ab<strong>el pelo tiene forma de cono<\/strong>, se estrecha de forma natural hacia la punta, por eso cuando la afeitamos estamos viendo la base, que es mucho m\u00e1s ancha y nos parece m\u00e1s grueso\u00bb, comenta Molina.<\/p>\n<p><!-- BREAK 3 --> <\/p>\n<p>Otro aspecto que podemos observar, es que el pelo parece verse m\u00e1s oscuro y esto tiene una explicaci\u00f3n muy clara y nada tiene que ver con que hayamos afeitado el pelo. Esto se debe a que \u00abel pelo cuando crece reci\u00e9n afeitado, a\u00fan no ha sido expuesto a <strong>agentes externos como el sol y otros qu\u00edmico<\/strong><strong>s<\/strong> que normalmente lo van decolorando, y se ve mucho m\u00e1s oscuro\u00bb, a\u00f1ade la dermat\u00f3loga. Por eso, cuando en verano nos exponemos mucho m\u00e1s al sol, podemos ver c\u00f3mo el vello se aclara y luce mucho m\u00e1s rubio y brillante, y durante los meses de fr\u00edo se aprecia m\u00e1s oscuro.<\/p>\n<p><!-- BREAK 4 --><\/p>\n<p>Y el tercer motivo que nos puede llevar a pensar que el pelo nace m\u00e1s duro, se debe a que \u00abotros m\u00e9todos de depilaci\u00f3n que producen un arrancamiento del cabello como la cera, s\u00ed que van debilit\u00e1ndolo a largo plazo, por tanto, no es que el afeitado ponga el pelo m\u00e1s grueso, es que <strong>otros m\u00e9todos de depilaci\u00f3n lo ponen m\u00e1s fino<\/strong>\u00ab, dice Ana. Lo que significa, que en este sentido nuestra percepci\u00f3n nos puede llevar a pensar que afeitar hace el pelo m\u00e1s grueso, cuando en realidad es porque lo comparamos con otras formas de retirar el vello que s\u00ed lo debilitan.<\/p>\n<p><!-- BREAK 5 --><\/p>\n<p>Fotos |<\/p>\n<p>En Trendencias | <a class=\"text-outboundlink\" href=\"https:\/\/www.trendencias.com\/belleza\/como-quitar-ojeras-trucos-infalibles-para-eliminarlas-tiempo-record\" data-vars-post-title=\"C\u00f3mo quitar las ojeras: los trucos infalibles para eliminarlas en tiempo r\u00e9cord\" data-vars-post-url=\"https:\/\/www.trendencias.com\/belleza\/como-quitar-ojeras-trucos-infalibles-para-eliminarlas-tiempo-record\">C\u00f3mo quitar las ojeras: los trucos infalibles para eliminarlas en tiempo r\u00e9cord<\/a><\/p>\n<p>En Trendencias | <a class=\"text-outboundlink\" href=\"https:\/\/www.trendencias.com\/belleza\/estos-estilos-mechas-que-llevaremos-2024-expertos\" data-vars-post-title=\"Estos son los estilos en mechas que m\u00e1s llevaremos en 2026 seg\u00fan los expertos\" data-vars-post-url=\"https:\/\/www.trendencias.com\/belleza\/estos-estilos-mechas-que-llevaremos-2024-expertos\">Estos son los estilos en mechas que m\u00e1s llevaremos en 2025 seg\u00fan los expertos<\/a><\/p>\n","protected":false},"excerpt":{"rendered":"<p>Las redes sociales es un no parar y desde que el dermaplaning ha comenzado a tener m\u00e1s y m\u00e1s adeptas, son muchas las mujeres que se plantean llevar a cabo esta t\u00e9cnica de afeitado facial. La t\u00e9cnica en s\u00ed consiste en retirar el vello del rostro con cuchilla solo que no son las cl\u00e1sicas de [&hellip;]<\/p>\n","protected":false},"author":1,"featured_media":129229,"comment_status":"closed","ping_status":"closed","sticky":false,"template":"","format":"standard","meta":[],"categories":[],"tags":[],"_links":{"self":[{"href":"http:\/\/hoycordobaweb.com\/index.php\/wp-json\/wp\/v2\/posts\/129228"}],"collection":[{"href":"http:\/\/hoycordobaweb.com\/index.php\/wp-json\/wp\/v2\/posts"}],"about":[{"href":"http:\/\/hoycordobaweb.com\/index.php\/wp-json\/wp\/v2\/types\/post"}],"author":[{"embeddable":true,"href":"http:\/\/hoycordobaweb.com\/index.php\/wp-json\/wp\/v2\/users\/1"}],"replies":[{"embeddable":true,"href":"http:\/\/hoycordobaweb.com\/index.php\/wp-json\/wp\/v2\/comments?post=129228"}],"version-history":[{"count":0,"href":"http:\/\/hoycordobaweb.com\/index.php\/wp-json\/wp\/v2\/posts\/129228\/revisions"}],"wp:featuredmedia":[{"embeddable":true,"href":"http:\/\/hoycordobaweb.com\/index.php\/wp-json\/wp\/v2\/media\/129229"}],"wp:attachment":[{"href":"http:\/\/hoycordobaweb.com\/index.php\/wp-json\/wp\/v2\/media?parent=129228"}],"wp:term":[{"taxonomy":"category","embeddable":true,"href":"http:\/\/hoycordobaweb.com\/index.php\/wp-json\/wp\/v2\/categories?post=129228"},{"taxonomy":"post_tag","embeddable":true,"href":"http:\/\/hoycordobaweb.com\/index.php\/wp-json\/wp\/v2\/tags?post=129228"}],"curies":[{"name":"wp","href":"https:\/\/api.w.org\/{rel}","templated":true}]}}