{"id":129224,"date":"2026-01-22T15:59:01","date_gmt":"2026-01-22T15:59:01","guid":{"rendered":"https:\/\/www.mujerhoy.com\/moda\/no-te-pierdas\/mejores-basicos-ponibles-invierno-20260122153323-nt.html"},"modified":"2026-01-22T15:59:01","modified_gmt":"2026-01-22T15:59:01","slug":"mi-trabajo-es-buscar-los-mejores-basicos-y-estos-seis-son-los-favoritos-del-invierno","status":"publish","type":"post","link":"http:\/\/hoycordobaweb.com\/index.php\/2026\/01\/22\/mi-trabajo-es-buscar-los-mejores-basicos-y-estos-seis-son-los-favoritos-del-invierno\/","title":{"rendered":"Mi trabajo es buscar los mejores b\u00e1sicos y estos seis son los favoritos del invierno"},"content":{"rendered":"<p><!-- AUTHOR --><\/p>\n<div class=\"voc-author-timesocial \">\n<!-- AUTHOR --><\/p>\n<div class=\"voc-author-timesocial__signature \">\n<!-- IMAGE AUTHOR -->\n<picture class=\"voc-image-signature\">\n<img class=\"voc-image-signature__img\" src=\"http:\/\/hoycordobaweb.com\/wp-content\/uploads\/2026\/01\/mi-trabajo-es-buscar-los-mejores-basicos-y-estos-seis-son-los-favoritos-del-invierno.jpg\" alt=\"Lauren Izquierdo\">\n<\/picture>\n<!-- INFO AUTHOR --> <\/div><\/div>\n<p><!-- COMPONENTS --><\/p>\n<p class=\"voc-paragraph\">Tengo una <strong>obsesi\u00f3n<\/strong> por <a href=\"https:\/\/www.mujerhoy.com\/moda\/no-te-pierdas\/mejores-basicos-armario-capsula-te-recomiendo-invertir-20260101161819-nt.html\" title=\"www.mujerhoy.com\" data-voc-vtm-id=\"in-text-traffic\" data-mrf-link=\"www.mujerhoy.com\">encontrar las mejores piezas<\/a> para crear un <a href=\"https:\/\/www.mujerhoy.com\/moda\/no-te-pierdas\/mejores-basicos-discretos-elegantes-nuevo-ano-2026-2027-20251221155853-nt.html\" title=\"www.mujerhoy.com\" data-voc-vtm-id=\"in-text-traffic\" data-mrf-link=\"www.mujerhoy.com\">buen fondo de armario<\/a>, lo reconozco. Siempre estoy al d\u00eda de cu\u00e1les son las tendencias, qu\u00e9 tonos combinan bien entre s\u00ed y qu\u00e9 novedades de tus tiendas favoritas (y aquellas que son un <strong>sue\u00f1o plat\u00f3nico<\/strong>) merecen la pena. <\/p>\n<p class=\"voc-paragraph\">As\u00ed que, soy la fuente de <strong>informaci\u00f3n<\/strong> m\u00e1s fiable de mis amigas. Siempre me preguntan si les recomiendo una prenda en concreto, una tonalidad que se ha viralizado en redes sociales o ese accesorio que ellas mismas, antes de preguntar, ya saben que <strong>no es una buena idea<\/strong>. <\/p>\n<div class=\"v-c-cmp v-c-cmp--t1 \">\n<div class=\"v-cmp-rld v-cmp-rld--2 \">\n<div class=\"v-cnt-m v-cnt-m--m\">\n<div class=\"v-cnt-m__c\">\n<div class=\"v-cnt-m__w v-cnt-m__w--1\">\n<p class=\"v-cnt-m__t\">\nTAMBI\u00c9N TE INTERESA\n<\/p>\n<\/div>\n<\/div>\n<\/div>\n<div class=\"v-g v-g--2-c v-g--bdr-min-xs\">\n<div class=\"v-g__c \">\n<article class=\"v-a v-a--cmp-rld v-a--cmp-rld-2 v-a--p-l\">\n<div class=\"v-a-img-c\">\n<figure class=\"v-a-fig\">\n<a href=\"https:\/\/www.mujerhoy.com\/moda\/no-te-pierdas\/mejores-basicos-discretos-elegantes-nuevo-ano-2026-2027-20251221155853-nt.html#vtm_modulosEngag=mod-rel:moda:noticia:1:cmp:2-not\" class=\"v-a-link\" title=\"Cr\u00e9eme: querr\u00e1s estos b\u00e1sicos elegantes y discretos para 2026 (y para 2027 y 2028)\"><br \/>\n<img loading=\"lazy\" class=\"v-a-img\" src=\"http:\/\/hoycordobaweb.com\/wp-content\/uploads\/2026\/01\/mi-trabajo-es-buscar-los-mejores-basicos-y-estos-seis-son-los-favoritos-del-invierno-1.jpg\" alt=\"Cr\u00e9eme: querr\u00e1s estos b\u00e1sicos elegantes y discretos para 2026 (y para 2027 y 2028)\"><br \/>\n<\/a><br \/>\n<\/figure>\n<\/div>\n<\/article>\n<\/div>\n<div class=\"v-g__c \">\n<article class=\"v-a v-a--cmp-rld v-a--cmp-rld-2 v-a--p-l\">\n<div class=\"v-a-img-c\">\n<figure class=\"v-a-fig\">\n<a href=\"https:\/\/www.mujerhoy.com\/moda\/no-te-pierdas\/mejores-basicos-armario-capsula-te-recomiendo-invertir-20260101161819-nt.html#vtm_modulosEngag=mod-rel:moda:noticia:2:cmp:2-not\" class=\"v-a-link\" title=\"Tengo gustos caros, pero un presupuesto limitado: seis b\u00e1sicos que entraron en mi r\u00e1nking\"><br \/>\n<img loading=\"lazy\" class=\"v-a-img\" src=\"http:\/\/hoycordobaweb.com\/wp-content\/uploads\/2026\/01\/mi-trabajo-es-buscar-los-mejores-basicos-y-estos-seis-son-los-favoritos-del-invierno-2.jpg\" alt=\"Tengo gustos caros, pero un presupuesto limitado: seis b\u00e1sicos que entraron en mi r\u00e1nking\"><br \/>\n<\/a><br \/>\n<\/figure>\n<\/div>\n<\/article>\n<\/div>\n<\/div>\n<\/div>\n<\/div>\n<p class=\"voc-paragraph\">Por eso, tengo potestad para afirmarte que de todo lo que he visto este invierno, estos <strong>seis b\u00e1sicos son los mejores de mi r\u00e1nking<\/strong>. Tienen todo lo que se les puede pedir. Son calentitos, vers\u00e1tiles, elegantes y se adaptan a cualquier escenario que tengas en mente, ya sea del d\u00eda o para <strong>alguna ocasi\u00f3n m\u00e1s especial<\/strong>. <\/p>\n<p><h3 class=\"v-cmp-suh\">\nEstos son los mejores b\u00e1sicos del invierno<br \/>\n<\/h3>\n<\/p>\n<div class=\"v-c-cmp v-c-cmp--s\">\n<div class=\"v-cmp-m \">\n<article class=\"v-a v-a--cmp-m v-c-cmp--m-z\">\n<div class=\"v-a-img-c \">\n<div class=\"v-a-fig\">\n<button class=\"v-a-link\" popovertarget=\"photo-645\"><br \/>\n<img loading=\"lazy\" src=\"http:\/\/hoycordobaweb.com\/wp-content\/uploads\/2026\/01\/mi-trabajo-es-buscar-los-mejores-basicos-y-estos-seis-son-los-favoritos-del-invierno-3.jpg\" class=\"v-a-img\" width=\"650\" height=\"650\" alt=\"Blazer negro estructurado de Massimo Dutti, 79,95 euros.\" data-voc-vtm-id=\"in-text-traffic\"> <\/button><figcaption class=\"v-fc\">\n<span class=\"v-fc__t\"><br \/>\nBlazer negro estructurado de Massimo Dutti, 79,95 euros.<br \/>\n<\/span><br \/>\n<\/figcaption><\/div>\n<\/div>\n<div id=\"photo-645\" popover class=\"v-mdl v-mdl--fw\">\n<button class=\"v-x\" popovertarget=\"photo-645\" popovertargetaction=\"hide\"><br \/>\n<span class=\"v-i\"><br \/>\n<svg width=\"24\" height=\"23.996\" viewBox=\"0 0 24 23.996\">\n<path data-name=\"Uni\u00f3n 29\" d=\"M12,14.03,2.031,24,0,21.963,9.968,12,0,2.033,2.031,0,12,9.966,21.969,0,24,2.033,14.032,12,24,21.963,21.969,24Z\" \/>\n<\/svg><br \/>\n<\/span><br \/>\n<\/button><\/p>\n<div class=\"v-mdl__c\">\n<div class=\"v-mdl__w\">\n<img loading=\"lazy\" src=\"http:\/\/hoycordobaweb.com\/wp-content\/uploads\/2026\/01\/mi-trabajo-es-buscar-los-mejores-basicos-y-estos-seis-son-los-favoritos-del-invierno-3.jpg\" class=\"v-mdl__img-z\" width=\"650\" height=\"650\" alt>\n<\/div>\n<\/div>\n<\/div>\n<p><span class=\"v-bdp\"><\/span><br \/>\n<\/article>\n<\/div>\n<\/div>\n<p class=\"voc-paragraph\"><strong>Blazer negro estructurado de Massimo Dutti, 79,95 euros.<\/strong> El corte es limpio, la estructura aporta presencia y el color negro hace que combine con absolutamente todo, desde un vaquero hasta un pantal\u00f3n m\u00e1s formal. Es una de esas prendas que resuelven un look en segundos y siempre suma sensaci\u00f3n de orden y estilo.<\/p>\n<div class=\"v-c-cmp v-c-cmp--s\">\n<div class=\"v-cmp-m \">\n<article class=\"v-a v-a--cmp-m v-c-cmp--m-z\">\n<div class=\"v-a-img-c \">\n<div class=\"v-a-fig\">\n<button class=\"v-a-link\" popovertarget=\"photo-946\"><br \/>\n<img loading=\"lazy\" src=\"http:\/\/hoycordobaweb.com\/wp-content\/uploads\/2026\/01\/mi-trabajo-es-buscar-los-mejores-basicos-y-estos-seis-son-los-favoritos-del-invierno-4.jpg\" class=\"v-a-img\" width=\"650\" height=\"650\" alt=\"Polo fino con botones de Arket, 41,50 euros.\" data-voc-vtm-id=\"in-text-traffic\"> <\/button><figcaption class=\"v-fc\">\n<span class=\"v-fc__t\"><br \/>\nPolo fino con botones de Arket, 41,50 euros.<br \/>\n<\/span><br \/>\n<\/figcaption><\/div>\n<\/div>\n<div id=\"photo-946\" popover class=\"v-mdl v-mdl--fw\">\n<button class=\"v-x\" popovertarget=\"photo-946\" popovertargetaction=\"hide\"><br \/>\n<span class=\"v-i\"><br \/>\n<svg width=\"24\" height=\"23.996\" viewBox=\"0 0 24 23.996\">\n<path data-name=\"Uni\u00f3n 29\" d=\"M12,14.03,2.031,24,0,21.963,9.968,12,0,2.033,2.031,0,12,9.966,21.969,0,24,2.033,14.032,12,24,21.963,21.969,24Z\" \/>\n<\/svg><br \/>\n<\/span><br \/>\n<\/button><\/p>\n<div class=\"v-mdl__c\">\n<div class=\"v-mdl__w\">\n<img loading=\"lazy\" src=\"http:\/\/hoycordobaweb.com\/wp-content\/uploads\/2026\/01\/mi-trabajo-es-buscar-los-mejores-basicos-y-estos-seis-son-los-favoritos-del-invierno-4.jpg\" class=\"v-mdl__img-z\" width=\"650\" height=\"650\" alt>\n<\/div>\n<\/div>\n<\/div>\n<p><span class=\"v-bdp\"><\/span><br \/>\n<\/article>\n<\/div>\n<\/div>\n<p class=\"voc-paragraph\"><strong>Polo fino con botones de Arket, 41,50 euros.<\/strong> Me gusta por el color, la textura y porque en invierno es especialmente \u00fatil. Permite jugar con capas sin a\u00f1adir volumen, es c\u00f3modo, favorecedor y pr\u00e1ctico. Por lo que su uso est\u00e1 asegurado.<\/p>\n<div class=\"v-c-cmp v-c-cmp--s\">\n<div class=\"v-cmp-m \">\n<article class=\"v-a v-a--cmp-m v-c-cmp--m-z\">\n<div class=\"v-a-img-c \">\n<div class=\"v-a-fig\">\n<button class=\"v-a-link\" popovertarget=\"photo-837\"><br \/>\n<img loading=\"lazy\" src=\"http:\/\/hoycordobaweb.com\/wp-content\/uploads\/2026\/01\/mi-trabajo-es-buscar-los-mejores-basicos-y-estos-seis-son-los-favoritos-del-invierno-5.jpg\" class=\"v-a-img\" width=\"650\" height=\"650\" alt=\"Falda midi de punto de Maje, 245 euros.\" data-voc-vtm-id=\"in-text-traffic\"> <\/button><figcaption class=\"v-fc\">\n<span class=\"v-fc__t\"><br \/>\nFalda midi de punto de Maje, 245 euros.<br \/>\n<\/span><br \/>\n<\/figcaption><\/div>\n<\/div>\n<div id=\"photo-837\" popover class=\"v-mdl v-mdl--fw\">\n<button class=\"v-x\" popovertarget=\"photo-837\" popovertargetaction=\"hide\"><br \/>\n<span class=\"v-i\"><br \/>\n<svg width=\"24\" height=\"23.996\" viewBox=\"0 0 24 23.996\">\n<path data-name=\"Uni\u00f3n 29\" d=\"M12,14.03,2.031,24,0,21.963,9.968,12,0,2.033,2.031,0,12,9.966,21.969,0,24,2.033,14.032,12,24,21.963,21.969,24Z\" \/>\n<\/svg><br \/>\n<\/span><br \/>\n<\/button><\/p>\n<div class=\"v-mdl__c\">\n<div class=\"v-mdl__w\">\n<img loading=\"lazy\" src=\"http:\/\/hoycordobaweb.com\/wp-content\/uploads\/2026\/01\/mi-trabajo-es-buscar-los-mejores-basicos-y-estos-seis-son-los-favoritos-del-invierno-5.jpg\" class=\"v-mdl__img-z\" width=\"650\" height=\"650\" alt>\n<\/div>\n<\/div>\n<\/div>\n<p><span class=\"v-bdp\"><\/span><br \/>\n<\/article>\n<\/div>\n<\/div>\n<p class=\"voc-paragraph\"><strong>Falda midi de punto de Maje, 245 euros. La <\/strong>falda midi de punto es uno de esos b\u00e1sicos que siempre funcionan. Y esta en concreto es elegante, c\u00f3moda y su movimiento da mucha personalidad a cualquiera de los looks que tengas en mente. Arrasar\u00e1s. <\/p>\n<div class=\"v-c-cmp v-c-cmp--s\">\n<div class=\"v-cmp-m \">\n<article class=\"v-a v-a--cmp-m v-c-cmp--m-z\">\n<div class=\"v-a-img-c \">\n<div class=\"v-a-fig\">\n<button class=\"v-a-link\" popovertarget=\"photo-436\"><br \/>\n<img loading=\"lazy\" src=\"http:\/\/hoycordobaweb.com\/wp-content\/uploads\/2026\/01\/mi-trabajo-es-buscar-los-mejores-basicos-y-estos-seis-son-los-favoritos-del-invierno-6.jpg\" class=\"v-a-img\" width=\"650\" height=\"650\" alt=\"Pantal\u00f3n negro de Claudie Pierlot, 199 euros.\" data-voc-vtm-id=\"in-text-traffic\"> <\/button><figcaption class=\"v-fc\">\n<span class=\"v-fc__t\"><br \/>\nPantal\u00f3n negro de Claudie Pierlot, 199 euros.<br \/>\n<\/span><br \/>\n<\/figcaption><\/div>\n<\/div>\n<div id=\"photo-436\" popover class=\"v-mdl v-mdl--fw\">\n<button class=\"v-x\" popovertarget=\"photo-436\" popovertargetaction=\"hide\"><br \/>\n<span class=\"v-i\"><br \/>\n<svg width=\"24\" height=\"23.996\" viewBox=\"0 0 24 23.996\">\n<path data-name=\"Uni\u00f3n 29\" d=\"M12,14.03,2.031,24,0,21.963,9.968,12,0,2.033,2.031,0,12,9.966,21.969,0,24,2.033,14.032,12,24,21.963,21.969,24Z\" \/>\n<\/svg><br \/>\n<\/span><br \/>\n<\/button><\/p>\n<div class=\"v-mdl__c\">\n<div class=\"v-mdl__w\">\n<img loading=\"lazy\" src=\"http:\/\/hoycordobaweb.com\/wp-content\/uploads\/2026\/01\/mi-trabajo-es-buscar-los-mejores-basicos-y-estos-seis-son-los-favoritos-del-invierno-6.jpg\" class=\"v-mdl__img-z\" width=\"650\" height=\"650\" alt>\n<\/div>\n<\/div>\n<\/div>\n<p><span class=\"v-bdp\"><\/span><br \/>\n<\/article>\n<\/div>\n<\/div>\n<p class=\"voc-paragraph\"><strong>Pantal\u00f3n negro de Claudie Pierlot, 199 euros.<\/strong> Es un b\u00e1sico de fondo de armario que podr\u00e1s llevar con jers\u00e9is, camisas o camisetas. Al ser de color azul marino, tiene lo mejor de los dos mundos, porque es muy ponible, pero tambi\u00e9n actual. <\/p>\n<div class=\"v-c-cmp v-c-cmp--s\">\n<div class=\"v-cmp-m \">\n<article class=\"v-a v-a--cmp-m v-c-cmp--m-z\">\n<div class=\"v-a-img-c \">\n<div class=\"v-a-fig\">\n<button class=\"v-a-link\" popovertarget=\"photo-948\"><br \/>\n<img loading=\"lazy\" src=\"http:\/\/hoycordobaweb.com\/wp-content\/uploads\/2026\/01\/mi-trabajo-es-buscar-los-mejores-basicos-y-estos-seis-son-los-favoritos-del-invierno-7.jpg\" class=\"v-a-img\" width=\"650\" height=\"650\" alt=\"Abrigo corto de lana de COS, 299 euros.\" data-voc-vtm-id=\"in-text-traffic\"> <\/button><figcaption class=\"v-fc\">\n<span class=\"v-fc__t\"><br \/>\nAbrigo corto de lana de COS, 299 euros.<br \/>\n<\/span><br \/>\n<\/figcaption><\/div>\n<\/div>\n<div id=\"photo-948\" popover class=\"v-mdl v-mdl--fw\">\n<button class=\"v-x\" popovertarget=\"photo-948\" popovertargetaction=\"hide\"><br \/>\n<span class=\"v-i\"><br \/>\n<svg width=\"24\" height=\"23.996\" viewBox=\"0 0 24 23.996\">\n<path data-name=\"Uni\u00f3n 29\" d=\"M12,14.03,2.031,24,0,21.963,9.968,12,0,2.033,2.031,0,12,9.966,21.969,0,24,2.033,14.032,12,24,21.963,21.969,24Z\" \/>\n<\/svg><br \/>\n<\/span><br \/>\n<\/button><\/p>\n<div class=\"v-mdl__c\">\n<div class=\"v-mdl__w\">\n<img loading=\"lazy\" src=\"http:\/\/hoycordobaweb.com\/wp-content\/uploads\/2026\/01\/mi-trabajo-es-buscar-los-mejores-basicos-y-estos-seis-son-los-favoritos-del-invierno-7.jpg\" class=\"v-mdl__img-z\" width=\"650\" height=\"650\" alt>\n<\/div>\n<\/div>\n<\/div>\n<p><span class=\"v-bdp\"><\/span><br \/>\n<\/article>\n<\/div>\n<\/div>\n<p class=\"voc-paragraph\"><strong>Abrigo corto de lana de COS, 299 euros.<\/strong> Desde que lo vi en el desfile no lo saco de mi mente. Es un espect\u00e1culo que equilibra funcionalidad y estilo. Adem\u00e1s, este tipo de silueta favorece, no acorta la figura y se adapta tanto a looks m\u00e1s formales como a otros m\u00e1s casuales.<\/p>\n<div class=\"v-c-cmp v-c-cmp--s\">\n<div class=\"v-cmp-m \">\n<article class=\"v-a v-a--cmp-m v-c-cmp--m-z\">\n<div class=\"v-a-img-c \">\n<div class=\"v-a-fig\">\n<button class=\"v-a-link\" popovertarget=\"photo-190\"><br \/>\n<img loading=\"lazy\" src=\"http:\/\/hoycordobaweb.com\/wp-content\/uploads\/2026\/01\/mi-trabajo-es-buscar-los-mejores-basicos-y-estos-seis-son-los-favoritos-del-invierno-8.jpg\" class=\"v-a-img\" width=\"650\" height=\"650\" alt=\"Jersey azul marino de S\u00e9zane, 105 euros.\" data-voc-vtm-id=\"in-text-traffic\"> <\/button><figcaption class=\"v-fc\">\n<span class=\"v-fc__t\"><br \/>\nJersey azul marino de S\u00e9zane, 105 euros.<br \/>\n<\/span><br \/>\n<\/figcaption><\/div>\n<\/div>\n<div id=\"photo-190\" popover class=\"v-mdl v-mdl--fw\">\n<button class=\"v-x\" popovertarget=\"photo-190\" popovertargetaction=\"hide\"><br \/>\n<span class=\"v-i\"><br \/>\n<svg width=\"24\" height=\"23.996\" viewBox=\"0 0 24 23.996\">\n<path data-name=\"Uni\u00f3n 29\" d=\"M12,14.03,2.031,24,0,21.963,9.968,12,0,2.033,2.031,0,12,9.966,21.969,0,24,2.033,14.032,12,24,21.963,21.969,24Z\" \/>\n<\/svg><br \/>\n<\/span><br \/>\n<\/button><\/p>\n<div class=\"v-mdl__c\">\n<div class=\"v-mdl__w\">\n<img loading=\"lazy\" src=\"http:\/\/hoycordobaweb.com\/wp-content\/uploads\/2026\/01\/mi-trabajo-es-buscar-los-mejores-basicos-y-estos-seis-son-los-favoritos-del-invierno-8.jpg\" class=\"v-mdl__img-z\" width=\"650\" height=\"650\" alt>\n<\/div>\n<\/div>\n<\/div>\n<p><span class=\"v-bdp\"><\/span><br \/>\n<\/article>\n<\/div>\n<\/div>\n<p class=\"voc-paragraph\"><strong>Jersey azul marino de S\u00e9zane, 105 euros.<\/strong> Es el b\u00e1sico sencillo y cuidado que cualquier armario necesita. Lo llevar\u00e1s con pantalones vaqueros, con otras piezas sastre, con trajes, faldas\u2026 Sus opciones son infinitas. <\/p>\n<div class=\"v-c-cmp v-c-cmp--t1 \">\n<div class=\"v-cmp-rld v-cmp-rld--2 \">\n<div class=\"v-cnt-m v-cnt-m--m\">\n<div class=\"v-cnt-m__c\">\n<div class=\"v-cnt-m__w v-cnt-m__w--1\">\n<p class=\"v-cnt-m__t\">\nTAMBI\u00c9N TE INTERESA\n<\/p>\n<\/div>\n<\/div>\n<\/div>\n<div class=\"v-g v-g--2-c v-g--bdr-min-xs\">\n<div class=\"v-g__c \">\n<article class=\"v-a v-a--cmp-rld v-a--cmp-rld-2 v-a--p-l\">\n<div class=\"v-a-img-c\">\n<figure class=\"v-a-fig\">\n<a href=\"https:\/\/www.mujerhoy.com\/moda\/no-te-pierdas\/mejores-basicos-parisinos-armario-capsula-20260104162425-nt.html#vtm_modulosEngag=mod-rel:moda:noticia:1:cmp:2-not\" class=\"v-a-link\" title=\"He encontrado los b\u00e1sicos m\u00e1s parisinos que cualquier chica quiere tener en su armario de invierno\"><br \/>\n<img loading=\"lazy\" class=\"v-a-img\" src=\"http:\/\/hoycordobaweb.com\/wp-content\/uploads\/2026\/01\/mi-trabajo-es-buscar-los-mejores-basicos-y-estos-seis-son-los-favoritos-del-invierno-9.jpg\" alt=\"He encontrado los b\u00e1sicos m\u00e1s parisinos que cualquier chica quiere tener en su armario de invierno\"><br \/>\n<\/a><br \/>\n<\/figure>\n<\/div>\n<\/article>\n<\/div>\n<div class=\"v-g__c \">\n<article class=\"v-a v-a--cmp-rld v-a--cmp-rld-2 v-a--p-l\">\n<div class=\"v-a-img-c\">\n<figure class=\"v-a-fig\">\n<a href=\"https:\/\/www.mujerhoy.com\/moda\/no-te-pierdas\/basicos-elegantes-buenos-otono-invierno-2025-20251122162713-nt.html#vtm_modulosEngag=mod-rel:moda:noticia:2:cmp:2-not\" class=\"v-a-link\" title=\"Estoy convencida de que estos seis b\u00e1sicos son los m\u00e1s elegantes del 2025\"><br \/>\n<img loading=\"lazy\" class=\"v-a-img\" src=\"http:\/\/hoycordobaweb.com\/wp-content\/uploads\/2026\/01\/mi-trabajo-es-buscar-los-mejores-basicos-y-estos-seis-son-los-favoritos-del-invierno-10.jpg\" alt=\"Estoy convencida de que estos seis b\u00e1sicos son los m\u00e1s elegantes del 2025\"><br \/>\n<\/a><br \/>\n<\/figure>\n<\/div>\n<\/article>\n<\/div>\n<\/div>\n<\/div>\n<\/div>\n<div class=\"media_block\"><\/div>\n","protected":false},"excerpt":{"rendered":"<p>Tengo una obsesi\u00f3n por encontrar las mejores piezas para crear un buen fondo de armario, lo reconozco. Siempre estoy al d\u00eda de cu\u00e1les son las tendencias, qu\u00e9 tonos combinan bien entre s\u00ed y qu\u00e9 novedades de tus tiendas favoritas (y aquellas que son un sue\u00f1o plat\u00f3nico) merecen la pena. As\u00ed que, soy la fuente de [&hellip;]<\/p>\n","protected":false},"author":1,"featured_media":129225,"comment_status":"closed","ping_status":"closed","sticky":false,"template":"","format":"standard","meta":[],"categories":[],"tags":[],"_links":{"self":[{"href":"http:\/\/hoycordobaweb.com\/index.php\/wp-json\/wp\/v2\/posts\/129224"}],"collection":[{"href":"http:\/\/hoycordobaweb.com\/index.php\/wp-json\/wp\/v2\/posts"}],"about":[{"href":"http:\/\/hoycordobaweb.com\/index.php\/wp-json\/wp\/v2\/types\/post"}],"author":[{"embeddable":true,"href":"http:\/\/hoycordobaweb.com\/index.php\/wp-json\/wp\/v2\/users\/1"}],"replies":[{"embeddable":true,"href":"http:\/\/hoycordobaweb.com\/index.php\/wp-json\/wp\/v2\/comments?post=129224"}],"version-history":[{"count":0,"href":"http:\/\/hoycordobaweb.com\/index.php\/wp-json\/wp\/v2\/posts\/129224\/revisions"}],"wp:featuredmedia":[{"embeddable":true,"href":"http:\/\/hoycordobaweb.com\/index.php\/wp-json\/wp\/v2\/media\/129225"}],"wp:attachment":[{"href":"http:\/\/hoycordobaweb.com\/index.php\/wp-json\/wp\/v2\/media?parent=129224"}],"wp:term":[{"taxonomy":"category","embeddable":true,"href":"http:\/\/hoycordobaweb.com\/index.php\/wp-json\/wp\/v2\/categories?post=129224"},{"taxonomy":"post_tag","embeddable":true,"href":"http:\/\/hoycordobaweb.com\/index.php\/wp-json\/wp\/v2\/tags?post=129224"}],"curies":[{"name":"wp","href":"https:\/\/api.w.org\/{rel}","templated":true}]}}