{"id":129208,"date":"2026-01-22T19:38:27","date_gmt":"2026-01-22T19:38:27","guid":{"rendered":"https:\/\/www.ole.com.ar\/river-plate\/river-plate-arquero-franco-jaroszewicz-suplente-beltran-lesion-armani_0_i2VLGJ1bIx.html"},"modified":"2026-01-22T19:38:27","modified_gmt":"2026-01-22T19:38:27","slug":"quien-es-el-arquero-de-19-anos-que-seria-suplente-en-river-si-armani-es-baja-vs-barracas-central","status":"publish","type":"post","link":"http:\/\/hoycordobaweb.com\/index.php\/2026\/01\/22\/quien-es-el-arquero-de-19-anos-que-seria-suplente-en-river-si-armani-es-baja-vs-barracas-central\/","title":{"rendered":"Qui\u00e9n es el arquero de 19 a\u00f1os que ser\u00eda suplente en River si Armani es baja vs. Barracas Central"},"content":{"rendered":"<p><img src=\"http:\/\/hoycordobaweb.com\/wp-content\/uploads\/2026\/01\/quien-es-el-arquero-de-19-anos-que-seria-suplente-en-river-si-armani-es-baja-vs-barracas-central.jpg\"><\/p>\n<p><span class=\"createDate\">22\/01\/2026 16:38hs.<\/span><time class=\"modificatedDate\" datetime=\"2026-01-22T16:45:18-03:00\"> Actualizado al 22\/01\/2026 16:45hs.<\/time><\/p>\n<div id=\"storyBody\">\n<div id=\"element-body-0\" class=\"sc-136cd478-0 ekTCfV\" readability=\"37.524324324324\">\n<p>Si <strong><a href=\"https:\/\/www.ole.com.ar\/tema\/marcelo-gallardo.html\" title=\"Marcelo Gallardo\" alt=\"Marcelo Gallardo\" class=\"slug\">Marcelo Gallardo<\/a><\/strong> finalmente confirma en las pr\u00f3ximas horas que <strong>Franco Armani<\/strong> no estar\u00e1 en la convocatoria con Barracas Central, su tocayo, <strong>Jaroszewicz<\/strong>, vivir\u00e1 un d\u00eda especial este s\u00e1bado en la cancha de Guapo. Que el Pulpo sea preservado le permitir\u00e1 al pibe de 19 a\u00f1os ir al banco de suplentes como alternativa de Santiago Beltr\u00e1n en el arco de <strong><a href=\"https:\/\/www.ole.com.ar\/tema\/river-plate.html\" title=\"River Plate\" alt=\"River Plate\" class=\"slug\">River<\/a><\/strong>, al que lleg\u00f3 despu\u00e9s de haber soplado sus primeras cinco velitas y donde complet\u00f3 <strong>todo su recorrido formativo en las divisiones Infantiles y Juveniles<\/strong> hasta llegar a destacarse en Reserva.<\/p>\n<\/div>\n<div id=\"element-body-1\" class=\"sc-136cd478-0 ekTCfV\" readability=\"38.917089678511\">\n<p>A una semana del viaje del \u00faltimo viaje de River a San Mart\u00edn de los Andes, <strong>el club se asegur\u00f3 a esta nueva promesa del arco que firm\u00f3 su primer contrato profesional<\/strong>, que lo vincula con la instituci\u00f3n hasta diciembre de 2028. De esta manera, fue por segundo a\u00f1o consecutivo al Sur porque a comienzos de 2025 hab\u00eda sido parte de la preparaci\u00f3n de verano, en un contexto particular: <strong>Beltr\u00e1n llevaba apenas tres meses y medio de recuperaci\u00f3n de la lesi\u00f3n ligamentaria en la rodilla izquierda<\/strong>, y <strong><a href=\"https:\/\/www.ole.com.ar\/tema\/marcelo-gallardo.html\" title=\"Marcelo Gallardo\" alt=\"Marcelo Gallardo\" class=\"slug\">Marcelo Gallardo<\/a><\/strong> necesitaba sumar un quinto arquero para trabajar de manera equilibrada.<\/p>\n<\/div>\n<div class=\"sc-e7b891c4-0 ifHnQL image-embed\" id=\"element-body-2\"><img alt=\"Jaroszewicz en la firma de su primer contrato en River. Foto: prensa River\" loading=\"lazy\" width=\"720\" height=\"100\" decoding=\"async\" data-nimg=\"1\" src=\"http:\/\/hoycordobaweb.com\/wp-content\/uploads\/2026\/01\/quien-es-el-arquero-de-19-anos-que-seria-suplente-en-river-si-armani-es-baja-vs-barracas-central-2.jpg\"><span class=\"epigraphe\">Jaroszewicz en la firma de su primer contrato en River. Foto: prensa River<\/span><\/div>\n<div id=\"element-body-3\" class=\"sc-136cd478-0 ekTCfV\" readability=\"38\">\n<p>Jaroszewicz tuvo una destacada participaci\u00f3n en la Reserva durante el a\u00f1o pasado y <strong> tambi\u00e9n fue citado para el partido de Primera frente a Sarmiento, en Jun\u00edn.<\/strong> La convocatoria se dio a ra\u00edz de la baja de Jerem\u00edas Ledesma, al margen por una lumbalgia. Y con Beltr\u00e1n afectado como sparring de la Selecci\u00f3n Argentina en Miami, e <strong>l lugar en el banco lo ocup\u00f3 Franco y fue alternativa del otro Franco en el Monumental.<\/strong><\/p>\n<\/div>\n<div class=\"sc-e7b891c4-0 ifHnQL image-embed\" id=\"element-body-4\"><img alt=\"Jaroszewicz, el arquero promesa de River.\" loading=\"lazy\" width=\"720\" height=\"100\" decoding=\"async\" data-nimg=\"1\" src=\"http:\/\/hoycordobaweb.com\/wp-content\/uploads\/2026\/01\/quien-es-el-arquero-de-19-anos-que-seria-suplente-en-river-si-armani-es-baja-vs-barracas-central-3.jpg\"><span class=\"epigraphe\">Jaroszewicz, el arquero promesa de River.<\/span><\/div>\n<div id=\"element-body-5\" class=\"sc-136cd478-0 ekTCfV\" readability=\"38\">\n<p><strong>Con experiencia en la Selecci\u00f3n Sub 17<\/strong>, este joven de 1,89 metro y perfil zurdo ya integr\u00f3 los procesos de Juveniles. Incluso en 2022, con apenas 15 a\u00f1os, Franco recibi\u00f3 su primera citaci\u00f3n para Reserva: <strong>fue suplente de Lucas Lavagnino por la baja por suspensi\u00f3n de Leo D\u00edaz.<\/strong><\/p>\n<\/div>\n<div id=\"element-body-6\" class=\"sc-136cd478-0 ekTCfV\" readability=\"38\">\n<p><strong>\u201cMuy hincha de River\u201d<\/strong>, tal como le cont\u00f3 al sitio oficial del club, Jaroszewicz se define como <strong>\u201cbueno achicando en los mano a mano y seguro en el juego a\u00e9reo\u201d<\/strong> y tiene como referentes a Neuer, Ter Stegen y Dibu Mart\u00ednez, adem\u00e1s de Armani.<\/p>\n<\/div>\n<div class=\"sc-e7b891c4-0 ifHnQL image-embed\" id=\"element-body-7\"><img alt=\"Jaroszewicz, el arquero promesa de River.\" loading=\"lazy\" width=\"720\" height=\"100\" decoding=\"async\" data-nimg=\"1\" src=\"http:\/\/hoycordobaweb.com\/wp-content\/uploads\/2026\/01\/quien-es-el-arquero-de-19-anos-que-seria-suplente-en-river-si-armani-es-baja-vs-barracas-central-4.jpg\"><span class=\"epigraphe\">Jaroszewicz, el arquero promesa de River.<\/span><\/div>\n<p><h2><strong>Del mediocampo al arco&#8230;<\/strong><\/h2>\n<\/p>\n<div id=\"element-body-9\" class=\"sc-136cd478-0 ekTCfV\" readability=\"38\">\n<p>Lo curioso es que los comienzos de Jaroszewicz poco ten\u00edan que ver con los guantes. En sus primeros pasos en el f\u00fatbol infantil de V\u00e9lez, el pibe de 18 a\u00f1os <strong>se destacaba en la mitad de la cancha jugando de cinco.<\/strong> Sin embargo, <strong>un d\u00eda falt\u00f3 el arquero y \u00e9l se puso los guantes, y a partir de ah\u00ed nunca los solt\u00f3.<\/strong> Es as\u00ed que termin\u00f3 llegando a River de ni\u00f1o y r\u00e1pidamente se transform\u00f3 en una promesa que pide pista bajo los tres palos.<\/p>\n<\/div>\n<\/div>\n","protected":false},"excerpt":{"rendered":"<p>22\/01\/2026 16:38hs. Actualizado al 22\/01\/2026 16:45hs. Si Marcelo Gallardo finalmente confirma en las pr\u00f3ximas horas que Franco Armani no estar\u00e1 en la convocatoria con Barracas Central, su tocayo, Jaroszewicz, vivir\u00e1 un d\u00eda especial este s\u00e1bado en la cancha de Guapo. Que el Pulpo sea preservado le permitir\u00e1 al pibe de 19 a\u00f1os ir al banco [&hellip;]<\/p>\n","protected":false},"author":1,"featured_media":129209,"comment_status":"open","ping_status":"closed","sticky":false,"template":"","format":"standard","meta":[],"categories":[16],"tags":[],"_links":{"self":[{"href":"http:\/\/hoycordobaweb.com\/index.php\/wp-json\/wp\/v2\/posts\/129208"}],"collection":[{"href":"http:\/\/hoycordobaweb.com\/index.php\/wp-json\/wp\/v2\/posts"}],"about":[{"href":"http:\/\/hoycordobaweb.com\/index.php\/wp-json\/wp\/v2\/types\/post"}],"author":[{"embeddable":true,"href":"http:\/\/hoycordobaweb.com\/index.php\/wp-json\/wp\/v2\/users\/1"}],"replies":[{"embeddable":true,"href":"http:\/\/hoycordobaweb.com\/index.php\/wp-json\/wp\/v2\/comments?post=129208"}],"version-history":[{"count":0,"href":"http:\/\/hoycordobaweb.com\/index.php\/wp-json\/wp\/v2\/posts\/129208\/revisions"}],"wp:featuredmedia":[{"embeddable":true,"href":"http:\/\/hoycordobaweb.com\/index.php\/wp-json\/wp\/v2\/media\/129209"}],"wp:attachment":[{"href":"http:\/\/hoycordobaweb.com\/index.php\/wp-json\/wp\/v2\/media?parent=129208"}],"wp:term":[{"taxonomy":"category","embeddable":true,"href":"http:\/\/hoycordobaweb.com\/index.php\/wp-json\/wp\/v2\/categories?post=129208"},{"taxonomy":"post_tag","embeddable":true,"href":"http:\/\/hoycordobaweb.com\/index.php\/wp-json\/wp\/v2\/tags?post=129208"}],"curies":[{"name":"wp","href":"https:\/\/api.w.org\/{rel}","templated":true}]}}