{"id":129204,"date":"2026-01-22T19:47:45","date_gmt":"2026-01-22T19:47:45","guid":{"rendered":"https:\/\/www.ole.com.ar\/tenis\/gusti-fernandez-gano-avanzo-semis-australia-tenis-adaptado_0_N7ZGOKCVPb.html"},"modified":"2026-01-22T19:47:45","modified_gmt":"2026-01-22T19:47:45","slug":"gustavo-fernandez-avanzo-a-las-semis-del-abierto-de-australia-en-tenis-adaptado","status":"publish","type":"post","link":"http:\/\/hoycordobaweb.com\/index.php\/2026\/01\/22\/gustavo-fernandez-avanzo-a-las-semis-del-abierto-de-australia-en-tenis-adaptado\/","title":{"rendered":"Gustavo Fern\u00e1ndez avanz\u00f3 a las semis del Abierto de Australia en tenis adaptado"},"content":{"rendered":"<p><img src=\"http:\/\/hoycordobaweb.com\/wp-content\/uploads\/2026\/01\/gustavo-fernandez-avanzo-a-las-semis-del-abierto-de-australia-en-tenis-adaptado.jpg\"><\/p>\n<p><time class=\"createDate\" datetime=\"2026-01-22T16:47:45-03:00\">22\/01\/2026 16:47hs.<\/time><\/p>\n<div id=\"storyBody\">\n<div id=\"element-body-0\" class=\"sc-136cd478-0 ekTCfV\" readability=\"35.512941176471\">\n<p>Las buenas noticias para el tenis argentino en Melbourne tambi\u00e9n llegan desde el tenis adaptado. <strong><a href=\"https:\/\/www.ole.com.ar\/tema\/gustavo-fernandez.html\" title=\"Gustavo Fern\u00e1ndez\" alt=\"Gustavo Fern\u00e1ndez\" class=\"slug\"> Gustavo Fern\u00e1ndez<\/a><\/strong> (4\u00b0), cuarto preclasificado, <strong> avanz\u00f3 a las semifinales del <a href=\"https:\/\/www.ole.com.ar\/tema\/abierto-de-tenis-de-australia.html\" title=\"Abierto de tenis de Australia\" alt=\"Abierto de tenis de Australia\" class=\"slug\">Abierto de Australia<\/a> de tenis sobre silla de ruedas<\/strong> tras imponerse este martes al brit\u00e1nico Gordon Reid (5\u00b0) por 6-3, 6-7 (6) y 6-1. De esta manera, <strong>el cordob\u00e9s volvi\u00f3 a instalarse entre los mejores cuatro del primer Grand Slam de la temporada.<\/strong><\/p>\n<\/div>\n<div id=\"element-body-1\" class=\"sc-136cd478-0 ekTCfV\" readability=\"41\">\n<p>El argentino mostr\u00f3 solidez y car\u00e1cter en un partido exigente. <strong>Tras llevarse el primer set con autoridad, estuvo muy cerca de cerrar el encuentro en parciales corridos:<\/strong> en el segundo lleg\u00f3 a estar set arriba y 4-1, con doble quiebre a favor. Sin embargo, Reid reaccion\u00f3, estir\u00f3 la definici\u00f3n al tiebreak y forz\u00f3 un tercero. Lejos de caerse an\u00edmicamente, Fern\u00e1ndez se mantuvo firme, recuper\u00f3 el control del juego y domin\u00f3 el parcial decisivo para sellar una victoria clave.<\/p>\n<\/div>\n<div class=\"sc-e7b891c4-0 ifHnQL image-embed\" id=\"element-body-2\"><img alt=\"Gustavo Fern\u00e1ndez avanz\u00f3 a las semis del Abierto de Australia en tenis adaptado tras vencer al brit\u00e1nico Gordon Reid. (REUTERS\/Francis Mascarenhas)\" loading=\"lazy\" width=\"720\" height=\"100\" decoding=\"async\" data-nimg=\"1\" src=\"http:\/\/hoycordobaweb.com\/wp-content\/uploads\/2026\/01\/gustavo-fernandez-avanzo-a-las-semis-del-abierto-de-australia-en-tenis-adaptado-2.jpg\"><span class=\"epigraphe\">Gustavo Fern\u00e1ndez avanz\u00f3 a las semis del Abierto de Australia en tenis adaptado tras vencer al brit\u00e1nico Gordon Reid. (REUTERS\/Francis Mascarenhas)<\/span><\/div>\n<p><h2><strong>C\u00f3mo viene siendo la temporada 2026 de Gustavo Fern\u00e1ndez<\/strong><\/h2>\n<\/p>\n<div id=\"element-body-4\" class=\"sc-136cd478-0 ekTCfV\" readability=\"42\">\n<p><strong>Con este triunfo, el nacido en R\u00edo Tercero alcanz\u00f3 su s\u00e9ptima semifinal en el torneo que se disputa en Melbourne Park,<\/strong> donde ya se consagr\u00f3 campe\u00f3n en 2017 y 2019, y buscar\u00e1 ahora su cuarta final, la primera desde aquella coronaci\u00f3n de 2019. Luego de su segundo t\u00edtulo, hab\u00eda alcanzado los cuartos de final en 2020, 2021 y 2022, mientras que en 2023 cay\u00f3 en semifinales y en 2024 no particip\u00f3.<\/p>\n<\/div>\n<div id=\"element-body-5\" class=\"sc-136cd478-0 ekTCfV\" readability=\"36\">\n<p><strong>El arranque de 2026 ratifica el gran momento de \u201cGusti\u201d: suma seis victorias consecutivas en la temporada<\/strong> y viene de consagrarse campe\u00f3n la semana pasada en el Victorian Open. En este Abierto de Australia, hab\u00eda iniciado su camino con un s\u00f3lido triunfo ante el japon\u00e9s Takuya Miki (10\u00b0) por 7-6 (9) y 6-1.<\/p>\n<\/div>\n<div id=\"element-body-6\" class=\"sc-136cd478-0 ekTCfV\" readability=\"39\">\n<p><strong>En semifinales, Fern\u00e1ndez se medir\u00e1 con el japon\u00e9s Tokito Oda (2\u00b0), primer preclasificado del certamen. <\/strong>El historial marca una desventaja para el argentino (2-12 en el global y 0-6 sobre superficie dura), en un duelo que se perfila como uno de los grandes desaf\u00edos del torneo. Oda llega tras desplazar del n\u00famero uno del ranking ITF al brit\u00e1nico Alfie Hewett (2\u00b0), mientras que Fern\u00e1ndez se mantiene en la cuarta posici\u00f3n.<\/p>\n<\/div>\n<div class=\"sc-e7b891c4-0 ifHnQL image-embed\" id=\"element-body-7\"><img alt=\"Gustavo Fern\u00e1ndez se enfrentar\u00e1 al japon\u00e9s Tokito Oda (2\u00b0) en las semifinales del Abierto de Australia.\" loading=\"lazy\" width=\"720\" height=\"100\" decoding=\"async\" data-nimg=\"1\" src=\"http:\/\/hoycordobaweb.com\/wp-content\/uploads\/2026\/01\/gustavo-fernandez-avanzo-a-las-semis-del-abierto-de-australia-en-tenis-adaptado-3.jpg\"><span class=\"epigraphe\">Gustavo Fern\u00e1ndez se enfrentar\u00e1 al japon\u00e9s Tokito Oda (2\u00b0) en las semifinales del Abierto de Australia.<\/span><\/div>\n<div id=\"element-body-8\" class=\"sc-136cd478-0 ekTCfV\" readability=\"36\">\n<p>En un a\u00f1o especial, marcado tambi\u00e9n por su futura paternidad, el medallista de bronce en los Juegos Paral\u00edmpicos de Par\u00eds 2024 vuelve a ilusionarse en grande: <strong> est\u00e1 a dos pasos de conquistar por tercera vez el Abierto de Australia y seguir agrandando su historia en el tenis adaptado.<\/strong><\/p>\n<\/div>\n<div id=\"element-body-9\" class=\"sc-a7166897-0 eoLsBE\" readability=\"31.5\">\n<section readability=\"3\"><picture><img alt=\"Con Cer\u00fandolo y Etcheverry, \u00bfc\u00f3mo se juegan los 16avos del Abierto de Australia?\" loading=\"lazy\" width=\"290\" height=\"290\" decoding=\"async\" data-nimg=\"1\" src=\"http:\/\/hoycordobaweb.com\/wp-content\/uploads\/2026\/01\/gustavo-fernandez-avanzo-a-las-semis-del-abierto-de-australia-en-tenis-adaptado-4.jpg\"><\/picture>\n<p><span>Mir\u00e1 tambi\u00e9n<\/span><\/p>\n<hr>\n<h3>Con Cer\u00fandolo y Etcheverry, \u00bfc\u00f3mo se juegan los 16avos del Abierto de Australia?<\/h3>\n<\/p>\n<\/section>\n<\/div>\n<div id=\"element-body-10\" class=\"sc-a7166897-0 eoLsBE\" readability=\"31\">\n<section readability=\"2\"><picture><img alt=\"Video: Mercedes present\u00f3 el dise\u00f1o de su nuevo auto para 2026 y ya lo puso en pista\" loading=\"lazy\" width=\"290\" height=\"290\" decoding=\"async\" data-nimg=\"1\" src=\"http:\/\/hoycordobaweb.com\/wp-content\/uploads\/2026\/01\/gustavo-fernandez-avanzo-a-las-semis-del-abierto-de-australia-en-tenis-adaptado-5.jpg\"><\/picture>\n<p><span>Mir\u00e1 tambi\u00e9n<\/span><\/p>\n<hr>\n<h3>Video: Mercedes present\u00f3 el dise\u00f1o de su nuevo auto para 2026 y ya lo puso en pista<\/h3>\n<\/p>\n<\/section>\n<\/div>\n<div id=\"element-body-11\" class=\"sc-a7166897-0 eoLsBE\" readability=\"31.5\">\n<section readability=\"3\"><picture><img alt=\"La pel\u00edcula de la F1, nominada a los Premios Oscar\" loading=\"lazy\" width=\"290\" height=\"290\" decoding=\"async\" data-nimg=\"1\" src=\"http:\/\/hoycordobaweb.com\/wp-content\/uploads\/2026\/01\/gustavo-fernandez-avanzo-a-las-semis-del-abierto-de-australia-en-tenis-adaptado-6.jpg\"><\/picture>\n<p><span>Mir\u00e1 tambi\u00e9n<\/span><\/p>\n<hr>\n<h3>La pel\u00edcula de la F1, nominada a los Premios Oscar<\/h3>\n<\/p>\n<\/section>\n<\/div>\n<\/div>\n","protected":false},"excerpt":{"rendered":"<p>22\/01\/2026 16:47hs. Las buenas noticias para el tenis argentino en Melbourne tambi\u00e9n llegan desde el tenis adaptado. Gustavo Fern\u00e1ndez (4\u00b0), cuarto preclasificado, avanz\u00f3 a las semifinales del Abierto de Australia de tenis sobre silla de ruedas tras imponerse este martes al brit\u00e1nico Gordon Reid (5\u00b0) por 6-3, 6-7 (6) y 6-1. De esta manera, el [&hellip;]<\/p>\n","protected":false},"author":1,"featured_media":129205,"comment_status":"open","ping_status":"closed","sticky":false,"template":"","format":"standard","meta":[],"categories":[16],"tags":[],"_links":{"self":[{"href":"http:\/\/hoycordobaweb.com\/index.php\/wp-json\/wp\/v2\/posts\/129204"}],"collection":[{"href":"http:\/\/hoycordobaweb.com\/index.php\/wp-json\/wp\/v2\/posts"}],"about":[{"href":"http:\/\/hoycordobaweb.com\/index.php\/wp-json\/wp\/v2\/types\/post"}],"author":[{"embeddable":true,"href":"http:\/\/hoycordobaweb.com\/index.php\/wp-json\/wp\/v2\/users\/1"}],"replies":[{"embeddable":true,"href":"http:\/\/hoycordobaweb.com\/index.php\/wp-json\/wp\/v2\/comments?post=129204"}],"version-history":[{"count":0,"href":"http:\/\/hoycordobaweb.com\/index.php\/wp-json\/wp\/v2\/posts\/129204\/revisions"}],"wp:featuredmedia":[{"embeddable":true,"href":"http:\/\/hoycordobaweb.com\/index.php\/wp-json\/wp\/v2\/media\/129205"}],"wp:attachment":[{"href":"http:\/\/hoycordobaweb.com\/index.php\/wp-json\/wp\/v2\/media?parent=129204"}],"wp:term":[{"taxonomy":"category","embeddable":true,"href":"http:\/\/hoycordobaweb.com\/index.php\/wp-json\/wp\/v2\/categories?post=129204"},{"taxonomy":"post_tag","embeddable":true,"href":"http:\/\/hoycordobaweb.com\/index.php\/wp-json\/wp\/v2\/tags?post=129204"}],"curies":[{"name":"wp","href":"https:\/\/api.w.org\/{rel}","templated":true}]}}