{"id":129004,"date":"2026-01-20T19:39:37","date_gmt":"2026-01-20T19:39:37","guid":{"rendered":"https:\/\/www.ole.com.ar\/futbol-internacional\/champions\/real-madrid-monaco-partido-champions-league-mastantuono_0_yFJuZDz8YP.html"},"modified":"2026-01-20T19:39:37","modified_gmt":"2026-01-20T19:39:37","slug":"con-mastantuono-de-arranque-el-real-recibe-a-monaco","status":"publish","type":"post","link":"http:\/\/hoycordobaweb.com\/index.php\/2026\/01\/20\/con-mastantuono-de-arranque-el-real-recibe-a-monaco\/","title":{"rendered":"Con Mastantuono de arranque, el Real recibe a Monaco"},"content":{"rendered":"<p><img src=\"http:\/\/hoycordobaweb.com\/wp-content\/uploads\/2026\/01\/con-mastantuono-de-arranque-el-real-recibe-a-monaco.jpg\"><\/p>\n<p><span class=\"createDate\">20\/01\/2026 16:39hs.<\/span><time class=\"modificatedDate\" datetime=\"2026-01-20T16:43:01-03:00\"> Actualizado al 20\/01\/2026 16:43hs.<\/time><\/p>\n<div id=\"storyBody\">\n<div id=\"element-body-0\" class=\"sc-136cd478-0 ekTCfV\" readability=\"38\">\n<p>\u00c1lvaro Arbeloa hace su presentaci\u00f3n en Europa como <strong>DT de Real Madrid. Por la s\u00e9ptima fecha de la fase regular de la Champions League, el Merengue se mide contra Monaco.<\/strong> Franco Mastantuono es titular. El Merengue est\u00e1 en zona de clasificaci\u00f3n directa a octavos con 12 unidades. Por su parte, el equipo visitante suma nueve unidades, hoy en playoffs. \u00bfQu\u00e9 pasar\u00e1 en el Bernab\u00e9u? <strong> Seguilo en Ol\u00e9. <\/strong><\/p>\n<\/div>\n<div id=\"element-body-2\" class=\"sc-a7166897-0 eoLsBE\" readability=\"31.5\">\n<section readability=\"3\"><picture><img alt=\"Sorpresa mundial en la Champions: el City perdi\u00f3 en Noruega contra el modesto Bodo Glimt \" loading=\"lazy\" width=\"290\" height=\"290\" decoding=\"async\" data-nimg=\"1\" src=\"http:\/\/hoycordobaweb.com\/wp-content\/uploads\/2026\/01\/con-mastantuono-de-arranque-el-real-recibe-a-monaco-2.jpg\"><\/picture>\n<p><span>Mir\u00e1 tambi\u00e9n<\/span><\/p>\n<hr>\n<h3>Sorpresa mundial en la Champions: el City perdi\u00f3 en Noruega contra el modesto Bodo Glimt<br \/>\n<\/h3>\n<\/p>\n<\/section>\n<\/div>\n<div id=\"element-body-3\" class=\"sc-a7166897-0 eoLsBE\" readability=\"31.5\">\n<section readability=\"3\"><picture><img alt=\"Con Lautaro de arranque, el Inter ya juega con el Arsenal de Arteta en el San Siro\" loading=\"lazy\" width=\"290\" height=\"290\" decoding=\"async\" data-nimg=\"1\" src=\"http:\/\/hoycordobaweb.com\/wp-content\/uploads\/2026\/01\/con-mastantuono-de-arranque-el-real-recibe-a-monaco-3.jpg\"><\/picture>\n<p><span>Mir\u00e1 tambi\u00e9n<\/span><\/p>\n<hr>\n<h3>Con Lautaro de arranque, el Inter ya juega con el Arsenal de Arteta en el San Siro<\/h3>\n<\/p>\n<\/section>\n<\/div>\n<div id=\"element-body-4\" class=\"sc-a7166897-0 eoLsBE\" readability=\"31\">\n<section readability=\"2\"><picture><img alt=\"Resultados y posiciones de la fecha 7 de la Champions League\" loading=\"lazy\" width=\"290\" height=\"290\" decoding=\"async\" data-nimg=\"1\" src=\"http:\/\/hoycordobaweb.com\/wp-content\/uploads\/2026\/01\/con-mastantuono-de-arranque-el-real-recibe-a-monaco-4.jpg\"><\/picture>\n<p><span>Mir\u00e1 tambi\u00e9n<\/span><\/p>\n<hr>\n<h3>Resultados y posiciones de la fecha 7 de la Champions League<\/h3>\n<\/p>\n<\/section>\n<\/div>\n<\/div>\n","protected":false},"excerpt":{"rendered":"<p>20\/01\/2026 16:39hs. Actualizado al 20\/01\/2026 16:43hs. \u00c1lvaro Arbeloa hace su presentaci\u00f3n en Europa como DT de Real Madrid. Por la s\u00e9ptima fecha de la fase regular de la Champions League, el Merengue se mide contra Monaco. Franco Mastantuono es titular. El Merengue est\u00e1 en zona de clasificaci\u00f3n directa a octavos con 12 unidades. Por su [&hellip;]<\/p>\n","protected":false},"author":1,"featured_media":129005,"comment_status":"open","ping_status":"closed","sticky":false,"template":"","format":"standard","meta":[],"categories":[16],"tags":[],"_links":{"self":[{"href":"http:\/\/hoycordobaweb.com\/index.php\/wp-json\/wp\/v2\/posts\/129004"}],"collection":[{"href":"http:\/\/hoycordobaweb.com\/index.php\/wp-json\/wp\/v2\/posts"}],"about":[{"href":"http:\/\/hoycordobaweb.com\/index.php\/wp-json\/wp\/v2\/types\/post"}],"author":[{"embeddable":true,"href":"http:\/\/hoycordobaweb.com\/index.php\/wp-json\/wp\/v2\/users\/1"}],"replies":[{"embeddable":true,"href":"http:\/\/hoycordobaweb.com\/index.php\/wp-json\/wp\/v2\/comments?post=129004"}],"version-history":[{"count":0,"href":"http:\/\/hoycordobaweb.com\/index.php\/wp-json\/wp\/v2\/posts\/129004\/revisions"}],"wp:featuredmedia":[{"embeddable":true,"href":"http:\/\/hoycordobaweb.com\/index.php\/wp-json\/wp\/v2\/media\/129005"}],"wp:attachment":[{"href":"http:\/\/hoycordobaweb.com\/index.php\/wp-json\/wp\/v2\/media?parent=129004"}],"wp:term":[{"taxonomy":"category","embeddable":true,"href":"http:\/\/hoycordobaweb.com\/index.php\/wp-json\/wp\/v2\/categories?post=129004"},{"taxonomy":"post_tag","embeddable":true,"href":"http:\/\/hoycordobaweb.com\/index.php\/wp-json\/wp\/v2\/tags?post=129004"}],"curies":[{"name":"wp","href":"https:\/\/api.w.org\/{rel}","templated":true}]}}