{"id":129002,"date":"2026-01-20T19:41:26","date_gmt":"2026-01-20T19:41:26","guid":{"rendered":"https:\/\/www.ole.com.ar\/independiente\/independiente_0_eB7oAMKKGD.html"},"modified":"2026-01-20T19:41:26","modified_gmt":"2026-01-20T19:41:26","slug":"la-emotiva-despedida-de-loyola-de-independiente-me-los-llevo-en-el-corazon","status":"publish","type":"post","link":"http:\/\/hoycordobaweb.com\/index.php\/2026\/01\/20\/la-emotiva-despedida-de-loyola-de-independiente-me-los-llevo-en-el-corazon\/","title":{"rendered":"La emotiva despedida de Loyola de Independiente: \u00abMe los llevo en el coraz\u00f3n\u00bb"},"content":{"rendered":"<p><img src=\"http:\/\/hoycordobaweb.com\/wp-content\/uploads\/2026\/01\/la-emotiva-despedida-de-loyola-de-independiente-me-los-llevo-en-el-corazon.jpg\"><\/p>\n<p><time class=\"createDate\" datetime=\"2026-01-20T16:41:26-03:00\">20\/01\/2026 16:41hs.<\/time><\/p>\n<div id=\"storyBody\">\n<div id=\"element-body-0\" class=\"sc-136cd478-0 ekTCfV\" readability=\"35.380471380471\">\n<p><strong><a href=\"https:\/\/www.ole.com.ar\/tema\/club-atletico-independiente.html\" title=\"Club Atl\u00e9tico Independiente\" alt=\"Club Atl\u00e9tico Independiente\" class=\"slug\">Independiente<\/a><\/strong> oficializ\u00f3 este martes la salida de <strong>Felipe Loyola<\/strong>, quien continuar\u00e1 su carrera en el <strong> Pisa de Italia<\/strong>, y el mediocampista chileno se despidi\u00f3 del club y de los hinchas con un emotivo mensaje en sus redes sociales, poniendo fin a una etapa que dej\u00f3 una huella marcada en Avellaneda.<\/p>\n<\/div>\n<div class=\"sc-e7b891c4-0 ifHnQL image-embed\" id=\"element-body-1\"><img alt=\"Loyola disput\u00f3 62 partidos en el Rojo y convirti\u00f3 11 goles. (Foto: Gustavo Ortiz)\" loading=\"lazy\" width=\"720\" height=\"100\" decoding=\"async\" data-nimg=\"1\" src=\"http:\/\/hoycordobaweb.com\/wp-content\/uploads\/2026\/01\/la-emotiva-despedida-de-loyola-de-independiente-me-los-llevo-en-el-corazon-2.jpg\"><span class=\"epigraphe\">Loyola disput\u00f3 62 partidos en el Rojo y convirti\u00f3 11 goles. (Foto: Gustavo Ortiz)<\/span><\/div>\n<p><h2>Los detalles de la salida<\/h2>\n<\/p>\n<div id=\"element-body-3\" class=\"sc-136cd478-0 ekTCfV\" readability=\"40\">\n<p>La operaci\u00f3n se concret\u00f3 a trav\u00e9s de un <strong> pr\u00e9stamo por seis meses<\/strong>, con un cargo de <strong>1.300.000 euros<\/strong> y un bono adicional de 200.000 euros por objetivos. Adem\u00e1s, el acuerdo contempla una <strong>obligaci\u00f3n de compra de 5.500.000 euros por el 70% del pase<\/strong> en caso de que el futbolista dispute al menos cinco partidos con el conjunto italiano. Por \u00faltimo, se fij\u00f3 una <strong>opci\u00f3n de compra <\/strong>por el 30% restante, valuada en 4.250.000 euros, lo que podr\u00eda representar una transferencia significativa para las arcas del club.<\/p>\n<\/div>\n<div id=\"element-body-4\" class=\"sc-136cd478-0 ekTCfV\" readability=\"36.229390681004\">\n<p>Loyola, de 25 a\u00f1os, se march\u00f3 tras haber disputado <strong>62 partidos oficiales<\/strong> con la camiseta de <a href=\"https:\/\/www.ole.com.ar\/tema\/club-atletico-independiente.html\" title=\"Club Atl\u00e9tico Independiente\" alt=\"Club Atl\u00e9tico Independiente\" class=\"slug\">Independiente<\/a>, en los que convirti\u00f3 11 goles y aport\u00f3 siete asistencias, n\u00fameros que reflejan su importancia dentro del equipo y su crecimiento desde su llegada al f\u00fatbol argentino.<\/p>\n<\/div>\n<div class=\"sc-e7b891c4-0 ifHnQL image-embed\" id=\"element-body-5\"><img alt=\"Pipe se consolid\u00f3 en la Selecci\u00f3n de Chile por lo hecho en el Rojo. \" loading=\"lazy\" width=\"720\" height=\"100\" decoding=\"async\" data-nimg=\"1\" src=\"http:\/\/hoycordobaweb.com\/wp-content\/uploads\/2026\/01\/la-emotiva-despedida-de-loyola-de-independiente-me-los-llevo-en-el-corazon-3.jpg\"><span class=\"epigraphe\">Pipe se consolid\u00f3 en la Selecci\u00f3n de Chile por lo hecho en el Rojo. <\/span><\/div>\n<p><h2>El mensaje a los hinchas<\/h2>\n<\/p>\n<div id=\"element-body-7\" class=\"sc-136cd478-0 ekTCfV\" readability=\"39\">\n<p>A modo de despedida, Pipe public\u00f3 un extenso y sentido mensaje en el que agradeci\u00f3 al club y a su gente. \u201cLleg\u00f3 el momento de despedirme de esta gran instituci\u00f3n, la cual me recibi\u00f3 y <strong>marc\u00f3 un antes y un despu\u00e9s en mi carrera<\/strong>\u201d, escribi\u00f3, al tiempo que record\u00f3 su arribo a la Argentina \u201csiendo un joven futbolista extranjero con muchos sue\u00f1os de progresar\u201d.<\/p>\n<\/div>\n<div id=\"element-body-8\" class=\"sc-136cd478-0 ekTCfV\" readability=\"37\">\n<p>El chileno tambi\u00e9n destac\u00f3 el v\u00ednculo especial que construy\u00f3 con los hinchas: \u201cSe me eriza la piel cuando recuerdo el \u2018Chileno, Chileno\u2019 en el Libertadores de Am\u00e9rica con mi familia y mis amigos presentes\u201d, expres\u00f3, y remarc\u00f3 que siempre se brind\u00f3 \u201cal 100%\u201d por la camiseta roja.<\/p>\n<\/div>\n<div id=\"element-body-9\" class=\"sc-136cd478-0 ekTCfV\" readability=\"40\">\n<p>Por \u00faltimo, Loyola agradeci\u00f3 a sus compa\u00f1eros, cuerpos t\u00e9cnicos, dirigentes y a todo el personal del club, desde utileros hasta el cuerpo m\u00e9dico, y cerr\u00f3 con un mensaje directo a los fan\u00e1ticos: <strong>\u201cGracias por el cari\u00f1o y el respeto desde el primer d\u00eda, me los llevo en el coraz\u00f3n\u201d.<\/strong><\/p>\n<\/div>\n<div id=\"element-body-10\" class=\"sc-136cd478-0 ekTCfV\" readability=\"34.970464135021\">\n<p>As\u00ed, <a href=\"https:\/\/www.ole.com.ar\/tema\/club-atletico-independiente.html\" title=\"Club Atl\u00e9tico Independiente\" alt=\"Club Atl\u00e9tico Independiente\" class=\"slug\">Independiente<\/a> despide a uno de los jugadores m\u00e1s destacados de los \u00faltimos tiempos, mientras Loyola emprende un nuevo desaf\u00edo en el f\u00fatbol europeo con el Pisa, con la ilusi\u00f3n de seguir creciendo como futbolista y como persona.<\/p>\n<\/div>\n<div id=\"element-body-11\" class=\"sc-a7166897-0 eoLsBE\" readability=\"31.5\">\n<section readability=\"3\"><picture><img alt=\"El goleador de River que fue presentado por Independiente Rivadavia y jugar\u00e1 la Libertadores\" loading=\"lazy\" width=\"290\" height=\"290\" decoding=\"async\" data-nimg=\"1\" src=\"http:\/\/hoycordobaweb.com\/wp-content\/uploads\/2026\/01\/la-emotiva-despedida-de-loyola-de-independiente-me-los-llevo-en-el-corazon-4.jpg\"><\/picture>\n<p><span>Mir\u00e1 tambi\u00e9n<\/span><\/p>\n<hr>\n<h3>El goleador de River que fue presentado por Independiente Rivadavia y jugar\u00e1 la Libertadores<\/h3>\n<\/p>\n<\/section>\n<\/div>\n<div id=\"element-body-12\" class=\"sc-a7166897-0 eoLsBE\" readability=\"31.5\">\n<section readability=\"3\"><picture><img alt=\"Con Lautaro de arranque, el Inter ya juega con el Arsenal de Arteta en el San Siro\" loading=\"lazy\" width=\"290\" height=\"290\" decoding=\"async\" data-nimg=\"1\" src=\"http:\/\/hoycordobaweb.com\/wp-content\/uploads\/2026\/01\/la-emotiva-despedida-de-loyola-de-independiente-me-los-llevo-en-el-corazon-5.jpg\"><\/picture>\n<p><span>Mir\u00e1 tambi\u00e9n<\/span><\/p>\n<hr>\n<h3>Con Lautaro de arranque, el Inter ya juega con el Arsenal de Arteta en el San Siro<\/h3>\n<\/p>\n<\/section>\n<\/div>\n<div id=\"element-body-13\" class=\"sc-a7166897-0 eoLsBE\" readability=\"33\">\n<section readability=\"6\"><picture><img alt=\"Luciano Benav\u00eddes, campe\u00f3n del Dakar, con Ol\u00e9: ganar con la cabeza, el sue\u00f1o prof\u00e9tico con Messi y la pol\u00e9mica de los camellos\" loading=\"lazy\" width=\"290\" height=\"290\" decoding=\"async\" data-nimg=\"1\" src=\"http:\/\/hoycordobaweb.com\/wp-content\/uploads\/2026\/01\/la-emotiva-despedida-de-loyola-de-independiente-me-los-llevo-en-el-corazon-6.jpg\"><\/picture>\n<p><span>Mir\u00e1 tambi\u00e9n<\/span><\/p>\n<hr>\n<h3>Luciano Benav\u00eddes, campe\u00f3n del Dakar, con Ol\u00e9: ganar con la cabeza, el sue\u00f1o prof\u00e9tico con Messi y la pol\u00e9mica de los camellos<\/h3>\n<\/p>\n<\/section>\n<\/div>\n<\/div>\n","protected":false},"excerpt":{"rendered":"<p>20\/01\/2026 16:41hs. Independiente oficializ\u00f3 este martes la salida de Felipe Loyola, quien continuar\u00e1 su carrera en el Pisa de Italia, y el mediocampista chileno se despidi\u00f3 del club y de los hinchas con un emotivo mensaje en sus redes sociales, poniendo fin a una etapa que dej\u00f3 una huella marcada en Avellaneda. Loyola disput\u00f3 62 [&hellip;]<\/p>\n","protected":false},"author":1,"featured_media":129003,"comment_status":"open","ping_status":"closed","sticky":false,"template":"","format":"standard","meta":[],"categories":[16],"tags":[],"_links":{"self":[{"href":"http:\/\/hoycordobaweb.com\/index.php\/wp-json\/wp\/v2\/posts\/129002"}],"collection":[{"href":"http:\/\/hoycordobaweb.com\/index.php\/wp-json\/wp\/v2\/posts"}],"about":[{"href":"http:\/\/hoycordobaweb.com\/index.php\/wp-json\/wp\/v2\/types\/post"}],"author":[{"embeddable":true,"href":"http:\/\/hoycordobaweb.com\/index.php\/wp-json\/wp\/v2\/users\/1"}],"replies":[{"embeddable":true,"href":"http:\/\/hoycordobaweb.com\/index.php\/wp-json\/wp\/v2\/comments?post=129002"}],"version-history":[{"count":0,"href":"http:\/\/hoycordobaweb.com\/index.php\/wp-json\/wp\/v2\/posts\/129002\/revisions"}],"wp:featuredmedia":[{"embeddable":true,"href":"http:\/\/hoycordobaweb.com\/index.php\/wp-json\/wp\/v2\/media\/129003"}],"wp:attachment":[{"href":"http:\/\/hoycordobaweb.com\/index.php\/wp-json\/wp\/v2\/media?parent=129002"}],"wp:term":[{"taxonomy":"category","embeddable":true,"href":"http:\/\/hoycordobaweb.com\/index.php\/wp-json\/wp\/v2\/categories?post=129002"},{"taxonomy":"post_tag","embeddable":true,"href":"http:\/\/hoycordobaweb.com\/index.php\/wp-json\/wp\/v2\/tags?post=129002"}],"curies":[{"name":"wp","href":"https:\/\/api.w.org\/{rel}","templated":true}]}}