{"id":128905,"date":"2026-01-19T19:01:39","date_gmt":"2026-01-19T19:01:39","guid":{"rendered":"https:\/\/www.ole.com.ar\/velez\/equipo-europeo-viejo-continente-maher-carrizo-velez-extremo-millonaria_0_ocDJjfqN0J.html"},"modified":"2026-01-19T19:01:39","modified_gmt":"2026-01-19T19:01:39","slug":"el-equipo-europeo-que-prepara-una-oferta-millonaria-por-maher-carrizo","status":"publish","type":"post","link":"http:\/\/hoycordobaweb.com\/index.php\/2026\/01\/19\/el-equipo-europeo-que-prepara-una-oferta-millonaria-por-maher-carrizo\/","title":{"rendered":"El equipo europeo que prepara una oferta millonaria por Maher Carrizo"},"content":{"rendered":"<p><img src=\"http:\/\/hoycordobaweb.com\/wp-content\/uploads\/2026\/01\/el-equipo-europeo-que-prepara-una-oferta-millonaria-por-maher-carrizo.jpg\"><\/p>\n<p><time class=\"createDate\" datetime=\"2026-01-19T16:01:39-03:00\">19\/01\/2026 16:01hs.<\/time><\/p>\n<div id=\"storyBody\">\n<div id=\"element-body-0\" class=\"sc-136cd478-0 ekTCfV\" readability=\"36.170984455959\">\n<p>En <a href=\"https:\/\/www.ole.com.ar\/tema\/velez.html\" title=\"V\u00e9lez\" alt=\"V\u00e9lez\" class=\"slug\">V\u00e9lez<\/a> saben que es dif\u00edcil retener a <a href=\"https:\/\/www.ole.com.ar\/tema\/maher-carrizo.html\" title=\"Maher Carrizo\" alt=\"Maher Carrizo\" class=\"slug\">Maher Carrizo<\/a> por mucho tiempo m\u00e1s. Y a los intereses de <a href=\"https:\/\/www.ole.com.ar\/tema\/river-plate.html\" title=\"River Plate\" alt=\"River Plate\" class=\"slug\">River<\/a> y <a href=\"https:\/\/www.ole.com.ar\/tema\/boca-juniors.html\" title=\"Boca Juniors\" alt=\"Boca Juniors\" class=\"slug\">Boca<\/a> en contar con \u00e9l, la realidad es que el extremo desea emigrar a Europa. En este sentido, desde el Viejo Continente comenzaron a sondear su situaci\u00f3n y la oferta formal est\u00e1 al caer. <strong>El Midtjylland de Dinamarca tiene preparada una propuesta que es, sin dudas, millonaria.<\/strong><\/p>\n<\/div>\n<p><h2>Vienen desde Dinamarca por Carrizo<\/h2>\n<\/p>\n<div id=\"element-body-2\" class=\"sc-136cd478-0 ekTCfV\" readability=\"38\">\n<p><strong>Los daneses planean ofrecer 11 millones de euros por el delantero de 19 a\u00f1os<\/strong>, un monto cercano a la cl\u00e1usula de rescisi\u00f3n que tiene con el Fort\u00edn, <strong>la cual es de 16 millones de euros<\/strong>. A\u00fan se desconoce si la oferta ser\u00e1 para adquirir la totalidad o un alto porcentaje del pase del futbolista, pero <strong>en Liniers ya est\u00e1n al tanto de la situaci\u00f3n.<\/strong><\/p>\n<\/div>\n<div id=\"element-body-3\" class=\"sc-136cd478-0 ekTCfV\" readability=\"39\">\n<p>Por parte de Carrizo, <strong>la intenci\u00f3n es partir en este mercado de pases y cruzar el oc\u00e9ano.<\/strong> A tal punto, que desestim\u00f3 las intenciones del Millonario y el Xeneize en comprarlo. <strong>Por eso, desde el entorno del jugador ven con buenos ojos la propuesta del Midtjylland<\/strong>, que se encuentra jugando la actual edici\u00f3n de la Europa League.<\/p>\n<\/div>\n<div id=\"element-body-4\" class=\"sc-136cd478-0 ekTCfV\" readability=\"37\">\n<p><strong>En cuanto a la postura de la CD comandada por Fabi\u00e1n Berlanga, la misma es de tranquilidad.<\/strong> No existe desesperaci\u00f3n en vender a Maher y menos a\u00fan si el mercado de pases del f\u00fatbol argentino se prolongar\u00e1 definitivamente hasta el martes 27 de enero. Adem\u00e1s, el mercado europeo comenz\u00f3 hace poco y termina el 2 de febrero.<\/p>\n<\/div>\n<div class=\"sc-e7b891c4-0 ifHnQL image-embed\" id=\"element-body-5\"><img alt=\"Carrizo estuvo cerca de River.\" loading=\"lazy\" width=\"720\" height=\"100\" decoding=\"async\" data-nimg=\"1\" src=\"http:\/\/hoycordobaweb.com\/wp-content\/uploads\/2026\/01\/el-equipo-europeo-que-prepara-una-oferta-millonaria-por-maher-carrizo-2.jpg\"><span class=\"epigraphe\">Carrizo estuvo cerca de River.<\/span><\/div>\n<p><h2>El Mellizo se refiri\u00f3 al tema<\/h2>\n<\/p>\n<div id=\"element-body-7\" class=\"sc-136cd478-0 ekTCfV\" readability=\"39\">\n<p>Mientras tanto, Carrizo se entrena normalmente en la Villa Ol\u00edmpica de cara al debut de V\u00e9lez en el Torneo Apertura frente a Instituto en Alta C\u00f3rdoba, este jueves a las 22.15. De hecho, fue el propio Guillermo Barros Schelotto quien declar\u00f3 recientemente que <strong>\u00abest\u00e1 disponible para el partido\u00bb con la Gloria y que se est\u00e1 \u00abentrenando bien, a la par del grupo\u00bb.<\/strong><\/p>\n<\/div>\n<div id=\"element-body-8\" class=\"sc-136cd478-0 ekTCfV\" readability=\"41\">\n<p>Eso s\u00ed, el det\u00e9 del Fort\u00edn coment\u00f3 que <strong>\u00abes una situaci\u00f3n dif\u00edcil para un jugador joven, que se hable tanto. Se va a definir en los pr\u00f3ximos d\u00edas, sea si se va o se queda\u00bb<\/strong>. El futuro de Maher Carrizo puede definirse en esta \u00faltima semana de mercado, y el mismo parece, a d\u00eda de hoy, m\u00e1s cerca de Europa que de Liniers.<\/p>\n<\/div>\n<div class=\"sc-e7b891c4-0 ifHnQL image-embed\" id=\"element-body-9\"><img alt=\"El Mellizo tendr\u00e1 en cuenta a Carrizo para el debut en el Apertura.\" loading=\"lazy\" width=\"720\" height=\"100\" decoding=\"async\" data-nimg=\"1\" src=\"http:\/\/hoycordobaweb.com\/wp-content\/uploads\/2026\/01\/el-equipo-europeo-que-prepara-una-oferta-millonaria-por-maher-carrizo-3.jpg\"><span class=\"epigraphe\">El Mellizo tendr\u00e1 en cuenta a Carrizo para el debut en el Apertura.<\/span><\/div>\n<div id=\"element-body-10\" class=\"sc-a7166897-0 eoLsBE\" readability=\"32\">\n<section readability=\"4\"><picture><img alt=\"Mientras en Boca hay sorpresa, en Colombia afirman que Hinestroza podr\u00eda jugar en Brasil\" loading=\"lazy\" width=\"290\" height=\"290\" decoding=\"async\" data-nimg=\"1\" src=\"http:\/\/hoycordobaweb.com\/wp-content\/uploads\/2026\/01\/el-equipo-europeo-que-prepara-una-oferta-millonaria-por-maher-carrizo-4.jpg\"><\/picture>\n<p><span>Mir\u00e1 tambi\u00e9n<\/span><\/p>\n<hr>\n<h3>Mientras en Boca hay sorpresa, en Colombia afirman que Hinestroza podr\u00eda jugar en Brasil<\/h3>\n<\/p>\n<\/section>\n<\/div>\n<div id=\"element-body-11\" class=\"sc-a7166897-0 eoLsBE\" readability=\"31.5\">\n<section readability=\"3\"><picture><img alt=\"La Selecci\u00f3n jugar\u00e1 otro partido en Qatar despu\u00e9s de la Final\u00edssima y antes del Mundial\" loading=\"lazy\" width=\"290\" height=\"290\" decoding=\"async\" data-nimg=\"1\" src=\"http:\/\/hoycordobaweb.com\/wp-content\/uploads\/2026\/01\/el-equipo-europeo-que-prepara-una-oferta-millonaria-por-maher-carrizo-5.jpg\"><\/picture>\n<p><span>Mir\u00e1 tambi\u00e9n<\/span><\/p>\n<hr>\n<h3>La Selecci\u00f3n jugar\u00e1 otro partido en Qatar despu\u00e9s de la Final\u00edssima y antes del Mundial<\/h3>\n<\/p>\n<\/section>\n<\/div>\n<div id=\"element-body-12\" class=\"sc-a7166897-0 eoLsBE\" readability=\"31.5\">\n<section readability=\"3\"><picture><img alt=\"El emotivo saludo y agradecimiento de Rodrigo Mora a Gallardo en el festejo de los 50 a\u00f1os del entrenador de River\" loading=\"lazy\" width=\"290\" height=\"290\" decoding=\"async\" data-nimg=\"1\" src=\"http:\/\/hoycordobaweb.com\/wp-content\/uploads\/2026\/01\/el-equipo-europeo-que-prepara-una-oferta-millonaria-por-maher-carrizo-6.jpg\"><\/picture>\n<p><span>Mir\u00e1 tambi\u00e9n<\/span><\/p>\n<hr>\n<h3>El emotivo saludo y agradecimiento de Rodrigo Mora a Gallardo en el festejo de los 50 a\u00f1os del entrenador de River<\/h3>\n<\/p>\n<\/section>\n<\/div>\n<\/div>\n","protected":false},"excerpt":{"rendered":"<p>19\/01\/2026 16:01hs. En V\u00e9lez saben que es dif\u00edcil retener a Maher Carrizo por mucho tiempo m\u00e1s. Y a los intereses de River y Boca en contar con \u00e9l, la realidad es que el extremo desea emigrar a Europa. En este sentido, desde el Viejo Continente comenzaron a sondear su situaci\u00f3n y la oferta formal est\u00e1 [&hellip;]<\/p>\n","protected":false},"author":1,"featured_media":128906,"comment_status":"open","ping_status":"closed","sticky":false,"template":"","format":"standard","meta":[],"categories":[16],"tags":[],"_links":{"self":[{"href":"http:\/\/hoycordobaweb.com\/index.php\/wp-json\/wp\/v2\/posts\/128905"}],"collection":[{"href":"http:\/\/hoycordobaweb.com\/index.php\/wp-json\/wp\/v2\/posts"}],"about":[{"href":"http:\/\/hoycordobaweb.com\/index.php\/wp-json\/wp\/v2\/types\/post"}],"author":[{"embeddable":true,"href":"http:\/\/hoycordobaweb.com\/index.php\/wp-json\/wp\/v2\/users\/1"}],"replies":[{"embeddable":true,"href":"http:\/\/hoycordobaweb.com\/index.php\/wp-json\/wp\/v2\/comments?post=128905"}],"version-history":[{"count":0,"href":"http:\/\/hoycordobaweb.com\/index.php\/wp-json\/wp\/v2\/posts\/128905\/revisions"}],"wp:featuredmedia":[{"embeddable":true,"href":"http:\/\/hoycordobaweb.com\/index.php\/wp-json\/wp\/v2\/media\/128906"}],"wp:attachment":[{"href":"http:\/\/hoycordobaweb.com\/index.php\/wp-json\/wp\/v2\/media?parent=128905"}],"wp:term":[{"taxonomy":"category","embeddable":true,"href":"http:\/\/hoycordobaweb.com\/index.php\/wp-json\/wp\/v2\/categories?post=128905"},{"taxonomy":"post_tag","embeddable":true,"href":"http:\/\/hoycordobaweb.com\/index.php\/wp-json\/wp\/v2\/tags?post=128905"}],"curies":[{"name":"wp","href":"https:\/\/api.w.org\/{rel}","templated":true}]}}