{"id":12889,"date":"2021-02-17T12:22:00","date_gmt":"2021-02-17T12:22:00","guid":{"rendered":"https:\/\/fm-comunicar.com.ar\/contenido\/17090\/vacunan-contra-el-covid-a-residentes-de-geriatricos-caroyenses"},"modified":"2021-02-17T12:22:00","modified_gmt":"2021-02-17T12:22:00","slug":"vacunan-contra-el-covid-a-residentes-de-geriatricos-caroyenses","status":"publish","type":"post","link":"http:\/\/hoycordobaweb.com\/index.php\/2021\/02\/17\/vacunan-contra-el-covid-a-residentes-de-geriatricos-caroyenses\/","title":{"rendered":"Vacunan contra el Covid a residentes de geri\u00e1tricos caroyenses"},"content":{"rendered":"<p>Son 87 personas que durante este mi\u00e9rcoles y en los pr\u00f3ximos d\u00edas recibir\u00e1n la primera dosis de la \u00abSputnik V\u00bb. Todos dieron su consentimiento para la inmunizaci\u00f3n.<img src=\"http:\/\/hoycordobaweb.com\/wp-content\/uploads\/2021\/02\/vacunan-contra-el-covid-a-residentes-de-geriatricos-caroyenses.jpg\"><\/p>\n","protected":false},"excerpt":{"rendered":"<p>Son 87 personas que durante este mi\u00e9rcoles y en los pr\u00f3ximos d\u00edas recibir\u00e1n la primera dosis de la \u00abSputnik V\u00bb. Todos dieron su consentimiento para la inmunizaci\u00f3n.<\/p>\n","protected":false},"author":1,"featured_media":12890,"comment_status":"closed","ping_status":"closed","sticky":false,"template":"","format":"standard","meta":[],"categories":[18],"tags":[],"_links":{"self":[{"href":"http:\/\/hoycordobaweb.com\/index.php\/wp-json\/wp\/v2\/posts\/12889"}],"collection":[{"href":"http:\/\/hoycordobaweb.com\/index.php\/wp-json\/wp\/v2\/posts"}],"about":[{"href":"http:\/\/hoycordobaweb.com\/index.php\/wp-json\/wp\/v2\/types\/post"}],"author":[{"embeddable":true,"href":"http:\/\/hoycordobaweb.com\/index.php\/wp-json\/wp\/v2\/users\/1"}],"replies":[{"embeddable":true,"href":"http:\/\/hoycordobaweb.com\/index.php\/wp-json\/wp\/v2\/comments?post=12889"}],"version-history":[{"count":0,"href":"http:\/\/hoycordobaweb.com\/index.php\/wp-json\/wp\/v2\/posts\/12889\/revisions"}],"wp:featuredmedia":[{"embeddable":true,"href":"http:\/\/hoycordobaweb.com\/index.php\/wp-json\/wp\/v2\/media\/12890"}],"wp:attachment":[{"href":"http:\/\/hoycordobaweb.com\/index.php\/wp-json\/wp\/v2\/media?parent=12889"}],"wp:term":[{"taxonomy":"category","embeddable":true,"href":"http:\/\/hoycordobaweb.com\/index.php\/wp-json\/wp\/v2\/categories?post=12889"},{"taxonomy":"post_tag","embeddable":true,"href":"http:\/\/hoycordobaweb.com\/index.php\/wp-json\/wp\/v2\/tags?post=12889"}],"curies":[{"name":"wp","href":"https:\/\/api.w.org\/{rel}","templated":true}]}}