{"id":12821,"date":"2021-02-16T14:08:39","date_gmt":"2021-02-16T14:08:39","guid":{"rendered":"http:\/\/ladecimaweb.com\/?p=8280"},"modified":"2021-02-16T14:08:39","modified_gmt":"2021-02-16T14:08:39","slug":"este-miercoles-se-retoma-la-vacunacion-en-cordoba-con-casi-29-mil-dosis-mas-de-la-sputnik","status":"publish","type":"post","link":"http:\/\/hoycordobaweb.com\/index.php\/2021\/02\/16\/este-miercoles-se-retoma-la-vacunacion-en-cordoba-con-casi-29-mil-dosis-mas-de-la-sputnik\/","title":{"rendered":"Este mi\u00e9rcoles se retoma la vacunaci\u00f3n en C\u00f3rdoba con casi 29 mil dosis m\u00e1s de la Sputnik"},"content":{"rendered":"<p><span class=\"css-901oao css-16my406 r-poiln3 r-bcqeeo r-qvutc0\">El Ministerio de Salud <\/span><span class=\"css-901oao css-16my406 r-poiln3 r-bcqeeo r-qvutc0\">informa que recibi\u00f3 una nueva partida de 28.800 dosis del primer componente de la vacuna Sputnik V, enviada por el gobierno nacional, seg\u00fan la cuenta oficial de twitter de la Provincia.\u00a0<\/span><\/p>\n<p>Para su aplicaci\u00f3n se continuar\u00e1 con los <strong>grupos de personas ya establecidos: equipo de salud de m\u00e1s de 60 a\u00f1os que se encuentren en actividad, personas residentes en geri\u00e1tricos y docentes en actividad mayores de 60 a\u00f1os o que presenten comorbilidades.<\/strong><\/p>\n<p><span class=\"css-901oao css-16my406 r-poiln3 r-bcqeeo r-qvutc0\">En el caso de las residencias geri\u00e1tricas la colocaci\u00f3n de la <\/span><span class=\"r-18u37iz\"><a class=\"css-4rbku5 css-18t94o4 css-901oao css-16my406 r-1n1174f r-1loqt21 r-poiln3 r-bcqeeo r-qvutc0\" dir=\"ltr\" role=\"link\" href=\"https:\/\/twitter.com\/hashtag\/VacunaCOVID19?src=hashtag_click\" data-focusable=\"true\">#VacunaCOVID19<\/a><\/span><span class=\"css-901oao css-16my406 r-poiln3 r-bcqeeo r-qvutc0\"> estar\u00e1 a cargo de los equipos de salud en las mismas entidades y continuar\u00e1n a partir de la tarde de hoy martes 16.<\/span><\/p>\n<p><span class=\"css-901oao css-16my406 r-poiln3 r-bcqeeo r-qvutc0\">Docentes y personal sanitario ser\u00e1n convocados con turno previo a los centros de vacunaci\u00f3n designados tanto en Capital como en Interior <\/span><span class=\"r-18u37iz\"><a class=\"css-4rbku5 css-18t94o4 css-901oao css-16my406 r-1n1174f r-1loqt21 r-poiln3 r-bcqeeo r-qvutc0\" dir=\"ltr\" role=\"link\" href=\"https:\/\/twitter.com\/hashtag\/VacunaCOVID19?src=hashtag_click\" data-focusable=\"true\">#VacunaCOVID19<\/a><\/span><span class=\"css-901oao css-16my406 r-poiln3 r-bcqeeo r-qvutc0\">.<\/span><\/p>\n<p>En Capital, a partir de este mi\u00e9rcoles 17 de febrero, la vacuna se aplicar\u00e1 en el Centro de Convenciones Juan B. Bustos y en el<strong> Comedor Universitario de la UNC en el horario de 8 a 19 horas.<\/strong> En el interior, en los vacunatorios ya establecidos.<\/p>\n<p>El personal del equipo de salud que a\u00fan no se ha colocado la primera dosis, y el personal docente que haya sido notificado por el Ministerio de Educaci\u00f3n, podr\u00e1 gestionar un turno a trav\u00e9s del 0800-122-1444, opci\u00f3n 4, en el horario de 6 a 22; o bien v\u00eda web.<\/p>\n<div class=\"ubm_banner\"><a href=\"https:\/\/www.cba.gov.ar\/programa-provincial-de-entrega-de-computadoras\/\" target=\"_blank\" rel=\"dofollow noopener noreferrer\"><img src=\"http:\/\/hoycordobaweb.com\/wp-content\/uploads\/2021\/02\/este-miercoles-se-retoma-la-vacunacion-en-cordoba-con-casi-29-mil-dosis-mas-de-la-sputnik.gif\" alt=\"\"><\/a><\/div>\n<p>La entrada <a rel=\"nofollow\" href=\"https:\/\/ladecimaweb.com\/este-miercoles-se-retoma-la-vacunacion-en-cordoba-con-casi-29-mil-dosis-mas-de-la-sputnik\/\">Este mi\u00e9rcoles se retoma la vacunaci\u00f3n en C\u00f3rdoba con casi 29 mil dosis m\u00e1s de la Sputnik<\/a> se public\u00f3 primero en <a rel=\"nofollow\" href=\"https:\/\/ladecimaweb.com\">LaDecima<\/a>.<\/p>\n","protected":false},"excerpt":{"rendered":"<p>El Ministerio de Salud informa que recibi\u00f3 una nueva partida de 28.800 dosis del primer componente de la vacuna Sputnik V, enviada por el gobierno nacional, seg\u00fan la cuenta oficial de twitter de la Provincia.\u00a0 Para su aplicaci\u00f3n se continuar\u00e1 con los grupos de personas ya establecidos: equipo de salud de m\u00e1s de 60 a\u00f1os [&hellip;]<\/p>\n","protected":false},"author":1,"featured_media":12822,"comment_status":"closed","ping_status":"closed","sticky":false,"template":"","format":"standard","meta":[],"categories":[19],"tags":[],"_links":{"self":[{"href":"http:\/\/hoycordobaweb.com\/index.php\/wp-json\/wp\/v2\/posts\/12821"}],"collection":[{"href":"http:\/\/hoycordobaweb.com\/index.php\/wp-json\/wp\/v2\/posts"}],"about":[{"href":"http:\/\/hoycordobaweb.com\/index.php\/wp-json\/wp\/v2\/types\/post"}],"author":[{"embeddable":true,"href":"http:\/\/hoycordobaweb.com\/index.php\/wp-json\/wp\/v2\/users\/1"}],"replies":[{"embeddable":true,"href":"http:\/\/hoycordobaweb.com\/index.php\/wp-json\/wp\/v2\/comments?post=12821"}],"version-history":[{"count":0,"href":"http:\/\/hoycordobaweb.com\/index.php\/wp-json\/wp\/v2\/posts\/12821\/revisions"}],"wp:featuredmedia":[{"embeddable":true,"href":"http:\/\/hoycordobaweb.com\/index.php\/wp-json\/wp\/v2\/media\/12822"}],"wp:attachment":[{"href":"http:\/\/hoycordobaweb.com\/index.php\/wp-json\/wp\/v2\/media?parent=12821"}],"wp:term":[{"taxonomy":"category","embeddable":true,"href":"http:\/\/hoycordobaweb.com\/index.php\/wp-json\/wp\/v2\/categories?post=12821"},{"taxonomy":"post_tag","embeddable":true,"href":"http:\/\/hoycordobaweb.com\/index.php\/wp-json\/wp\/v2\/tags?post=12821"}],"curies":[{"name":"wp","href":"https:\/\/api.w.org\/{rel}","templated":true}]}}